
{"id":610,"date":"2011-04-13T11:43:16","date_gmt":"2011-04-13T10:43:16","guid":{"rendered":"http:\/\/narty.blog.polityka.pl\/?p=610"},"modified":"2011-04-13T12:00:56","modified_gmt":"2011-04-13T11:00:56","slug":"imprezy-na-koncowke","status":"publish","type":"post","link":"https:\/\/blog.polityka.pl\/narty\/2011\/04\/13\/imprezy-na-koncowke\/","title":{"rendered":"Imprezy na ko\u0144c\u00f3wk\u0119"},"content":{"rendered":"<p><a href=\"\/wp-content\/uploads\/\/2011\/04\/hochzeigercol2-youtube.jpg\"><\/a><a href=\"\/wp-content\/uploads\/\/2011\/04\/hannibalimages.jpg\"><\/a>Tradycj\u0105 sta\u0142o si\u0119 ju\u017c nie tylko huczne rozpoczynanie sezonu narciarsko-snowboardowego, ale i gromkie jego ko\u0144czenie.<\/p>\n<p>Przyk\u0142adem kilka imprez planowanych podczas najbli\u017cszych tygodni w nieodleg\u0142ym Tyrolu.<\/p>\n<p>I tak, w najbli\u017cszy weekend (a konkretnie 15 kwietnia wieczorem) w tyle\u017c pi\u0119knej, co gro\u017anej scenerii lodowca Rettenbach w S\u00f6lden, kolejny raz zainscenizowane zostanie s\u0142ynne wydarzenie sprzed wiek\u00f3w, a mianowicie przekroczenie Alp przez armi\u0119 Hannibala w drodze na Rzym. W rol\u0119 historycznych bohater\u00f3w wcieli\u0107 si\u0119 maj\u0105\u2026 ratraki,\u00a0 narciarze, spadochroniarze i akrobaci, a scenografi\u0119 \u2013 pr\u00f3cz okolicznych trzytysi\u0119cznik\u00f3w \u2013 tworzy\u0107 b\u0119d\u0105 specjalne efekty \u015bwietlne i filmowe.<\/p>\n<p><a href=\"\/wp-content\/uploads\/\/2011\/04\/hannibalimages.jpg\"><img loading=\"lazy\" decoding=\"async\" title=\"hannibalimages\" src=\"\/wp-content\/uploads\/\/2011\/04\/hannibalimages.jpg\" alt=\"\" width=\"143\" height=\"107\" \/><\/a>\u00a0<em>S\u0142onie armii Hannibala na Rettenbachgletscher w S\u00f6lden<\/em><\/p>\n<p>Kilka dni p\u00f3\u017aniej (mi\u0119dzy 29 kwietnia a 1 maja) na obu s\u00f6lde\u0144skich lodowcach odb\u0119dzie si\u0119 te\u017c ju\u017c zwyczajowy Maxxx Mountain Glacier Festiwal. W programie s\u0105 m.in. testy sprz\u0119tu, r\u00f3\u017cnorodne pokazy narciarskie i snowboardowe, konkursy dla go\u015bci oraz plenerowe koncerty \u2013 na scenie na Rettenbachgletscher zagraj\u0105 m.in. Groove Doctors, Achtung Babies i The Queen Kings.<\/p>\n<p>Z kolei niemal\u017ce za grani\u0105, bo w s\u0105siedniej dolinie Pitztal, 19 kwietnia b\u0119dzie mo\u017cna obejrze\u0107 pokazy nazywane \u201eFire &amp; Ice\u201d. B\u0119d\u0105 wi\u0119c pokazy sztucznych ogni, pokazy jazdy oraz parada ratrak\u00f3w (a i party w barze pod go\u0142ym niebem). Widowisko odb\u0119dzie si\u0119 przy \u015brodkowej stacji kolejki na Hochzeiger (na okolicznych stokach trenowa\u0142 m.in. najlepszy dzi\u015b austriacki alpejczyk Benjamin Reich).<\/p>\n<p><a href=\"\/wp-content\/uploads\/\/2011\/04\/hochzeigercol2-youtube.jpg\"><img loading=\"lazy\" decoding=\"async\" title=\"hochzeigercol2-youtube\" src=\"\/wp-content\/uploads\/\/2011\/04\/hochzeigercol2-youtube.jpg\" alt=\"\" width=\"235\" height=\"105\" \/><\/a>\u00a0<em>Fire &amp; Ice na stokach Hochzeiger 2010<\/em><\/p>\n<p>Na tzw. najm\u0142odszym tyrolskim lodowcu, czyli Kaunertal koniec sezonu wie\u015bci impreza pod nazw\u0105 Kaunertal Spring Classic. W tym roku potrwa ona od 16 kwietnia do 22 maja, a w planach s\u0105 \u2013 ju\u017c tradycyjnie \u2013 rozmaite konkursy dla snowboardzist\u00f3w i freestyle\u2019owc\u00f3w (m.in. maj\u0105ce ju\u017c w \u015brodowisku swoj\u0105 mark\u0119 Hidden Kicker Session i Freeski &amp; Snowboard Contest), testy nart i desek wyprodukowanych na sezon 2011\/12 oraz, naturalnie, Spring Classics Party.<\/p>\n<p>Muzycznie \u2013 jak zwykle &#8211; ko\u0144czy\u0107 chce sezon tak\u017ce modny kurort Ischgl. Koncerty W ramach maj\u0105cego ju\u017c kilkuletni\u0105 histori\u0119 cyklu Top Of the Mountain 30 kwietnia zagra ameryka\u0144ska grupa indie The Killers (sezon zacz\u0105\u0142 si\u0119 od koncertu innej s\u0142awy ameryka\u0144skiego indie rocka, grupy Gossip, a w minionych latach w Ischgl wyst\u0119powali m.in. Elton John, Bob Dylan, Alicia Keys oraz\u2026 Rihanna, kt\u00f3rej koncert sam mog\u0142em obejrze\u0107&#8230;).<\/p>\n<p>A \u017ce pono\u0107 w Tyrolu spad\u0142 w\u0142a\u015bnie \u015bnieg (pisze o tym Tomasz w komentarzu pod poprzedni\u0105 not\u0105), wi\u0119c pr\u00f3cz wszystkich tych imprez mo\u017cna tam jeszcze \u2013 co najwa\u017cniejsze \u2013 poje\u017adzi\u0107.<\/p>\n","protected":false},"excerpt":{"rendered":"<p>Tradycj\u0105 sta\u0142o si\u0119 ju\u017c nie tylko huczne rozpoczynanie sezonu narciarsko-snowboardowego, ale i gromkie jego ko\u0144czenie. Przyk\u0142adem kilka imprez planowanych podczas najbli\u017cszych tygodni w nieodleg\u0142ym Tyrolu. I tak, w najbli\u017cszy weekend (a konkretnie 15 kwietnia wieczorem) w tyle\u017c pi\u0119knej, co gro\u017anej scenerii lodowca Rettenbach w S\u00f6lden, kolejny raz zainscenizowane zostanie s\u0142ynne wydarzenie sprzed wiek\u00f3w, a mianowicie [&hellip;]<\/p>\n","protected":false},"author":1,"featured_media":0,"comment_status":"open","ping_status":"open","sticky":false,"template":"","format":"standard","meta":{"footnotes":""},"categories":[1],"tags":[],"_links":{"self":[{"href":"https:\/\/blog.polityka.pl\/narty\/wp-json\/wp\/v2\/posts\/610"}],"collection":[{"href":"https:\/\/blog.polityka.pl\/narty\/wp-json\/wp\/v2\/posts"}],"about":[{"href":"https:\/\/blog.polityka.pl\/narty\/wp-json\/wp\/v2\/types\/post"}],"author":[{"embeddable":true,"href":"https:\/\/blog.polityka.pl\/narty\/wp-json\/wp\/v2\/users\/1"}],"replies":[{"embeddable":true,"href":"https:\/\/blog.polityka.pl\/narty\/wp-json\/wp\/v2\/comments?post=610"}],"version-history":[{"count":7,"href":"https:\/\/blog.polityka.pl\/narty\/wp-json\/wp\/v2\/posts\/610\/revisions"}],"predecessor-version":[{"id":619,"href":"https:\/\/blog.polityka.pl\/narty\/wp-json\/wp\/v2\/posts\/610\/revisions\/619"}],"wp:attachment":[{"href":"https:\/\/blog.polityka.pl\/narty\/wp-json\/wp\/v2\/media?parent=610"}],"wp:term":[{"taxonomy":"category","embeddable":true,"href":"https:\/\/blog.polityka.pl\/narty\/wp-json\/wp\/v2\/categories?post=610"},{"taxonomy":"post_tag","embeddable":true,"href":"https:\/\/blog.polityka.pl\/narty\/wp-json\/wp\/v2\/tags?post=610"}],"curies":[{"name":"wp","href":"https:\/\/api.w.org\/{rel}","templated":true}]}}