
{"id":620,"date":"2011-04-21T09:03:24","date_gmt":"2011-04-21T08:03:24","guid":{"rendered":"http:\/\/narty.blog.polityka.pl\/?p=620"},"modified":"2011-04-21T12:02:51","modified_gmt":"2011-04-21T11:02:51","slug":"francuzi-sa-przerazeni-amerykanie-tez%e2%80%a6","status":"publish","type":"post","link":"https:\/\/blog.polityka.pl\/narty\/2011\/04\/21\/francuzi-sa-przerazeni-amerykanie-tez%e2%80%a6\/","title":{"rendered":"Francuzi s\u0105 przera\u017ceni. Amerykanie te\u017c\u2026"},"content":{"rendered":"<p>\u00a0Od kiedy analizujemy grubo\u015b\u0107 pokrywy \u015bniegu, jeszcze nigdy nie by\u0142o tak \u017ale \u2013 alarmuj\u0105 francuskie s\u0142u\u017cby meteorologiczne. Nie tylko ogranicza to teraz mo\u017cliwo\u015bci uprawiania wiosennego narciarstwa czy snowboardingu, ale wp\u0142ynie na warunki w nast\u0119pnych sezonach.<\/p>\n<p>Wedle Meteo France (podaj\u0119 za portalem <a href=\"http:\/\/pistehors.com\/news\/ski\/comments\/1016-worst-snow-in-living-memory-according-to-meteo-france\/\" target=\"_blank\">Pistehors<\/a>) grubo\u015b\u0107 pokrywy \u015bniegu w tamtejszych Alpach jest obecnie od 40 do 80 proc. mniejsza w por\u00f3wnaniu do \u015bredniej kwietnia w minionych dziesi\u0119cioleciach. Na zboczach p\u00f3\u0142nocnych mo\u017cna je\u017adzi\u0107 jedynie powy\u017cej 1700 m n.p.m., na po\u0142udniowych za\u015b, by znale\u017a\u0107 \u015bnieg trzeba wspi\u0105\u0107 si\u0119 a\u017c na ok. 2300 m n.p.m. Dane te dotycz\u0105 oczywi\u015bcie stok\u00f3w ze \u015bniegiem naturalnym, ale gorzej ni\u017c zwykle jest te\u017c na sztucznie do\u015bnie\u017canych nartostradach.<\/p>\n<p><a href=\"\/wp-content\/uploads\/\/2011\/04\/alpy-fraDSCF3510.jpg\"><img loading=\"lazy\" decoding=\"async\" title=\"alpy fraDSCF3510\" src=\"\/wp-content\/uploads\/\/2011\/04\/alpy-fraDSCF3510-300x225.jpg\" alt=\"\" width=\"300\" height=\"225\" \/><\/a>\u00a0<em>Alpy francuskie w kwietniu 2011 (fot. Pistehors)<\/em><\/p>\n<p>Przyczyn\u0105 s\u0105 natural<a href=\"\/wp-content\/uploads\/\/2011\/04\/alpy-fraDSCF3510.jpg\"><\/a>nie rekordowo wysokie temperatury. Ot cho\u0107by, 9 kwietnia w po\u0142o\u017conym na wysoko\u015bci 1050 m n.p.m. Chamonix zanotowano 26.4\u00b0 Celsjusza \u2013 co oznacza, \u017ce by\u0142 to tam najgor\u0119tszy kwietniowym dzie\u0144 od 1951 r. Podobnie by\u0142o w Bourg St Maurice, le\u017c\u0105cym na wysoko\u015bci 870 m n.p.m. w okolicy tak popularnych stacji, jak Val d\u2019Isere, Tignes, Les Arcs i La Plagne \u2013 temperatura si\u0119gn\u0119\u0142a tam niemal 29\u00b0 C, a izoterma O\u00b0 C znajdowa\u0142a si\u0119 dopiero powy\u017cej 4000 m n.p.m. Z kolei \u015brednia temperatura pierwszych dziesi\u0119ciu dni kwietnia mierzona w Centrum Badawczym \u015aniegu na the Col de Porte (wysoko\u015b\u0107 1325 m n.p.m.) w Chartreuse by\u0142a najwy\u017csza od 1961 roku.<\/p>\n<p>Nieco bli\u017csze normy warunki notowano w Alpach Po\u0142udniowych, ale i tam grubo\u015b\u0107 pokrywy \u015bniegu wynosi teraz od 40 do 60 proc. ni\u017c zwykle. W po\u0142o\u017conym w Pirenejach obserwatorium na Pic du Midi de Bigorre (2900 m n.p.m.) pocz\u0105tek kwietnia by\u0142 najgor\u0119tszy od\u2026 1882 r. W efekcie praktycznie nie ma tam \u015bladu \u015bniegu poni\u017cej 1900 m n.p.m. A i wy\u017cej grubo\u015b\u0107 pokrywy jest najni\u017csza od ok. dwudziestu lat. Tylko we wschodniej cz\u0119\u015b\u0107 pasma sytuacj\u0119 poprawi\u0142a nieco fala opad\u00f3w w marcu.<\/p>\n<p>Rekordy ciep\u0142a we francuskich Alpach bite by\u0142y zreszt\u0105 tak\u017ce w styczniu i lutym.<\/p>\n<p>Oczywi\u015bcie, wysokie temperatury i cienka pokrywa \u015bniegu musz\u0105 wp\u0142yn\u0105\u0107 negatywnie na kondycj\u0119 alpejskich lodowc\u00f3w \u2013 i to pomimo coraz bardziej wymy\u015blnych pomys\u0142\u00f3w maj\u0105cych ogranicza\u0107 ich topnienie (sk\u0105din\u0105d to temat na osobn\u0105 opowie\u015b\u0107). Jedynym bodaj pozytywem sytuacji jest to, \u017ce wcze\u015bniej mo\u017ce ruszy\u0107 akcja sprz\u0105tania g\u00f3r po sezonie zimowym.<\/p>\n<p>\u017badnym pocieszeniem nie jest te\u017c to, \u017ce k\u0142opoty na \u015bniegiem w ko\u0144cz\u0105cym si\u0119 dotkn\u0119\u0142y nie tylko Alp czy Tatr. Okazuje si\u0119 bowiem, \u017ce tak\u017ce na Alasce zima 2010\/2011 by\u0142a \u2013 pod wzgl\u0119dem ilo\u015bci \u015bniegu \u2013najgorszy od 1939 roku. Jak opowiada naczelny <a href=\"http:\/\/www.ntn.pl\/\" target=\"_blank\">&#8222;NTN Snow &amp; More Magazine\u201d<\/a> Tomek Kurdziel, kt\u00f3ry mia\u0142 w\u0142a\u015bnie szcz\u0119\u015bcie skosztowa\u0107 tam heliskiingu, miejscowi narzekaj\u0105, \u017ce w tym roku spad\u0142o \u201ezaledwie\u201d sze\u015b\u0107 metr\u00f3w zamiast spodziewanych i \u201enormalnych\u201d dwudziestu\u2026<\/p>\n","protected":false},"excerpt":{"rendered":"<p>\u00a0Od kiedy analizujemy grubo\u015b\u0107 pokrywy \u015bniegu, jeszcze nigdy nie by\u0142o tak \u017ale \u2013 alarmuj\u0105 francuskie s\u0142u\u017cby meteorologiczne. Nie tylko ogranicza to teraz mo\u017cliwo\u015bci uprawiania wiosennego narciarstwa czy snowboardingu, ale wp\u0142ynie na warunki w nast\u0119pnych sezonach. Wedle Meteo France (podaj\u0119 za portalem Pistehors) grubo\u015b\u0107 pokrywy \u015bniegu w tamtejszych Alpach jest obecnie od 40 do 80 proc. [&hellip;]<\/p>\n","protected":false},"author":1,"featured_media":0,"comment_status":"open","ping_status":"open","sticky":false,"template":"","format":"standard","meta":{"footnotes":""},"categories":[1],"tags":[],"_links":{"self":[{"href":"https:\/\/blog.polityka.pl\/narty\/wp-json\/wp\/v2\/posts\/620"}],"collection":[{"href":"https:\/\/blog.polityka.pl\/narty\/wp-json\/wp\/v2\/posts"}],"about":[{"href":"https:\/\/blog.polityka.pl\/narty\/wp-json\/wp\/v2\/types\/post"}],"author":[{"embeddable":true,"href":"https:\/\/blog.polityka.pl\/narty\/wp-json\/wp\/v2\/users\/1"}],"replies":[{"embeddable":true,"href":"https:\/\/blog.polityka.pl\/narty\/wp-json\/wp\/v2\/comments?post=620"}],"version-history":[{"count":10,"href":"https:\/\/blog.polityka.pl\/narty\/wp-json\/wp\/v2\/posts\/620\/revisions"}],"predecessor-version":[{"id":632,"href":"https:\/\/blog.polityka.pl\/narty\/wp-json\/wp\/v2\/posts\/620\/revisions\/632"}],"wp:attachment":[{"href":"https:\/\/blog.polityka.pl\/narty\/wp-json\/wp\/v2\/media?parent=620"}],"wp:term":[{"taxonomy":"category","embeddable":true,"href":"https:\/\/blog.polityka.pl\/narty\/wp-json\/wp\/v2\/categories?post=620"},{"taxonomy":"post_tag","embeddable":true,"href":"https:\/\/blog.polityka.pl\/narty\/wp-json\/wp\/v2\/tags?post=620"}],"curies":[{"name":"wp","href":"https:\/\/api.w.org\/{rel}","templated":true}]}}