
{"id":6294,"date":"2020-03-03T17:06:45","date_gmt":"2020-03-03T16:06:45","guid":{"rendered":"http:\/\/narty.blog.polityka.pl\/?p=6294"},"modified":"2021-12-15T12:39:25","modified_gmt":"2021-12-15T11:39:25","slug":"legendy-nie-panikuja","status":"publish","type":"post","link":"https:\/\/blog.polityka.pl\/narty\/2020\/03\/03\/legendy-nie-panikuja\/","title":{"rendered":"Legendy nie panikuj\u0105"},"content":{"rendered":"\n<p>Ingemar Stenmark, najwi\u0119kszy bodaj w dziejach narciarstwa spec od slalomu, na miejsce rodzinnych wakacji wybra\u0142 \u2013 nie bacz\u0105c na nastroje wywo\u0142ane atakiem koronawirusa \u2013  kurort Madonna di Campiglio we w\u0142oskim regionie Trentino. Spotka\u0142 si\u0119 tam z inn\u0105 legend\u0105 swojej dyscypliny \u2013 Alberto Tomb\u0105.<\/p>\n\n\n\n<!--more-->\n\n\n\n<p>Stenmark postanowi\u0142 sp\u0119dzi\u0107 w Madonnie ostatni tydzie\u0144 karnawa\u0142u. S\u0142yn\u0105cy ze skromno\u015bci mistrz pojawi\u0107 si\u0119 tam mia\u0142 w ramach zwyk\u0142ego turystycznego wyjazdu, zorganizowanego przez jedno ze szwedzkich biur podr\u00f3\u017cy. By\u0142a to jego pierwsza wizyta we W\u0142oszech od przej\u015bcia na sportow\u0105 emerytur\u0119 \u2013 a przecie\u017c to w\u0142a\u015bnie na b\u0119d\u0105cym wizyt\u00f3wk\u0105 Madonny stoku Canalone Miramonti&nbsp;17 grudnia 1974 r. pierwszy raz wygra\u0142 zawody alpejskiego Pucharu \u015awiata, potem za\u015b triumfowa\u0142 jeszcze siedmiokrotnie. W\u0142a\u015bnie w Madonnie odni\u00f3s\u0142 najwi\u0119cej zwyci\u0119stw w karierze (pi\u0119\u0107 w slalomie, trzy w gigancie).<\/p>\n\n\n\n<figure class=\"wp-block-image\"><img loading=\"lazy\" decoding=\"async\" width=\"1024\" height=\"663\" src=\"\/wp-content\/uploads\/\/2020\/03\/aad3a2e9-69b2-437d-80bd-073d86582bcd-1024x663.jpg\" alt=\"\" class=\"wp-image-6298\" srcset=\"\/narty\/wp-content\/uploads\/2020\/03\/aad3a2e9-69b2-437d-80bd-073d86582bcd-1024x663.jpg 1024w, \/narty\/wp-content\/uploads\/2020\/03\/aad3a2e9-69b2-437d-80bd-073d86582bcd-300x194.jpg 300w, \/narty\/wp-content\/uploads\/2020\/03\/aad3a2e9-69b2-437d-80bd-073d86582bcd-768x498.jpg 768w, \/narty\/wp-content\/uploads\/2020\/03\/aad3a2e9-69b2-437d-80bd-073d86582bcd.jpg 1502w\" sizes=\"(max-width: 1024px) 100vw, 1024px\" \/><figcaption> fot. Foto Bisti\/ 3Tre Madonna di Campiglio Press Office<\/figcaption><\/figure>\n\n\n\n<p>W hotelu Savoia, gdzie kwaterowa\u0142, pojawili si\u0119 z powitaln\u0105 wizyt\u0105 miejscowi oficjele \u2013 samorz\u0105dowcy oraz przedstawiciele kolei linowych stacji i organizator\u00f3w 3Tre, czyli nocnego slalomu na Canalone Miramonti (o historii i pozycji tych zawod\u00f3w w Pucharze \u015awiata pisa\u0142em <a href=\"https:\/\/narty.blog.polityka.pl\/2020\/01\/30\/madonna-i-jej-slalom\/\">tutaj<\/a> w styczniu, jako \u017ce mia\u0142em okazj\u0119 ogl\u0105da\u0107 tegoroczn\u0105 edycj\u0119).<\/p>\n\n\n\n<p>Stenmark pokona\u0142 te\u017c oczywi\u015bcie Canalone Miramonti. By zado\u015b\u0107uczyni\u0107 symbolice, zjazd rozpocz\u0105\u0142 z budki startowej slalomu.<\/p>\n\n\n\n<figure class=\"wp-block-image\"><img loading=\"lazy\" decoding=\"async\" width=\"1024\" height=\"741\" src=\"\/wp-content\/uploads\/\/2020\/03\/stenmark-1024x741.jpg\" alt=\"\" class=\"wp-image-6296\" srcset=\"\/narty\/wp-content\/uploads\/2020\/03\/stenmark-1024x741.jpg 1024w, \/narty\/wp-content\/uploads\/2020\/03\/stenmark-300x217.jpg 300w, \/narty\/wp-content\/uploads\/2020\/03\/stenmark-768x556.jpg 768w, \/narty\/wp-content\/uploads\/2020\/03\/stenmark.jpg 1285w\" sizes=\"(max-width: 1024px) 100vw, 1024px\" \/><figcaption>fot. Foto Bisti\/ 3Tre Madonna di Campiglio Press Office<\/figcaption><\/figure>\n\n\n\n<p>Na dole \u017cartowa\u0142, \u017ce od ostatniego czasu nachylenie stoku wyra\u017anie si\u0119 zwi\u0119kszy\u0142o. \u201eTeraz jest tu dla mnie ju\u017c za stromo i zbyt twardo\u201d \u2013 ocenia\u0142 z szelmowskim pono\u0107 u\u015bmiechem. \u015awiadkowie m\u00f3wi\u0105, \u017ce podczas kolejnych przejazd\u00f3w zdarza\u0142o mu si\u0119 zatrzymywa\u0107 w r\u00f3\u017cnych punktach trasy i w wyra\u017anej zadumie uwa\u017cniej je ogl\u0105da\u0107.<\/p>\n\n\n\n<figure class=\"wp-block-image\"><img loading=\"lazy\" decoding=\"async\" width=\"1024\" height=\"682\" src=\"\/wp-content\/uploads\/\/2020\/03\/BI903766-1024x682.jpg\" alt=\"\" class=\"wp-image-6297\" srcset=\"\/narty\/wp-content\/uploads\/2020\/03\/BI903766-1024x682.jpg 1024w, \/narty\/wp-content\/uploads\/2020\/03\/BI903766-300x200.jpg 300w, \/narty\/wp-content\/uploads\/2020\/03\/BI903766-768x512.jpg 768w, \/narty\/wp-content\/uploads\/2020\/03\/BI903766.jpg 1920w\" sizes=\"(max-width: 1024px) 100vw, 1024px\" \/><figcaption>Szef 3Tre Lorenzo Conci i Ingemar Stenmark na trasie Canalone Miramonti. Fot. Foto Bisti\/ 3Tre Madonna di Campiglio Press Office<\/figcaption><\/figure>\n\n\n\n<p>Szwedzki go\u015b\u0107 zwiedzi\u0142 r\u00f3wnie\u017c inne miejsca Skiarea Campiglio Dolomiti di Brenta \u2013 pocz\u0105wszy od Folgarida Marilleva po Pinzolo. Miejscowi twierdz\u0105, \u017ce z uznaniem komentowa\u0142 zar\u00f3wno wytyczone w ostatnich dekadach trasy, jak i wci\u0105\u017c powi\u0119kszaj\u0105c\u0105 si\u0119 sie\u0107 obs\u0142uguj\u0105cych je kolejek.<\/p>\n\n\n\n<p>W trakcie pobytu Stenmarka dosz\u0142o na dodatek do narciarskiego spotkania na szczycie \u2013 w Madonnie zjawi\u0142 si\u0119 bowiem r\u00f3wnie\u017c inny wielki slalomu, tym razem z nast\u0119pnej dekady, bo prze\u0142omu lat 80. i 90., Alberto Tomba. On te\u017c wygrywa\u0142 w Madonnie (1987, 1988 i&nbsp;1995).<\/p>\n\n\n\n<p>Panowie spotkali si\u0119 podczas uroczysto\u015bci wr\u0119czenia Stenmarkowi presti\u017cowego swetra Maglia Fulmine,&nbsp;kt\u00f3ry przys\u0142uguje jedynie tym alpejczykom, kt\u00f3rym uda\u0142o si\u0119 zwyci\u0119\u017cy\u0107 3Tre.<\/p>\n\n\n\n<figure class=\"wp-block-image\"><img loading=\"lazy\" decoding=\"async\" width=\"1019\" height=\"853\" src=\"\/wp-content\/uploads\/\/2020\/03\/stemnark-2.jpg\" alt=\"\" class=\"wp-image-6295\" srcset=\"\/narty\/wp-content\/uploads\/2020\/03\/stemnark-2.jpg 1019w, \/narty\/wp-content\/uploads\/2020\/03\/stemnark-2-300x251.jpg 300w, \/narty\/wp-content\/uploads\/2020\/03\/stemnark-2-768x643.jpg 768w\" sizes=\"(max-width: 1019px) 100vw, 1019px\" \/><figcaption>Alberto Tomba i Ingemark Stenmark. Fot. Foto Bisti\/ 3Tre Madonna di Campiglio Press Office<\/figcaption><\/figure>\n\n\n\n<p>Co wi\u0119cej, Stenmark i Tomba zadzwonili wtedy wsp\u00f3lnie z \u017cyczeniami do kolejnego alpejskiego giganta (a swego czasu rywala Szweda) i triumfatora 3Tre \u2013 Gustavo Thoeniego, jako \u017ce obchodzi\u0142 w\u0142a\u015bnie 69. urodziny.<\/p>\n\n\n\n<p>PS Jasne, mo\u017cna w\u0119szy\u0107 we wszystkim jedynie cyniczne przedsi\u0119wzi\u0119cie piarowskie, s\u0142u\u017c\u0105ce wykazaniu \u015bwiatu, \u017ce mimo epidemii gro\u017anej choroby nie nale\u017cy zmienia\u0107 urlopowych plan\u00f3w. Czy\u017c jednak spotkanie takie nie \u015bwiadczy w\u0142a\u015bnie o harcie ducha starych Mistrz\u00f3w i ich zdrowym podej\u015bciu do najtrudniejszych nawet problem\u00f3w? Zw\u0142aszcza \u017ce w Madonnie wdro\u017cono ju\u017c \u2013 na tyle, na ile to mo\u017cliwe \u2013 \u015brodki ograniczaj\u0105ce zagro\u017cenie wirusem (ograniczenie liczby pasa\u017cer\u00f3w w gondolkach, rygory w toaletach itp.).<\/p>\n\n\n\n<p>PS II Ciekaw\u0105 rozmow\u0119 z Ingemarem Stenmarkiem (autorstwa Tomasza Osuchowskiego) oraz tekst przypominaj\u0105cy jego sukcesy mo\u017cna znale\u017a\u0107 na portalu &#8222;<a rel=\"noreferrer noopener\" aria-label=\"Ski Magazynu (opens in a new tab)\" href=\"https:\/\/skimagazyn.pl\/2019\/12\/03\/narciarstwo-czyli-technika-serce-i-koncentracja\/\" target=\"_blank\">Ski Magazynu<\/a>&#8222;.<\/p>\n","protected":false},"excerpt":{"rendered":"<p>Ingemar Stenmark, najwi\u0119kszy bodaj w dziejach narciarstwa spec od slalomu, na miejsce rodzinnych wakacji wybra\u0142 \u2013 nie bacz\u0105c na nastroje wywo\u0142ane atakiem koronawirusa \u2013 kurort Madonna di Campiglio we w\u0142oskim regionie Trentino. Spotka\u0142 si\u0119 tam z inn\u0105 legend\u0105 swojej dyscypliny \u2013 Alberto Tomb\u0105.<\/p>\n","protected":false},"author":1,"featured_media":0,"comment_status":"open","ping_status":"closed","sticky":false,"template":"","format":"standard","meta":{"footnotes":""},"categories":[1],"tags":[],"_links":{"self":[{"href":"https:\/\/blog.polityka.pl\/narty\/wp-json\/wp\/v2\/posts\/6294"}],"collection":[{"href":"https:\/\/blog.polityka.pl\/narty\/wp-json\/wp\/v2\/posts"}],"about":[{"href":"https:\/\/blog.polityka.pl\/narty\/wp-json\/wp\/v2\/types\/post"}],"author":[{"embeddable":true,"href":"https:\/\/blog.polityka.pl\/narty\/wp-json\/wp\/v2\/users\/1"}],"replies":[{"embeddable":true,"href":"https:\/\/blog.polityka.pl\/narty\/wp-json\/wp\/v2\/comments?post=6294"}],"version-history":[{"count":7,"href":"https:\/\/blog.polityka.pl\/narty\/wp-json\/wp\/v2\/posts\/6294\/revisions"}],"predecessor-version":[{"id":6792,"href":"https:\/\/blog.polityka.pl\/narty\/wp-json\/wp\/v2\/posts\/6294\/revisions\/6792"}],"wp:attachment":[{"href":"https:\/\/blog.polityka.pl\/narty\/wp-json\/wp\/v2\/media?parent=6294"}],"wp:term":[{"taxonomy":"category","embeddable":true,"href":"https:\/\/blog.polityka.pl\/narty\/wp-json\/wp\/v2\/categories?post=6294"},{"taxonomy":"post_tag","embeddable":true,"href":"https:\/\/blog.polityka.pl\/narty\/wp-json\/wp\/v2\/tags?post=6294"}],"curies":[{"name":"wp","href":"https:\/\/api.w.org\/{rel}","templated":true}]}}