
{"id":633,"date":"2011-04-25T11:07:19","date_gmt":"2011-04-25T10:07:19","guid":{"rendered":"http:\/\/narty.blog.polityka.pl\/?p=633"},"modified":"2011-04-25T11:08:11","modified_gmt":"2011-04-25T10:08:11","slug":"zaniepokojeni-tez-szwajcarzy","status":"publish","type":"post","link":"https:\/\/blog.polityka.pl\/narty\/2011\/04\/25\/zaniepokojeni-tez-szwajcarzy\/","title":{"rendered":"Zaniepokojeni te\u017c Szwajcarzy"},"content":{"rendered":"<p>W ko\u0144cz\u0105cym si\u0119 sezonie \u015brednia grubo\u015b\u0107 pokrywy \u015bniegu by\u0142a nadzwyczaj kiepska tak\u017ce w szwajcarskiej cz\u0119\u015bci Alp.<\/p>\n<p>W niekt\u00f3rych kurortach zimowych tak marnych warunk\u00f3w nie by\u0142o od\u2026 60 lat \u2013 alarmuj\u0105 tamtejsi specjali\u015bci od pogody. Pracownicy kilku obserwatori\u00f3w meteorologicznych\u00a0 (m.in. w Andermatt, Arosa, Grimsel, Hasliberg, Ulrichen i Weissfluhjoch) twierdz\u0105, \u017ce tak cienkiej pokrywy \u015bniegu nie notowali od czasu, kiedy rozpocz\u0119to jej pomiary!<\/p>\n<p>Nic dziwnego, \u017ce obecnie w najwy\u017cszych partiach Alp szwajcarskich (czyli powy\u017cej 2000 m n.p.m.) grubo\u015b\u0107 pokrywy \u015bniegu wynosi ledwie 50 proc. \u015bredniej notowanej pod koniec kwietnia w minionych dziesi\u0119cioleciach. Na wysoko\u015bci pomi\u0119dzy 1000 a 2000 m n.p.m. jest jeszcze gorzej \u2013 jest tam tylko 25 proc. zwyczajowej ilo\u015bci \u015bniegu.<\/p>\n<p>Jak zauwa\u017caj\u0105 analitycy portalu <a href=\"http:\/\/pistehors.com\" target=\"_blank\">Pistehors<\/a>, dziwi to tym bardziej, \u017ce zima 2010\/2011 zacz\u0119\u0142a si\u0119 w Alpach stosunkowo wcze\u015bnie: partie g\u00f3r powy\u017cej 2000 m n.p.m. \u015bnieg pokry\u0142 ju\u017c na pocz\u0105tku pa\u017adziernika. Na dodatek w pa\u017adzierniku i listopadzie zw\u0142aszcza w po\u0142udniowej cz\u0119\u015bci Alp notowano spore opady, a w grudniu cz\u0119sto pada\u0142o tak\u017ce na ni\u017cszych wysoko\u015bciach. W efekcie w okolicy \u015bwi\u0105t Bo\u017cego Narodzenia w Alpach szwajcarskich \u015bniegu by\u0142o tam nawet wi\u0119cej ni\u017c w wynosi \u015brednia z analogicznego okresu minionych lat.<\/p>\n<p>Pisa\u0142em tu ju\u017c o podobnych k\u0142opotach we Francji i na Alasce (<a href=\"http:\/\/narty.blog.polityka.pl\/\" target=\"_blank\">&#8222;Francuzi s\u0105 przera\u017ceni. Amerykanie te\u017c&#8230;&#8221;, <\/a>21 kwietnia 2011 r.). Tyle \u017ce Polscy mi\u0142o\u015bnicy nart i deski w Szwajcarii mogli narzeka\u0107 r\u00f3wnie\u017c na wysoki kurs franka\u2026\u00a0<\/p>\n<p>Lecz mo\u017ce w przysz\u0142ym sezonie b\u0119dzie lepiej? Oby i ze \u015bniegiem, i z kursem!<\/p>\n","protected":false},"excerpt":{"rendered":"<p>W ko\u0144cz\u0105cym si\u0119 sezonie \u015brednia grubo\u015b\u0107 pokrywy \u015bniegu by\u0142a nadzwyczaj kiepska tak\u017ce w szwajcarskiej cz\u0119\u015bci Alp. W niekt\u00f3rych kurortach zimowych tak marnych warunk\u00f3w nie by\u0142o od\u2026 60 lat \u2013 alarmuj\u0105 tamtejsi specjali\u015bci od pogody. Pracownicy kilku obserwatori\u00f3w meteorologicznych\u00a0 (m.in. w Andermatt, Arosa, Grimsel, Hasliberg, Ulrichen i Weissfluhjoch) twierdz\u0105, \u017ce tak cienkiej pokrywy \u015bniegu nie notowali [&hellip;]<\/p>\n","protected":false},"author":1,"featured_media":0,"comment_status":"open","ping_status":"open","sticky":false,"template":"","format":"standard","meta":{"footnotes":""},"categories":[1],"tags":[],"_links":{"self":[{"href":"https:\/\/blog.polityka.pl\/narty\/wp-json\/wp\/v2\/posts\/633"}],"collection":[{"href":"https:\/\/blog.polityka.pl\/narty\/wp-json\/wp\/v2\/posts"}],"about":[{"href":"https:\/\/blog.polityka.pl\/narty\/wp-json\/wp\/v2\/types\/post"}],"author":[{"embeddable":true,"href":"https:\/\/blog.polityka.pl\/narty\/wp-json\/wp\/v2\/users\/1"}],"replies":[{"embeddable":true,"href":"https:\/\/blog.polityka.pl\/narty\/wp-json\/wp\/v2\/comments?post=633"}],"version-history":[{"count":3,"href":"https:\/\/blog.polityka.pl\/narty\/wp-json\/wp\/v2\/posts\/633\/revisions"}],"predecessor-version":[{"id":636,"href":"https:\/\/blog.polityka.pl\/narty\/wp-json\/wp\/v2\/posts\/633\/revisions\/636"}],"wp:attachment":[{"href":"https:\/\/blog.polityka.pl\/narty\/wp-json\/wp\/v2\/media?parent=633"}],"wp:term":[{"taxonomy":"category","embeddable":true,"href":"https:\/\/blog.polityka.pl\/narty\/wp-json\/wp\/v2\/categories?post=633"},{"taxonomy":"post_tag","embeddable":true,"href":"https:\/\/blog.polityka.pl\/narty\/wp-json\/wp\/v2\/tags?post=633"}],"curies":[{"name":"wp","href":"https:\/\/api.w.org\/{rel}","templated":true}]}}