
{"id":637,"date":"2011-04-28T10:30:30","date_gmt":"2011-04-28T09:30:30","guid":{"rendered":"http:\/\/narty.blog.polityka.pl\/?p=637"},"modified":"2011-04-28T10:30:30","modified_gmt":"2011-04-28T09:30:30","slug":"a-moze-rzutem-na-tasme%e2%80%a6","status":"publish","type":"post","link":"https:\/\/blog.polityka.pl\/narty\/2011\/04\/28\/a-moze-rzutem-na-tasme%e2%80%a6\/","title":{"rendered":"A mo\u017ce rzutem na ta\u015bm\u0119\u2026"},"content":{"rendered":"<p>zaliczy\u0107 jeszcze kilka dni na nartach?<\/p>\n<p>Owszem, tzw. d\u0142ugi weekend jest w tym roku kr\u00f3tszy ni\u017c zwykle, a na dodatek niekt\u00f3re stacje zimowe musia\u0142y \u2013 z racji niedostatku \u015bniegu \u2013 wcze\u015bniej ni\u017c planowa\u0142y zako\u0144czy\u0107 sezon. Ale jest jeszcze par\u0119 miejsc w Alpach, gdzie wyci\u0105gi dzia\u0142aj\u0105 w najlepsze. I gdzie nadal jest \u015bnieg!<\/p>\n<p>Najbli\u017cej jest do Tyrolu. A tam cho\u0107by do 1 maja czynne s\u0105 wyci\u0105gi w przepi\u0119knej i zacisznej stacji Obergurgl\/Hochgurgl na kra\u0144cu doliny \u00d6tztal. Oczywi\u015bcie mo\u017cna te\u017c zrobi\u0107 sobie przystanek 16 km wcze\u015bniej, czyli w S\u00f6lden i spr\u00f3bowa\u0107 jazdy na dw\u00f3ch g\u00f3ruj\u0105cych nad tym miasteczkiem lodowcach Rettenbach i Tiefenbach \u2013 zw\u0142aszcza, \u017ce tamtejsze kolejki czynne b\u0119d\u0105 d\u0142u\u017cej.<\/p>\n<p>Wci\u0105\u017c czynne s\u0105 zreszt\u0105 tak\u017ce pozosta\u0142e tyrolskie lodowce.<\/p>\n<p>I tak, do 8 maja mo\u017cna je\u017adzi\u0107 na Pitztaler Gletscher. Z kolei do 16 czerwca potrwa sezon na Kaunertal. Wi\u0119cej, do 22 maja odbywa si\u0119 tam Kaunertal Spring Classic, czyli cykl imprez przeznaczonych g\u0142\u00f3wnie dla zwolennik\u00f3w freestyle\u2019u \u00a0(nie bez powodu Kaunertal nazywany bywa najm\u0142odszym \u2013 tak\u017ce je\u015bli chodzi o go\u015bci \u2013 z tyrolskich lodowc\u00f3w). S\u0105 wi\u0119c testy sprz\u0119tu, rozmaite zawody i pokazy (tzw. Hidden Kicker Session oraz Freeski &amp; Snowboard Contest) i \u2013 \u00a0oczywi\u015bcie \u2013 Spring Classics Party.<\/p>\n<p>R\u00f3wnie\u017c Stubaier Gletscher, czyli najwi\u0119kszy \u2013 pod wzgl\u0119dem powierzchni udost\u0119pnionej narciarzom i snowboardzistom \u2013 teren lodowcowy w Austrii, w\u0142a\u015bnie na nadchodz\u0105ce tygodnie przygotowa\u0142 szereg atrakcji. Przyk\u0142adowo, na weekend 7-8 maja zaprasza g\u0142\u00f3wnie zwolennik\u00f3w freeski\u2019ingu (na Nordica Freeskiers Weekend), a w po\u0142owie miesi\u0105ca (14-15 maja) \u2013 snowboardzist\u00f3w (na Quiksilver Jib Session). 21 maja na Stubai kr\u00f3lowa\u0107 b\u0119d\u0105 narciarski (bo w Roxy Girls Camp odb\u0119dzie si\u0119 Girls Freestyle Coaching). Wreszcie na ostatni weekend maja zaplanowano uroczyste zamkni\u0119cie The Moreboards Stubai ZOO Snowpark. Na dodatek od 9 maja do 5 czerwca mo\u017cna skorzysta\u0107 na Stubai ze specjalnych \u201es\u0142onecznych pakiet\u00f3w\u201d (2, 3 lub 7 nocleg\u00f3w ze \u015bniadaniami lub \u015bniadaniem kolacj\u0105 oraz skipassem na 2 \u00bd, 3 lub 6 dni w cenie od 135 euro).<br \/>\nCa\u0142y czas czynny jest te\u017c naturalnie lodowiec Hintertux w Zillertal.<\/p>\n<p>Gdyby pojecha\u0107 nieco dalej \u2013 do Po\u0142udniowego Tyrolu, to czynny jest lodowiec Hochjoch nad Maso Corto\/Kurzras (cho\u0107 ostatnio \u015bnieg pada\u0142 tam w po\u0142owie\u2026 marca). Do 8 maja dzia\u0142aj\u0105 r\u00f3wnie\u017c wyci\u0105gi w pi\u0119knej Soldzie\/Sulden, gdzie wysoko\u015b\u0107 i ukszta\u0142towanie okolicznych pasm (z majestatycznym Ortlerem na czele) gwarantuj\u0105 dobry \u015bnieg.<\/p>\n<p>Natomiast od 28 maja mo\u017cna b\u0119dzie je\u017adzi\u0107 na \u2013 czynnym jedynie w lecie! \u2013 lodowcu Stelvio (powy\u017cej Bormio).<\/p>\n<p>Mo\u017cna te\u017c wci\u0105\u017c wybra\u0107 si\u0119 do Francji (to wprawdzie jeszcze dalej, ale z racji tamtejszych przestrzeni i wysoko\u015bci wiosenne narty s\u0105 osobn\u0105 jako\u015bci\u0105). Do 8 pracuj\u0105 kolejki kompleksu Espace Killy (czyli w Tignes i Val d\u2019Isere), oferuj\u0105cego, pr\u00f3cz zwyk\u0142ych tras, a\u017c dwa tereny lodowcowe: Grande Motte i Pissaillas.<\/p>\n<p>Uwaga jednak: w sobot\u0119 30 kwietnia staje natomiast popularny w Polsce Les Deux Alpes. Wyci\u0105gi na tamtejszym lodowcu uruchomione zostan\u0105 natomiast 16 czerwca (i b\u0119d\u0105 czynne przez ca\u0142e lato \u2013 do 28 sierpnia).<\/p>\n<p>Nienajlepiej jest te\u017c w La Plagne \u2013 dzia\u0142a tam tylko 16 ze 106 wyci\u0105g\u00f3w (obs\u0142uguj\u0105 17 czynnych obecnie tras, lecz na samym lodowcu Bellecote jest wci\u0105\u017c 105 cm \u015bniegu).<\/p>\n<p>Tak czy tak, wystarczy podj\u0105\u0107 szybk\u0105 decyzj\u0119\u2026<\/p>\n","protected":false},"excerpt":{"rendered":"<p>zaliczy\u0107 jeszcze kilka dni na nartach? Owszem, tzw. d\u0142ugi weekend jest w tym roku kr\u00f3tszy ni\u017c zwykle, a na dodatek niekt\u00f3re stacje zimowe musia\u0142y \u2013 z racji niedostatku \u015bniegu \u2013 wcze\u015bniej ni\u017c planowa\u0142y zako\u0144czy\u0107 sezon. Ale jest jeszcze par\u0119 miejsc w Alpach, gdzie wyci\u0105gi dzia\u0142aj\u0105 w najlepsze. I gdzie nadal jest \u015bnieg! Najbli\u017cej jest do [&hellip;]<\/p>\n","protected":false},"author":1,"featured_media":0,"comment_status":"open","ping_status":"open","sticky":false,"template":"","format":"standard","meta":{"footnotes":""},"categories":[1],"tags":[],"_links":{"self":[{"href":"https:\/\/blog.polityka.pl\/narty\/wp-json\/wp\/v2\/posts\/637"}],"collection":[{"href":"https:\/\/blog.polityka.pl\/narty\/wp-json\/wp\/v2\/posts"}],"about":[{"href":"https:\/\/blog.polityka.pl\/narty\/wp-json\/wp\/v2\/types\/post"}],"author":[{"embeddable":true,"href":"https:\/\/blog.polityka.pl\/narty\/wp-json\/wp\/v2\/users\/1"}],"replies":[{"embeddable":true,"href":"https:\/\/blog.polityka.pl\/narty\/wp-json\/wp\/v2\/comments?post=637"}],"version-history":[{"count":1,"href":"https:\/\/blog.polityka.pl\/narty\/wp-json\/wp\/v2\/posts\/637\/revisions"}],"predecessor-version":[{"id":638,"href":"https:\/\/blog.polityka.pl\/narty\/wp-json\/wp\/v2\/posts\/637\/revisions\/638"}],"wp:attachment":[{"href":"https:\/\/blog.polityka.pl\/narty\/wp-json\/wp\/v2\/media?parent=637"}],"wp:term":[{"taxonomy":"category","embeddable":true,"href":"https:\/\/blog.polityka.pl\/narty\/wp-json\/wp\/v2\/categories?post=637"},{"taxonomy":"post_tag","embeddable":true,"href":"https:\/\/blog.polityka.pl\/narty\/wp-json\/wp\/v2\/tags?post=637"}],"curies":[{"name":"wp","href":"https:\/\/api.w.org\/{rel}","templated":true}]}}