
{"id":640,"date":"2011-05-09T08:30:00","date_gmt":"2011-05-09T07:30:00","guid":{"rendered":"http:\/\/narty.blog.polityka.pl\/?p=640"},"modified":"2011-05-09T08:34:52","modified_gmt":"2011-05-09T07:34:52","slug":"umarl-sezon-niech-zyje-sezon","status":"publish","type":"post","link":"https:\/\/blog.polityka.pl\/narty\/2011\/05\/09\/umarl-sezon-niech-zyje-sezon\/","title":{"rendered":"Umar\u0142 sezon, niech \u017cyje sezon"},"content":{"rendered":"<p>\u00a0Z niek\u0142amanym smutkiem przyzna\u0107 trzeba, \u017ce sezon zimowy 2010\/2011 nale\u017cy uzna\u0107 za zako\u0144czony.<\/p>\n<p>Podczas minionego weekendu stan\u0119\u0142y wyci\u0105gi w ostatnich, najlepiej po\u0142o\u017conych, stacjach zimowych \u2013 nie licz\u0105c oczywi\u015bcie tych ca\u0142orocznych oraz lodowca tyrolskiego Kaunertal, kt\u00f3ry czynny ma by\u0107 do po\u0142owy czerwca. Szcz\u0119\u015bliwie ci, kt\u00f3rzy lubi\u0105 zjazdy w letnim s\u0142o\u0144cu b\u0119d\u0105 mogli wkr\u00f3tce cieszy\u0107 si\u0119 ni\u0105 na lodowcach otwieranych w lecie (o niekt\u00f3rych pisa\u0142em w poprzedniej nocie <a href=\"http:\/\/narty.blog.polityka.pl\/2011\/04\/28\/a-moze-rzutem-na-tasme%e2%80%a6\/\" target=\"_blank\">\u201eA mo\u017ce rzutem na ta\u015bm\u0119\u2026\u201d<\/a>, 28 kwietnia 2011 r.).<\/p>\n<p>Wszyscy za\u015b mi\u0142o\u015bnicy nart, desek w pe\u0142ni zimy mog\u0105 pociesza\u0107 si\u0119, \u017ce b\u0119d\u0105 mogli ich skosztowa\u0107 ju\u017c za jakie\u015b pi\u0119\u0107 miesi\u0119cy \u2026<\/p>\n<p>A tak\u017ce i tym, \u017ce nie b\u0119dzie trudno, by nadchodz\u0105cy sezon by\u0142 lepszy od tego, kt\u00f3ry min\u0105\u0142. Zima 2010\/2011 okaza\u0142a si\u0119 bowiem nader uboga w \u015bnieg (nawet w Alpach, o Tatrach nie wspominaj\u0105c), obfita za to w sekwencje pogody skutkuj\u0105ce twardymi trasami i, co najgorsze, lawinami. Ale \u017ce nie mam zwyczaju na nartach narzeka\u0107, wi\u0119c nawet taki sezon b\u0119d\u0119 wspomina\u0142 mile.<\/p>\n<p>Tak czy tak, notki na tym blogu si\u0142\u0105 rzeczy b\u0119d\u0105 teraz przez czas jaki\u015b pojawia\u0107 si\u0119 nieco rzadziej ni\u017c w pe\u0142ni zimy. Lecz nadej\u015bcie lata nie znaczy przecie\u017c, \u017ce o nartach ca\u0142kiem zapomnimy. Bo przecie\u017c warto zastanowi\u0107 si\u0119, przyk\u0142adowo, nad tym, jaki sprz\u0119t kupi\u0107 jesieni\u0105 (b\u0105d\u017a co z niego wymieni\u0107), czy te\u017c jakie letnie dyscypliny i formy aktywno\u015bci najlepiej s\u0142u\u017c\u0105 dobremu przygotowaniu si\u0119 do sezonu. Warto te\u017c dowiedzie\u0107 si\u0119 przed sezonem, jak zmieni\u0142y si\u0119 zasady przygotowywania ekwipunku: chocia\u017cby technika ostrzenia nart po wej\u015bciu taliowania, a ostatnio rockera \u2013 by potem wybra\u0107 w\u0142a\u015bciwy warsztat, nie za\u015b taki, kt\u00f3ry zniszczy ulubione deski. Najlepsza te\u017c pora, by pozna\u0107 najnowsze sposoby ochrony lodowc\u00f3w przed topnieniem. A i stacje zaczynaj\u0105 ju\u017c chwali\u0107 si\u0119 propozycjami i nowo\u015bciami, kt\u00f3re przygotowuj\u0105 na nadchodz\u0105c\u0105 zim\u0119\u2026<\/p>\n<p>Nawet zatem w najwi\u0119ksze upa\u0142y warto\u00a0tu zagl\u0105da\u0107!<\/p>\n<p>PS. Lato to tak\u017ce najlepsza, i najwy\u017csza!, pora do zg\u0142aszania si\u0119 ch\u0119tnych do patronowania blogowi \u201eW \u015bniegu i po \u015bniegu\u201d w sezonie 2011\/2011 :). Dzi\u0119kuj\u0119 te\u017c serdecznie krakowskiemu biuru <a href=\"http:\/\/www.otium.pl\/\" target=\"_blank\">Alpytravel.pl\/Otium<\/a>, kt\u00f3re nie do\u015b\u0107, \u017ce zapewnia niezapomniane narciarskie wyprawy ju\u017c tysi\u0105com Polak\u00f3w, to jeszcze wspiera\u0142o &#8222;W \u015bniegu i po \u015bniegu&#8221; przez ca\u0142\u0105 minion\u0105 zim\u0119.<\/p>\n","protected":false},"excerpt":{"rendered":"<p>\u00a0Z niek\u0142amanym smutkiem przyzna\u0107 trzeba, \u017ce sezon zimowy 2010\/2011 nale\u017cy uzna\u0107 za zako\u0144czony. Podczas minionego weekendu stan\u0119\u0142y wyci\u0105gi w ostatnich, najlepiej po\u0142o\u017conych, stacjach zimowych \u2013 nie licz\u0105c oczywi\u015bcie tych ca\u0142orocznych oraz lodowca tyrolskiego Kaunertal, kt\u00f3ry czynny ma by\u0107 do po\u0142owy czerwca. Szcz\u0119\u015bliwie ci, kt\u00f3rzy lubi\u0105 zjazdy w letnim s\u0142o\u0144cu b\u0119d\u0105 mogli wkr\u00f3tce cieszy\u0107 si\u0119 ni\u0105 [&hellip;]<\/p>\n","protected":false},"author":1,"featured_media":0,"comment_status":"open","ping_status":"open","sticky":false,"template":"","format":"standard","meta":{"footnotes":""},"categories":[1],"tags":[],"_links":{"self":[{"href":"https:\/\/blog.polityka.pl\/narty\/wp-json\/wp\/v2\/posts\/640"}],"collection":[{"href":"https:\/\/blog.polityka.pl\/narty\/wp-json\/wp\/v2\/posts"}],"about":[{"href":"https:\/\/blog.polityka.pl\/narty\/wp-json\/wp\/v2\/types\/post"}],"author":[{"embeddable":true,"href":"https:\/\/blog.polityka.pl\/narty\/wp-json\/wp\/v2\/users\/1"}],"replies":[{"embeddable":true,"href":"https:\/\/blog.polityka.pl\/narty\/wp-json\/wp\/v2\/comments?post=640"}],"version-history":[{"count":6,"href":"https:\/\/blog.polityka.pl\/narty\/wp-json\/wp\/v2\/posts\/640\/revisions"}],"predecessor-version":[{"id":645,"href":"https:\/\/blog.polityka.pl\/narty\/wp-json\/wp\/v2\/posts\/640\/revisions\/645"}],"wp:attachment":[{"href":"https:\/\/blog.polityka.pl\/narty\/wp-json\/wp\/v2\/media?parent=640"}],"wp:term":[{"taxonomy":"category","embeddable":true,"href":"https:\/\/blog.polityka.pl\/narty\/wp-json\/wp\/v2\/categories?post=640"},{"taxonomy":"post_tag","embeddable":true,"href":"https:\/\/blog.polityka.pl\/narty\/wp-json\/wp\/v2\/tags?post=640"}],"curies":[{"name":"wp","href":"https:\/\/api.w.org\/{rel}","templated":true}]}}