
{"id":653,"date":"2011-05-25T11:24:33","date_gmt":"2011-05-25T10:24:33","guid":{"rendered":"http:\/\/narty.blog.polityka.pl\/?p=653"},"modified":"2011-05-26T08:35:50","modified_gmt":"2011-05-26T07:35:50","slug":"tak-sie-teraz-jezdzi","status":"publish","type":"post","link":"https:\/\/blog.polityka.pl\/narty\/2011\/05\/25\/tak-sie-teraz-jezdzi\/","title":{"rendered":"Tak si\u0119 teraz je\u017adzi!"},"content":{"rendered":"<p>Kto chce si\u0119 przekona\u0107, jak teraz m\u0142odzi Polacy je\u017cd\u017c\u0105 na nartach, musi to zobaczy\u0107! \u0141ukasz Gabryelski pi\u0119knie i efektownie sfilmowa\u0142 czo\u0142\u00f3wk\u0119 rodzimego freeride\u2019u i freestyle\u2019u.<\/p>\n<p>Premiera filmu \u201ePeople of the White House\u201d odby\u0142a si\u0119 podczas minionego weekendu oczywi\u015bcie w Zakopanem (a kolejny pokaz w Krakowie).<\/p>\n<p><a href=\"\/wp-content\/uploads\/\/2011\/05\/osuch2.jpg\"><img loading=\"lazy\" decoding=\"async\" title=\"osuch2\" src=\"\/wp-content\/uploads\/\/2011\/05\/osuch2-199x300.jpg\" alt=\"\" width=\"199\" height=\"300\" \/><\/a>\u00a0<em>Jedzie J\u0119drek Osuchowski<\/em><\/p>\n<p>W rolach g\u0142\u00f3wnych wyst\u0119puj\u0105 Andrzej Osuchowski, Szczepan Karpiel , Jan Krzysztof, Tomek Pa\u017adzior, Robert Szul, Wojtek Szczepanik i Piotrek W\u0119c\u0142awowicz.<\/p>\n<p>Miejsce akcji to Mayrhofen, Heiligenblut i Livigno, ale te\u017c pobliska S\u0142owacja oraz Szczyrk.<\/p>\n<p>Scenografi\u0119 tworz\u0105 strome \u2013 i pokryte dziewiczym puchem \u2013 stoki, w\u0105skie \u017cleby oraz wymagaj\u0105ce snowparki.<br \/>\nFabu\u0142\u0105 s\u0105 za\u015b wysokie loty, pi\u0119kne dropy, jazda na pe\u0142nej pr\u0119dko\u015bci w g\u0142\u0119bokim \u015bniegu i wszelkie inne narciarskie sztuczki.<\/p>\n<p>W internecie dost\u0119pny jest ju\u017c trailer <a href=\"http:\/\/vimeo.com\/12294533\" target=\"_blank\">\u201ePeople of the White House\u201d<\/a>.<\/p>\n<p><a href=\"\/wp-content\/uploads\/\/2011\/05\/osuch-3.jpg\"><img loading=\"lazy\" decoding=\"async\" title=\"osuch 3\" src=\"\/wp-content\/uploads\/\/2011\/05\/osuch-3-300x201.jpg\" alt=\"\" width=\"300\" height=\"201\" \/><\/a><a href=\"\/wp-content\/uploads\/\/2011\/05\/osuch-3.jpg\"><\/a><\/p>\n<p>A w najbli\u017cszy pi\u0105tek (27 maja)\u00a0 projekcja obrazu w stolicy: klub \u201eU Artyst\u00f3w\u201d, ul. Mazowiecka 11a, godz. 22.00. Warto!<\/p>\n","protected":false},"excerpt":{"rendered":"<p>Kto chce si\u0119 przekona\u0107, jak teraz m\u0142odzi Polacy je\u017cd\u017c\u0105 na nartach, musi to zobaczy\u0107! \u0141ukasz Gabryelski pi\u0119knie i efektownie sfilmowa\u0142 czo\u0142\u00f3wk\u0119 rodzimego freeride\u2019u i freestyle\u2019u. Premiera filmu \u201ePeople of the White House\u201d odby\u0142a si\u0119 podczas minionego weekendu oczywi\u015bcie w Zakopanem (a kolejny pokaz w Krakowie). \u00a0Jedzie J\u0119drek Osuchowski W rolach g\u0142\u00f3wnych wyst\u0119puj\u0105 Andrzej Osuchowski, Szczepan [&hellip;]<\/p>\n","protected":false},"author":1,"featured_media":0,"comment_status":"open","ping_status":"open","sticky":false,"template":"","format":"standard","meta":{"footnotes":""},"categories":[1],"tags":[],"_links":{"self":[{"href":"https:\/\/blog.polityka.pl\/narty\/wp-json\/wp\/v2\/posts\/653"}],"collection":[{"href":"https:\/\/blog.polityka.pl\/narty\/wp-json\/wp\/v2\/posts"}],"about":[{"href":"https:\/\/blog.polityka.pl\/narty\/wp-json\/wp\/v2\/types\/post"}],"author":[{"embeddable":true,"href":"https:\/\/blog.polityka.pl\/narty\/wp-json\/wp\/v2\/users\/1"}],"replies":[{"embeddable":true,"href":"https:\/\/blog.polityka.pl\/narty\/wp-json\/wp\/v2\/comments?post=653"}],"version-history":[{"count":4,"href":"https:\/\/blog.polityka.pl\/narty\/wp-json\/wp\/v2\/posts\/653\/revisions"}],"predecessor-version":[{"id":661,"href":"https:\/\/blog.polityka.pl\/narty\/wp-json\/wp\/v2\/posts\/653\/revisions\/661"}],"wp:attachment":[{"href":"https:\/\/blog.polityka.pl\/narty\/wp-json\/wp\/v2\/media?parent=653"}],"wp:term":[{"taxonomy":"category","embeddable":true,"href":"https:\/\/blog.polityka.pl\/narty\/wp-json\/wp\/v2\/categories?post=653"},{"taxonomy":"post_tag","embeddable":true,"href":"https:\/\/blog.polityka.pl\/narty\/wp-json\/wp\/v2\/tags?post=653"}],"curies":[{"name":"wp","href":"https:\/\/api.w.org\/{rel}","templated":true}]}}