
{"id":662,"date":"2011-06-10T05:43:16","date_gmt":"2011-06-10T04:43:16","guid":{"rendered":"http:\/\/narty.blog.polityka.pl\/?p=662"},"modified":"2011-06-10T05:59:52","modified_gmt":"2011-06-10T04:59:52","slug":"kolejne-muzeum-reinholda-messner%e2%80%99a%e2%80%a6","status":"publish","type":"post","link":"https:\/\/blog.polityka.pl\/narty\/2011\/06\/10\/kolejne-muzeum-reinholda-messner%e2%80%99a%e2%80%a6\/","title":{"rendered":"Kolejne muzeum Reinholda Messner\u2019a\u2026"},"content":{"rendered":"<p><a href=\"\/wp-content\/uploads\/\/2011\/06\/MMM1242638907_0.jpg\"><\/a>\u2026 po\u015bwi\u0119cone b\u0119dzie ludziom g\u00f3r. Mie\u015bci\u0107 si\u0119 ma w zamku Brunico\/Bruneck w Alta Pusteria\/Hochpustertal w Po\u0142udniowym Tyrolu, a uroczyste otwarcie nast\u0105pi 3-go lipca.<\/p>\n<p>Pe\u0142na nazwa ekspozycji brzmi \u201eMMM Ripa\u201d (Ri w tybeta\u0144skim oznacza g\u00f3ry, Pa \u2013 ludzi). <em>\u201eMMM RiPa jest dope\u0142nieniem mojego projektu g\u00f3rskich muze\u00f3w \u2013 w ten spos\u00f3b zamykam ich kr\u0105g projektem silnie zwi\u0105zanym z Po\u0142udniowym Tyrolem. My tak\u017ce jeste\u015bmy lud\u017ami g\u00f3r i chcemy mie\u0107 wk\u0142ad w opowiadanie historii podobnych spo\u0142eczno\u015bci z ca\u0142ego \u015bwiata. Co roku chc\u0119 zaprasza\u0107 do zamku go\u015bci z innego miejsca na Ziemi, aby w ten spos\u00f3b zach\u0119ci\u0107 do wymiany pomys\u0142\u00f3w i do\u015bwiadcze\u0144\u201d <\/em>\u2013 t\u0142umaczy s\u0142ynny wspinacz (w swojej karierze zdoby\u0142 ponad trzy tysi\u0105ce szczyt\u00f3w, z czego ponad 100 jako pierwszy, w tym wszystkie o\u015bmiotysi\u0119czniki).<\/p>\n<p><a href=\"\/wp-content\/uploads\/\/2011\/06\/MMM1242638907_0.jpg\"><img loading=\"lazy\" decoding=\"async\" title=\"MMM1242638907_0\" src=\"\/wp-content\/uploads\/\/2011\/06\/MMM1242638907_0-300x245.jpg\" alt=\"\" width=\"300\" height=\"245\" \/><\/a>\u00a0<em>Obraz\u00a0\u00a0&#8222;Ludzie g\u00f3r&#8221; z MMM Ripa\u00a0<\/em><\/p>\n<p>Urodzony w Po\u0142udniowym Tyrolu (w 1944 roku) Messner przed kilku laty wpad\u0142 na pomys\u0142 stworzenia sieci muze\u00f3w prezentuj\u0105cych kultur\u0119 i specyfik\u0119 region\u00f3w g\u00f3rskich na ca\u0142ym \u015bwiecie oraz przedstawienie \u201espotkania cz\u0142owieka z g\u00f3rami\u201d, czyli pokazanie r\u00f3\u017cnych relacji mi\u0119dzy lud\u017ami natur\u0105.<\/p>\n<p><a href=\"http:\/\/WWW.messner-mountain-museum.it\" target=\"_blank\">Messner Mountain Museum<\/a>\u00a0sk\u0142ada\u0107 si\u0119 wi\u0119c b\u0119dzie z pi\u0119ciu obiekt\u00f3w. G\u0142\u00f3wna jego siedzib\u0105 jest Firmian w zamku Sigmundskron, w okolicach Bolzano\/Bozen. Pozosta\u0142e to zamek Juval w Val Venosta\/Vinschgau (letnia rezydencja samego Messnera), muzeum Dolomites pomi\u0119dzy Pieve di Cadore i Cortin\u0105 d\u2019Ampezzo oraz Ortles w Solda\/Sulden.<br \/>\nPrzed dwoma laty mia\u0142em okazj\u0119 odwiedzi\u0107 to ostatnie \u2013 wielkie wra\u017cenie robi zw\u0142aszcza widok ekwipunku, u\u017cywanego niegdy\u015b przez wspinaczy w ekstremalnych warunkach najwy\u017cszych szczyt\u00f3w Himalaj\u00f3w oraz kolekcja nart, pokazuj\u0105ca niebywa\u0142\u0105 ewolucj\u0119 sprz\u0119tu na przestrzeni ostatniego wieku, (<a href=\"http:\/\/narty.blog.polityka.pl\/2009\/12\/10\/solda-cd-czy-messner-thoeni-oraz-jaki\/\" target=\"_blank\">\u201eSolda cd., czyli Messner, Thoeni oraz jaki\u201d<\/a>, 10 grudnia 2009 r.)<\/p>\n<p>Messner zamierza \u015bci\u0105ga\u0107 do MMM Ripa go\u015bci z najr\u00f3\u017cniejszych region\u00f3w g\u00f3rskich m.in. Szerp\u00f3w z Himalaj\u00f3w, Mongo\u0142\u00f3w, Hun\u00f3w, Tybeta\u0144czyk\u00f3w, lud Indio z Kalifornii czy te\u017c lud Walser z niemieckoj\u0119zycznych cz\u0119\u015bci Alp. Dzi\u0119ki spotkaniom z nimi tury\u015bci b\u0119d\u0105 mogli pozna\u0107 i zrozumie\u0107 kultur\u0119 i filozofi\u0119 \u017cycia g\u00f3rali z ca\u0142ego \u015bwiata.<\/p>\n","protected":false},"excerpt":{"rendered":"<p>\u2026 po\u015bwi\u0119cone b\u0119dzie ludziom g\u00f3r. Mie\u015bci\u0107 si\u0119 ma w zamku Brunico\/Bruneck w Alta Pusteria\/Hochpustertal w Po\u0142udniowym Tyrolu, a uroczyste otwarcie nast\u0105pi 3-go lipca. Pe\u0142na nazwa ekspozycji brzmi \u201eMMM Ripa\u201d (Ri w tybeta\u0144skim oznacza g\u00f3ry, Pa \u2013 ludzi). \u201eMMM RiPa jest dope\u0142nieniem mojego projektu g\u00f3rskich muze\u00f3w \u2013 w ten spos\u00f3b zamykam ich kr\u0105g projektem silnie zwi\u0105zanym [&hellip;]<\/p>\n","protected":false},"author":1,"featured_media":0,"comment_status":"open","ping_status":"open","sticky":false,"template":"","format":"standard","meta":{"footnotes":""},"categories":[1],"tags":[],"_links":{"self":[{"href":"https:\/\/blog.polityka.pl\/narty\/wp-json\/wp\/v2\/posts\/662"}],"collection":[{"href":"https:\/\/blog.polityka.pl\/narty\/wp-json\/wp\/v2\/posts"}],"about":[{"href":"https:\/\/blog.polityka.pl\/narty\/wp-json\/wp\/v2\/types\/post"}],"author":[{"embeddable":true,"href":"https:\/\/blog.polityka.pl\/narty\/wp-json\/wp\/v2\/users\/1"}],"replies":[{"embeddable":true,"href":"https:\/\/blog.polityka.pl\/narty\/wp-json\/wp\/v2\/comments?post=662"}],"version-history":[{"count":5,"href":"https:\/\/blog.polityka.pl\/narty\/wp-json\/wp\/v2\/posts\/662\/revisions"}],"predecessor-version":[{"id":666,"href":"https:\/\/blog.polityka.pl\/narty\/wp-json\/wp\/v2\/posts\/662\/revisions\/666"}],"wp:attachment":[{"href":"https:\/\/blog.polityka.pl\/narty\/wp-json\/wp\/v2\/media?parent=662"}],"wp:term":[{"taxonomy":"category","embeddable":true,"href":"https:\/\/blog.polityka.pl\/narty\/wp-json\/wp\/v2\/categories?post=662"},{"taxonomy":"post_tag","embeddable":true,"href":"https:\/\/blog.polityka.pl\/narty\/wp-json\/wp\/v2\/tags?post=662"}],"curies":[{"name":"wp","href":"https:\/\/api.w.org\/{rel}","templated":true}]}}