
{"id":670,"date":"2011-06-16T06:38:27","date_gmt":"2011-06-16T05:38:27","guid":{"rendered":"http:\/\/narty.blog.polityka.pl\/?p=670"},"modified":"2011-06-23T21:31:54","modified_gmt":"2011-06-23T20:31:54","slug":"podroznicy-i-ludzie-gor-laczcie-sie","status":"publish","type":"post","link":"https:\/\/blog.polityka.pl\/narty\/2011\/06\/16\/podroznicy-i-ludzie-gor-laczcie-sie\/","title":{"rendered":"Podr\u00f3\u017cnicy (i ludzie g\u00f3r) \u0142\u0105czcie si\u0119.."},"content":{"rendered":"<p>\u2026w krakowskim Dworku Bia\u0142opr\u0105dnickim. W ostatni weekend czerwca (25-26 VI) odb\u0119d\u0105 si\u0119 tam kolejne ju\u017c Letnie Spotkania Podr\u00f3\u017cnik\u00f3w, czyli wakacyjna ods\u0142ona s\u0142ynnych gdy\u0144skich Kolos\u00f3w, presti\u017cowej nagrody za globtroterskie dokonania roku.<\/p>\n<p>Do Krakowa przyjedzie zatem m.in. tegoroczna laureatka Kolos\u00f3w w kategorii <a href=\"\/wp-content\/uploads\/\/2011\/06\/wioelickiimagesCATBCLDG.jpg\"><\/a>\u201ePodr\u00f3\u017ce\u201d, Magda Skopek, Piotr Mitko (autor rewelacyjnego filmu \u201eIslandia jest kobiet\u0105\u201d), Szymon Kowalczyk (uczestnik wyprawy w trudno dost\u0119pne g\u00f3ry Sudanu) oraz Grzegorz Ku\u015bpiel (eksplorator tropikalnych las\u00f3w i jaski\u0144 Indonezji).<\/p>\n<p>Go\u015bciem specjalnym Letnich Spotka\u0144 b\u0119dzie Krzysztof Wielicki, cz\u0142onek Kapitu\u0142y Kolos\u00f3w i jeden z najbardziej znanych himalaist\u00f3w na \u015bwiecie (jako pierwszy cz\u0142owiek &#8211; wraz z Leszkiem Cichym &#8211; stan\u0105\u0142 zim\u0105 na szczycie Mount Everest). By\u0142\u00a0 te\u017c pi\u0105tym wspinaczem w historii, kt\u00f3ry skompletowa\u0142 Koron\u0119 Himalaj\u00f3w.<\/p>\n<p><a href=\"\/wp-content\/uploads\/\/2011\/06\/wioelickiimagesCATBCLDG.jpg\"><img loading=\"lazy\" decoding=\"async\" title=\"wioelickiimagesCATBCLDG\" src=\"\/wp-content\/uploads\/\/2011\/06\/wioelickiimagesCATBCLDG.jpg\" alt=\"\" width=\"230\" height=\"219\" \/><\/a>\u00a0<em>Krzysztof Wielicki i Leszek Cichy po zdobyciu Mount Everest<\/em><\/p>\n<p>Co wa\u017cne, w Krakowie podr\u00f3\u017cnicy b\u0119d\u0105 mieli wi\u0119cej czasu ni\u017c w Gdyni na swoje relacje i opowie\u015bci. Przedstawione zostan\u0105 tak\u017ce pokazy zarejestrowane w tym roku podczas g\u0142\u00f3wnej edycji Kolos\u00f3w (z oryginalnym komentarzem autor\u00f3w, m.in. Sylwestra Czerwi\u0144skiego, laureata w kategorii \u201eWyczyn roku\u201d za \u201edwuip\u00f3\u0142letni\u0105 rowerow\u0105 wypraw\u0119 w trakcie kt\u00f3rej przejecha\u0142 samotnie ponad 50 tys. km\u201d oraz Marka Klonowskiego, laureata Kolosa 2008 za \u201ewyczerpuj\u0105cy trawers Mount Logan\u201d).<\/p>\n<p>Wreszcie, pierwszy raz w historii podr\u00f3\u017cniczej imprezy prelegentami stan\u0105 si\u0119 tak\u017ce dzieci. W ramach seminarium \u201e\u015awiat oczami dziecka\u201d najm\u0142odsi podr\u00f3\u017cnicy b\u0119d\u0105 mogli podzieli\u0107 si\u0119 swoimi wra\u017ceniami z r\u00f3wie\u015bnikami.<\/p>\n<p>Szczeg\u00f3\u0142owy program Spotka\u0144 mo\u017cna znale\u017a\u0107 na stronie internetowej <a href=\"http:\/\/www.kolosy.pl \" target=\"_blank\">Kolos\u00f3w<\/a>.<\/p>\n<p>Do\u015b\u0107 wspomnie\u0107 \u017ce podczas ubieg\u0142orocznych Spotka\u0144 Podr\u00f3\u017cnik\u00f3w podczas wielu prelekcji i po-kaz\u00f3w sale Dworku nie mog\u0142y pomie\u015bci\u0107 ch\u0119tnych. Tak by\u0142o m.in. podczas prezentacji odnalezionego w archiwach Brytyjskiego Instytutu Filmowego archiwalnego filmu z pierwszej polskiej wy-prawy w najwy\u017csze g\u00f3ry \u015bwiata.\u00a0 W 1939 r. w Himalaje wyruszy\u0142o czterech wspinaczy: Adam Kar-pi\u0144ski, Stefan Bernadzikiewicz, Jakub Bujak i Janusz Klarner. Dostali pozwolenie na zdobycie dziewiczego wierzcho\u0142ka Nanda Devi East (7434 m n.p.m.). Jakub Bujak i Janusz Klarner zdobyli go 2 lipca 1939 roku. By\u0142 to wtedy si\u00f3dmy pod wzgl\u0119dem wysoko\u015bci, a najtrudniejszy technicznie ze wszystkich zdobytych w\u00f3wczas szczyt\u00f3w na Ziemi.<\/p>\n<p>T\u0142umy s\u0142ucha\u0142y te\u017c wspomnie\u0144 Leszka Cichego (a by\u0142a to akurat dziesi\u0105ta rocznica pierwszego w historii zimowego wej\u015bcia na najwy\u017cszy szczyt Ziemi) i opowie\u015bci nadziei polskiej wspinaczki &#8211; \u015blicznej, skromnej i m\u0105drej (\u201eNigdy nie ryzykuj\u0119\u201d) Kingi Baranowskiej.<\/p>\n<p>O innych atrakcjach ubieg\u0142orocznych Spotka\u0144 mo\u017cna przeczyta\u0107 w nocie <a href=\"http:\/\/narty.blog.polityka.pl\/2009\/11\/16\/polskie-himalaje\" target=\"_blank\">\u201ePolskie Himalaje\u201d<\/a> (16 listopada 2010 r.).<\/p>\n","protected":false},"excerpt":{"rendered":"<p>\u2026w krakowskim Dworku Bia\u0142opr\u0105dnickim. W ostatni weekend czerwca (25-26 VI) odb\u0119d\u0105 si\u0119 tam kolejne ju\u017c Letnie Spotkania Podr\u00f3\u017cnik\u00f3w, czyli wakacyjna ods\u0142ona s\u0142ynnych gdy\u0144skich Kolos\u00f3w, presti\u017cowej nagrody za globtroterskie dokonania roku. Do Krakowa przyjedzie zatem m.in. tegoroczna laureatka Kolos\u00f3w w kategorii \u201ePodr\u00f3\u017ce\u201d, Magda Skopek, Piotr Mitko (autor rewelacyjnego filmu \u201eIslandia jest kobiet\u0105\u201d), Szymon Kowalczyk (uczestnik wyprawy [&hellip;]<\/p>\n","protected":false},"author":1,"featured_media":0,"comment_status":"open","ping_status":"open","sticky":false,"template":"","format":"standard","meta":{"footnotes":""},"categories":[1],"tags":[],"_links":{"self":[{"href":"https:\/\/blog.polityka.pl\/narty\/wp-json\/wp\/v2\/posts\/670"}],"collection":[{"href":"https:\/\/blog.polityka.pl\/narty\/wp-json\/wp\/v2\/posts"}],"about":[{"href":"https:\/\/blog.polityka.pl\/narty\/wp-json\/wp\/v2\/types\/post"}],"author":[{"embeddable":true,"href":"https:\/\/blog.polityka.pl\/narty\/wp-json\/wp\/v2\/users\/1"}],"replies":[{"embeddable":true,"href":"https:\/\/blog.polityka.pl\/narty\/wp-json\/wp\/v2\/comments?post=670"}],"version-history":[{"count":6,"href":"https:\/\/blog.polityka.pl\/narty\/wp-json\/wp\/v2\/posts\/670\/revisions"}],"predecessor-version":[{"id":673,"href":"https:\/\/blog.polityka.pl\/narty\/wp-json\/wp\/v2\/posts\/670\/revisions\/673"}],"wp:attachment":[{"href":"https:\/\/blog.polityka.pl\/narty\/wp-json\/wp\/v2\/media?parent=670"}],"wp:term":[{"taxonomy":"category","embeddable":true,"href":"https:\/\/blog.polityka.pl\/narty\/wp-json\/wp\/v2\/categories?post=670"},{"taxonomy":"post_tag","embeddable":true,"href":"https:\/\/blog.polityka.pl\/narty\/wp-json\/wp\/v2\/tags?post=670"}],"curies":[{"name":"wp","href":"https:\/\/api.w.org\/{rel}","templated":true}]}}