
{"id":678,"date":"2011-07-04T06:22:43","date_gmt":"2011-07-04T05:22:43","guid":{"rendered":"http:\/\/narty.blog.polityka.pl\/?p=678"},"modified":"2011-07-04T17:38:17","modified_gmt":"2011-07-04T16:38:17","slug":"w-tatrach-snieg-w-alpach%e2%80%a6-prognozy","status":"publish","type":"post","link":"https:\/\/blog.polityka.pl\/narty\/2011\/07\/04\/w-tatrach-snieg-w-alpach%e2%80%a6-prognozy\/","title":{"rendered":"W Tatrach \u015bnieg, w Alpach\u2026 prognozy"},"content":{"rendered":"<p>Podczas minionego weekendu w Tatrach spad\u0142o kilkana\u015bcie\u00a0cm \u015bniegu\u2026 R\u00f3wnocze\u015bnie pojawi\u0142y si\u0119 pierwsze d\u0142ugoterminowe prognozy tycz\u0105ce warunk\u00f3w \u015bniegowych w sezonie 2011\/12 w Alpach francuskich.<\/p>\n<p>Przewidywania meteorolog\u00f3w s\u0105 jednak na razie, by tak rzec, enigmatyczne. Ostro\u017cno\u015b\u0107 jest zreszt\u0105 uzasadniona, bo \u2013 jak wiadomo \u2013 tego, jaka b\u0119dzie aura z du\u017cym wyprzedzeniem po prostu precyzyjnie ustali\u0107 si\u0119 nie da.<\/p>\n<p>W ka\u017cdym razie francuskie s\u0142u\u017cby meteo prorokuj\u0105, \u017ce po mokrym i stosunkowo zimnym lecie ju\u017c od wrze\u015bnia b\u0119dzie mo\u017cna w\u0119drowa\u0107 na nartach tyle, \u017ce&#8230; \u201ena wysoko\u015bci odpowiadaj\u0105cej Aiguille du Midi\u201d (szczyt w masywie Mont Blanc) &#8211; czyli na ok. 3800 m n.p.m. Ni\u017cej warunki \u015bniegowe pozwalaj\u0105ce na jazd\u0119 pojawi\u0105 si\u0119 w pa\u017adzierniku. Eksperci zauwa\u017caj\u0105 przy tym, \u017ce podobnie by\u0142o minionej zimy.<\/p>\n<p>Listopad ma by\u0107 we francuskich Alpach zimny i suchy, wi\u0119c powy\u017cej 2200 -2400\u00a0 m n.p.m. pocz\u0105tkowa pokrywa \u015bniegu powinna si\u0119 systematycznie powi\u0119ksza\u0107.<\/p>\n<p>Decyduj\u0105cy wp\u0142yw na to, jakie warunki panowa\u0107 b\u0119d\u0105 w ca\u0142ym sezonie b\u0119dzie mie\u0107 jednak sekwencja opad\u00f3w na prze\u0142omie grudnia i stycznia. A wtedy pono\u0107 mo\u017cna spodziewa\u0107 si\u0119 kilku du\u017cych \u015bnie\u017cyc, w wyniku kt\u00f3rych w szczytowych partiach przyb\u0119dzie nawet i do100 cm puchu.<\/p>\n<p>Po\u017cyjemy, zobaczymy\u2026 Zreszt\u0105 prawdziwi pasjonaci poje\u017cd\u017c\u0105 nawet i na p\u0142achetku \u015bniegu. Nieprawda\u017c?<\/p>\n","protected":false},"excerpt":{"rendered":"<p>Podczas minionego weekendu w Tatrach spad\u0142o kilkana\u015bcie\u00a0cm \u015bniegu\u2026 R\u00f3wnocze\u015bnie pojawi\u0142y si\u0119 pierwsze d\u0142ugoterminowe prognozy tycz\u0105ce warunk\u00f3w \u015bniegowych w sezonie 2011\/12 w Alpach francuskich. Przewidywania meteorolog\u00f3w s\u0105 jednak na razie, by tak rzec, enigmatyczne. Ostro\u017cno\u015b\u0107 jest zreszt\u0105 uzasadniona, bo \u2013 jak wiadomo \u2013 tego, jaka b\u0119dzie aura z du\u017cym wyprzedzeniem po prostu precyzyjnie ustali\u0107 si\u0119 nie [&hellip;]<\/p>\n","protected":false},"author":1,"featured_media":0,"comment_status":"open","ping_status":"open","sticky":false,"template":"","format":"standard","meta":{"footnotes":""},"categories":[1],"tags":[],"_links":{"self":[{"href":"https:\/\/blog.polityka.pl\/narty\/wp-json\/wp\/v2\/posts\/678"}],"collection":[{"href":"https:\/\/blog.polityka.pl\/narty\/wp-json\/wp\/v2\/posts"}],"about":[{"href":"https:\/\/blog.polityka.pl\/narty\/wp-json\/wp\/v2\/types\/post"}],"author":[{"embeddable":true,"href":"https:\/\/blog.polityka.pl\/narty\/wp-json\/wp\/v2\/users\/1"}],"replies":[{"embeddable":true,"href":"https:\/\/blog.polityka.pl\/narty\/wp-json\/wp\/v2\/comments?post=678"}],"version-history":[{"count":6,"href":"https:\/\/blog.polityka.pl\/narty\/wp-json\/wp\/v2\/posts\/678\/revisions"}],"predecessor-version":[{"id":684,"href":"https:\/\/blog.polityka.pl\/narty\/wp-json\/wp\/v2\/posts\/678\/revisions\/684"}],"wp:attachment":[{"href":"https:\/\/blog.polityka.pl\/narty\/wp-json\/wp\/v2\/media?parent=678"}],"wp:term":[{"taxonomy":"category","embeddable":true,"href":"https:\/\/blog.polityka.pl\/narty\/wp-json\/wp\/v2\/categories?post=678"},{"taxonomy":"post_tag","embeddable":true,"href":"https:\/\/blog.polityka.pl\/narty\/wp-json\/wp\/v2\/tags?post=678"}],"curies":[{"name":"wp","href":"https:\/\/api.w.org\/{rel}","templated":true}]}}