
{"id":691,"date":"2011-07-19T06:08:36","date_gmt":"2011-07-19T05:08:36","guid":{"rendered":"http:\/\/narty.blog.polityka.pl\/?p=691"},"modified":"2011-07-18T20:21:50","modified_gmt":"2011-07-18T19:21:50","slug":"pilkarze-na-lodowiec","status":"publish","type":"post","link":"https:\/\/blog.polityka.pl\/narty\/2011\/07\/19\/pilkarze-na-lodowiec\/","title":{"rendered":"Pi\u0142karze na lodowiec!"},"content":{"rendered":"<p><a href=\"\/wp-content\/uploads\/\/2011\/07\/Tux1ma.jpg\"><\/a>Hamburger SV (HSV),\u00a0 jedna z czo\u0142owych dru\u017cyn\u00a0 niemieckiej ekstraklasy, na miejsce letnich trening\u00f3w wybra\u0142a\u2026 austriacki lodowiec Hintertux.<\/p>\n<p>Na zam\u00f3wienie futbolist\u00f3w na wysoko\u015bci 3250 m\u00a0 n.p.m. wybudowano tam\u2026 boisko pi\u0142karskie. Tym samym jest to jeden z najwy\u017cej po\u0142o\u017conych stadion\u00f3w na \u015bwiecie, le\u017c\u0105cy na dodatek w pi\u0119knej alpejskiej scenerii.<\/p>\n<p><a href=\"\/wp-content\/uploads\/\/2011\/07\/Tux1ma.jpg\"><img loading=\"lazy\" decoding=\"async\" title=\"Tux1ma\" src=\"\/wp-content\/uploads\/\/2011\/07\/Tux1ma-300x168.jpg\" alt=\"\" width=\"300\" height=\"168\" \/><\/a>\u00a0<em>Boisko pi\u0142karskie na dachu g\u00f3rnej stacji kolejki na Hintertux (fot.\u00a0Tourist Office Tux-Finkenberg).<\/em><\/p>\n<p>Mladen Petric, Marcel Jansen, Jeffrey Bruma, Heung Min Son i inne gwiazdy HSV odbywaj\u0105 obecnie na Tux codzienne, ale kr\u00f3tkie z za\u0142o\u017cenia, treningi. Czasem rozgrywaj\u0105 te\u017c mecze sparringowe. A\u00a0 wszystko po to, aby \u2013 jak przekonuje trener Michael Oenning \u2013 pi\u0142karze przyzwyczaili si\u0119 do gry w ci\u0119\u017ckich warunkach \u2013 w tym na tzw. bezdechu, kt\u00f3ry cz\u0119sto zdarza si\u0119 w ostatnich fazach mecz\u00f3w rozgrywanych nawet na du\u017co ni\u017cszych wysoko\u015bciach. \u0106wiczenia w \u201erozrzedzonym powietrzu\u201d na wysoko\u015bci lodowca s\u0105 doskona\u0142\u0105 form\u0105 zaprawy.<\/p>\n<p><a href=\"\/wp-content\/uploads\/\/2011\/07\/Tux-2-ma-HSV_MG_1087.jpg\"><img loading=\"lazy\" decoding=\"async\" class=\"alignnone size-medium wp-image-693\" title=\"Tux 2 ma HSV_MG_1087\" src=\"\/wp-content\/uploads\/\/2011\/07\/Tux-2-ma-HSV_MG_1087-300x200.jpg\" alt=\"\" width=\"300\" height=\"200\" srcset=\"\/narty\/wp-content\/uploads\/2011\/07\/Tux-2-ma-HSV_MG_1087-300x200.jpg 300w, \/narty\/wp-content\/uploads\/2011\/07\/Tux-2-ma-HSV_MG_1087-1024x682.jpg 1024w, \/narty\/wp-content\/uploads\/2011\/07\/Tux-2-ma-HSV_MG_1087.jpg 1536w\" sizes=\"(max-width: 300px) 100vw, 300px\" \/><\/a>\u00a0<em>Sparring pi\u0142karzy Hamburger SV\u00a0na 3250 m n.p.m.<\/em><\/p>\n<p>Trener p\u00f3\u0142 \u017cartem zauwa\u017ca, \u017ce dodatkowym bod\u017acem dla zawodnik\u00f3w powinny by\u0107 wspania\u0142e g\u00f3rskie widoki. A ju\u017c serio dodaje, \u017ce letni ob\u00f3z na Hintertux powinien sprawi\u0107, \u017ce Hamburger SV \u201eze szczyt\u00f3w Alp \u0142atwo wejdzie na szczyt Bundesligi\u201d.<\/p>\n","protected":false},"excerpt":{"rendered":"<p>Hamburger SV (HSV),\u00a0 jedna z czo\u0142owych dru\u017cyn\u00a0 niemieckiej ekstraklasy, na miejsce letnich trening\u00f3w wybra\u0142a\u2026 austriacki lodowiec Hintertux. Na zam\u00f3wienie futbolist\u00f3w na wysoko\u015bci 3250 m\u00a0 n.p.m. wybudowano tam\u2026 boisko pi\u0142karskie. Tym samym jest to jeden z najwy\u017cej po\u0142o\u017conych stadion\u00f3w na \u015bwiecie, le\u017c\u0105cy na dodatek w pi\u0119knej alpejskiej scenerii. \u00a0Boisko pi\u0142karskie na dachu g\u00f3rnej stacji kolejki na [&hellip;]<\/p>\n","protected":false},"author":1,"featured_media":0,"comment_status":"open","ping_status":"open","sticky":false,"template":"","format":"standard","meta":{"footnotes":""},"categories":[1],"tags":[],"_links":{"self":[{"href":"https:\/\/blog.polityka.pl\/narty\/wp-json\/wp\/v2\/posts\/691"}],"collection":[{"href":"https:\/\/blog.polityka.pl\/narty\/wp-json\/wp\/v2\/posts"}],"about":[{"href":"https:\/\/blog.polityka.pl\/narty\/wp-json\/wp\/v2\/types\/post"}],"author":[{"embeddable":true,"href":"https:\/\/blog.polityka.pl\/narty\/wp-json\/wp\/v2\/users\/1"}],"replies":[{"embeddable":true,"href":"https:\/\/blog.polityka.pl\/narty\/wp-json\/wp\/v2\/comments?post=691"}],"version-history":[{"count":4,"href":"https:\/\/blog.polityka.pl\/narty\/wp-json\/wp\/v2\/posts\/691\/revisions"}],"predecessor-version":[{"id":695,"href":"https:\/\/blog.polityka.pl\/narty\/wp-json\/wp\/v2\/posts\/691\/revisions\/695"}],"wp:attachment":[{"href":"https:\/\/blog.polityka.pl\/narty\/wp-json\/wp\/v2\/media?parent=691"}],"wp:term":[{"taxonomy":"category","embeddable":true,"href":"https:\/\/blog.polityka.pl\/narty\/wp-json\/wp\/v2\/categories?post=691"},{"taxonomy":"post_tag","embeddable":true,"href":"https:\/\/blog.polityka.pl\/narty\/wp-json\/wp\/v2\/tags?post=691"}],"curies":[{"name":"wp","href":"https:\/\/api.w.org\/{rel}","templated":true}]}}