
{"id":703,"date":"2011-08-12T07:25:09","date_gmt":"2011-08-12T06:25:09","guid":{"rendered":"http:\/\/narty.blog.polityka.pl\/?p=703"},"modified":"2011-08-31T20:16:46","modified_gmt":"2011-08-31T19:16:46","slug":"wyzej-znaczy-wczesniej%e2%80%a6","status":"publish","type":"post","link":"https:\/\/blog.polityka.pl\/narty\/2011\/08\/12\/wyzej-znaczy-wczesniej%e2%80%a6\/","title":{"rendered":"Wy\u017cej znaczy wcze\u015bniej\u2026"},"content":{"rendered":"<p>\u2026 czyli sezon czas (wkr\u00f3tce) zacz\u0105\u0107! Pi\u0119\u0107 popularnych w Polsce (i najbli\u017cej po\u0142o\u017conych) lodowc\u00f3w Tyrolu\u00a0 og\u0142osi\u0142o ju\u017c, kiedy otworz\u0105 swoje stoki dla narciarzy i snowboardzist\u00f3w. W tym roku bowiem has\u0142em reklamowym tyrolskich lodowc\u00f3w jest nie tylko \u201eWy\u017cej znaczy lepiej!\u201d, ale w\u0142a\u015bnie: \u201eWy\u017cej znaczy wcze\u015bniej!\u201d.<\/p>\n<p>I tak, na niekt\u00f3rych zboczach Pitztaler Gletscher, najwy\u017cszego lodowca Tyrolu (3.440 m n.p.m.), b\u0119dzie mo\u017cna je\u017adzi\u0107 ju\u017c od 17 wrze\u015bnia. Swoje robi tu nie tylko wysoko\u015b\u0107, ale i zamontowany przed dwoma laty Snowmaker System, pozwalaj\u0105cy produkowa\u0107 sztuczny \u015bnieg nawet przy mocno dodatnich temperaturach i niesprzyjaj\u0105cej wilgotno\u015bci powietrza (o detalach dzia\u0142ania tej instalacji do\u015bnie\u017caj\u0105cej pisa\u0142em tu ju\u017c w pa\u017adzierniku 2009 r.\u00a0\u00a0<a href=\"http:\/\/narty.blog.polityka.pl\/2009\/10\/02\/swietny-snieg-z-izraela\/\" target=\"_blank\">\u201eSztuczny a doskona\u0142y&#8221;<\/a> oraz <a href=\"http:\/\/narty.blog.polityka.pl\/2009\/10\/09\/snowmaker-ratuje-sytuacje\/\" target=\"_blank\">\u201eSnowmaker ratuje sytuacj\u0119\u201d<\/a>).<\/p>\n<p><a href=\"\/wp-content\/uploads\/\/2009\/10\/snowmakersystem-4-male1.bmp\"><img decoding=\"async\" title=\"snowmakersystem-4-male1\" src=\"\/wp-content\/uploads\/\/2009\/10\/snowmakersystem-4-male1.bmp\" alt=\"\" \/><\/a>\u00a0<em>Pierwsze pr\u00f3by Snowmaker System na Pitztal w lecie 2009 r.<\/em><\/p>\n<p>Pod koniec wrze\u015bnia ruszy\u0107 ma Kaunertal, nazywany \u2013 z racji popularno\u015bci w\u015br\u00f3d nastoletnich mi\u0142o\u015bnik\u00f3w freeski i snowboardu \u2013 najm\u0142odszym tyrolskim lodowcem. Legendarna ju\u017c w tym \u015brodowisku impreza Kaunertal Opening w tamtejszym snowparku planowana jest w tym roku na weekend 14-16 pa\u017adziernika.<\/p>\n<p>7 pa\u017adziernika wielk\u0105 party \u201eMaxxx Mountain Gletscherstart\u201d zainauguruje sezon S\u00f6lden. Szcz\u0119\u015bliwie, pr\u00f3cz g\u0142o\u015bnej muzyki, b\u0119dzie te\u017c mo\u017cna wtedy przetestowa\u0107 narty i deski z kolekcji 2011\/2012. A potem, jak tradycja ka\u017ce na tamtejszym lodowcu Rettenbach odb\u0119d\u0105 si\u0119 tak\u017ce slalomy rozpoczynaj\u0105ce zmagania o alpejski Pucharu \u015awiata (ale to dopiero mi\u0119dzy 21 i 23 pa\u017adziernika).<\/p>\n<p>Na lodowcu Stubai (najwi\u0119kszy w Austrii i po\u0142o\u017cony tu\u017c za Innsbruckiem) sezon rozpocznie si\u0119 15 pa\u017adziernika. Sygna\u0142em b\u0119dzie \u201eO\u2019zapft is\u201d, czyli tzw, nabicie beczki. Od minionego roku w pa\u017adzierniku na Stubai odbywa si\u0119 wielki festiwal piwa na wz\u00f3r monachijskiego Oktoberfest. Tyle \u017ce \u2013 jak z dum\u0105 podkre\u015blaj\u0105 miejscowi \u2013 jest to piwna biesiada organizowana \u201enajwy\u017cej na \u015bwiecie\u201d, bo na 2900 m n.p.m. (<a href=\"http:\/\/narty.blog.polityka.pl\/2010\/09\/20\/oktoberfest-dla-narciarzy\/\" target=\"_blank\">\u201eOctoberfest dla narciarzy\u201d<\/a>, 20 wrze\u015bnia 2010 r.). Z kolei w weekend 21-23 pa\u017adziernika po raz trzeci odb\u0119dzie si\u0119 Snowpark-Opening \u201eMoreboards Stubai Premiere\u201c \u2013 konkurs snowboardowy w s\u0142ynnym w\u015br\u00f3d freestyle\u2019owc\u00f3w i deskarzy ZOO Stubai.<\/p>\n<p>Osobn\u0105 jako\u015bci\u0105 jest oczywi\u015bcie Hintertuxer Gletscher \u2013 jedyny ca\u0142oroczny lodowiec Austrii. Ju\u017c teraz mo\u017cna tam je\u017adzi\u0107 po 18 km tras (w miar\u0119 opad\u00f3w \u015bniegu otwierane s\u0105 kolejne \u2013 w pe\u0142ni sezonu jest ich tam 86 km). 30 wrze\u015bnia na Hintertux zjad\u0105 fani freeski i deski, bo otwarty zostanie wtedy tzw. Hotzone.tv Park (oferuj\u0105cy m.in. 120-metrow\u0105\u00a0 Superpipe).\u00a0<\/p>\n<p>*<\/p>\n<p>Pora zatem zaczyna\u0107 such\u0105 zapraw\u0119 (b\u0105d\u017a ukierunkowa\u0107 ju\u017c prowadzone trening pod k\u0105tem narciarstwa). Mo\u017cna te\u017c pomy\u015ble\u0107 o uzupe\u0142nieniu sprz\u0119tu, zw\u0142aszcza, \u017ce w tym sezonie nowo\u015bci nie tylko jest wiele, ale niekt\u00f3re wygl\u0105daj\u0105 na rewolucyjne!. Albo sprawdzeniu, czy aby nie warto naostrzy\u0107 stare nart y \u2013 i to w dobrym serwisie, bo wraz ze zmian\u0105 technologii zmieni\u0142a si\u0119 te\u017c technika serwisowania sprz\u0119tu. O czym tu wkr\u00f3tce napisz\u0119 \u2013 oczywi\u015bcie w oparciu o pomoc fachowc\u00f3w.<\/p>\n","protected":false},"excerpt":{"rendered":"<p>\u2026 czyli sezon czas (wkr\u00f3tce) zacz\u0105\u0107! Pi\u0119\u0107 popularnych w Polsce (i najbli\u017cej po\u0142o\u017conych) lodowc\u00f3w Tyrolu\u00a0 og\u0142osi\u0142o ju\u017c, kiedy otworz\u0105 swoje stoki dla narciarzy i snowboardzist\u00f3w. W tym roku bowiem has\u0142em reklamowym tyrolskich lodowc\u00f3w jest nie tylko \u201eWy\u017cej znaczy lepiej!\u201d, ale w\u0142a\u015bnie: \u201eWy\u017cej znaczy wcze\u015bniej!\u201d. I tak, na niekt\u00f3rych zboczach Pitztaler Gletscher, najwy\u017cszego lodowca Tyrolu (3.440 [&hellip;]<\/p>\n","protected":false},"author":1,"featured_media":0,"comment_status":"open","ping_status":"open","sticky":false,"template":"","format":"standard","meta":{"footnotes":""},"categories":[1],"tags":[],"_links":{"self":[{"href":"https:\/\/blog.polityka.pl\/narty\/wp-json\/wp\/v2\/posts\/703"}],"collection":[{"href":"https:\/\/blog.polityka.pl\/narty\/wp-json\/wp\/v2\/posts"}],"about":[{"href":"https:\/\/blog.polityka.pl\/narty\/wp-json\/wp\/v2\/types\/post"}],"author":[{"embeddable":true,"href":"https:\/\/blog.polityka.pl\/narty\/wp-json\/wp\/v2\/users\/1"}],"replies":[{"embeddable":true,"href":"https:\/\/blog.polityka.pl\/narty\/wp-json\/wp\/v2\/comments?post=703"}],"version-history":[{"count":8,"href":"https:\/\/blog.polityka.pl\/narty\/wp-json\/wp\/v2\/posts\/703\/revisions"}],"predecessor-version":[{"id":737,"href":"https:\/\/blog.polityka.pl\/narty\/wp-json\/wp\/v2\/posts\/703\/revisions\/737"}],"wp:attachment":[{"href":"https:\/\/blog.polityka.pl\/narty\/wp-json\/wp\/v2\/media?parent=703"}],"wp:term":[{"taxonomy":"category","embeddable":true,"href":"https:\/\/blog.polityka.pl\/narty\/wp-json\/wp\/v2\/categories?post=703"},{"taxonomy":"post_tag","embeddable":true,"href":"https:\/\/blog.polityka.pl\/narty\/wp-json\/wp\/v2\/tags?post=703"}],"curies":[{"name":"wp","href":"https:\/\/api.w.org\/{rel}","templated":true}]}}