
{"id":713,"date":"2011-08-18T00:01:13","date_gmt":"2011-08-17T23:01:13","guid":{"rendered":"http:\/\/narty.blog.polityka.pl\/?p=713"},"modified":"2011-08-18T06:27:02","modified_gmt":"2011-08-18T05:27:02","slug":"pierwsze-oferty","status":"publish","type":"post","link":"https:\/\/blog.polityka.pl\/narty\/2011\/08\/18\/pierwsze-oferty\/","title":{"rendered":"Pierwsze oferty 2011\/2012"},"content":{"rendered":"<p>W tym tygodniu w witrynach niekt\u00f3rych biur podr\u00f3\u017cy (w ka\u017cdym razie w Krakowie) pojawi\u0142y si\u0119 pierwsze oferty wyjazd\u00f3w narciarsko-snowboardowych 2011\/2012. Mog\u0105 okaza\u0107 si\u0119 zwiastunem cen rodzimych touroperator\u00f3w na nadchodz\u0105c\u0105 zim\u0119, wi\u0119c ju\u017c cho\u0107by dlatego warto je prze\u015bledzi\u0107.<\/p>\n<p>Przyk\u0142adowo zatem, w ramach promocji \u201efirst minute\u201d za 470 euro (ok. 1875 z\u0142) mo\u017cna w po\u0142owie grudnia rozpocz\u0105\u0107 sezon w Santa Fosca u st\u00f3p Monte Civetta (3220 m n.p.m.) w Dolomitach. W cenie jest przejazd autokarem, 6 nocleg\u00f3w, pe\u0142ne wy\u017cywienie (\u015bniadanie, zupa po zako\u0144czeniu dnia oraz 3-daniowa obiadokolacja) oraz karnet na wyci\u0105gi. Region Civetta to 80 km \u2013 co wa\u017cne: niezat\u0142oczonych \u2013 tras pomi\u0119dzy du\u017co s\u0142ynniejsz\u0105 Marmolad\u0105 a Cortin\u0105 d&#8217;Ampezzo. Na dodatek ci, kt\u00f3rzy do ko\u0144ca sierpnia wp\u0142ac\u0105 ca\u0142\u0105 kwot\u0119 wycieczki mog\u0105 liczy\u0107 na zni\u017ck\u0119 60 euro.<\/p>\n<p>W podobnej cenie (490 euro) mo\u017cna sp\u0119dzi\u0107 na nartach pierwszy tydzie\u0144 grudnia w Ischgl\/Samnaun, czyli na tzw. Silvretta Arena. To mocno snobistyczny, acz \u015bwietny narciarsko region na pograniczu austriacko-szwajcarskim. A \u017ce zdecydowana wi\u0119kszo\u015b\u0107 z 210 km tras le\u017cy powy\u017cej 2000 m n.p.m., wi\u0119c problem\u00f3w ze \u015bniegiem raczej by\u0107 nie powinno Ischgl s\u0142ynie zreszt\u0105 z nie tylko z najnowocze\u015bniejszych wyci\u0105g\u00f3w, ale te\u017c z instalacji do\u015bnie\u017caj\u0105cych. Bodaj cztery lata temu by\u0142em tam w\u0142a\u015bnie na pocz\u0105tku sezonu i je\u017adzi\u0142o si\u0119 przednio.<\/p>\n<p><a href=\"\/wp-content\/uploads\/\/2011\/08\/Ischgl1092.jpg\"><img loading=\"lazy\" decoding=\"async\" class=\"alignnone size-medium wp-image-714\" title=\"Ischgl1092\" src=\"\/wp-content\/uploads\/\/2011\/08\/Ischgl1092-300x200.jpg\" alt=\"\" width=\"300\" height=\"200\" srcset=\"\/narty\/wp-content\/uploads\/2011\/08\/Ischgl1092-300x200.jpg 300w, \/narty\/wp-content\/uploads\/2011\/08\/Ischgl1092.jpg 600w\" sizes=\"(max-width: 300px) 100vw, 300px\" \/><\/a>\u00a0<em>Ischgl na granicy austraicko-szwajcarskiej<\/em><\/p>\n<p>Dodatkow\u0105 atrakcj\u0105 mia\u0142 by\u0107 koncert gwiazdki pop Rihanny \u2013 Ischgl jako miejscowo\u015b\u0107 stawiaj\u0105ca na go\u015bci, kt\u00f3rzy lubi\u0105, by tak rzec, rozrywkowy tryb \u017cycia co rok rozpocz\u0119cie zimy u\u015bwietnia wyst\u0119pem jakiej\u015b muzycznej s\u0142awy (trzeba przyzna\u0107, \u017ce grali tam tak\u017ce Bob Dylan czy Peter Gabriel). Tu cena obejmuje wprawdzie transport autokarem, 6 nocleg\u00f3w w hotelu (w po\u0142o\u017conej nieopodal Ischgl wiosce Pfunds) i wy\u017cywienie (\u015bniadanie oraz obiadokolacja), ale za karnet trzeba zap\u0142aci\u0107 osobno ju\u017c w samej stacji (dla doros\u0142ego kosztuje on 208 euro, dzieci do lat 8 je\u017cd\u017c\u0105 gratis). Do dyspozycji grupy b\u0119dzie za to instruktor PZN.<\/p>\n<p>I ju\u017c w skr\u00f3cie: 590 euro (przejazd, 6 nocleg\u00f3w z wy\u017cywieniem i karnet!) ma kosztowa\u0107 tydzie\u0144 pocz\u0105tku grudnia na prawie 190 km pi\u0119knych tras Serfaus-Fiss-Ladis (1200-2800 m n.p.m.) w Tyrolu. Za takie same pieni\u0105dze mo\u017cna poje\u017adzi\u0107 w analogicznym okresie w uznanej Madonna di Campiglio.<\/p>\n<p>Naturalnie to tylko pierwsze z brzegu oferty. Te, w por\u00f3wnaniu z minionym rokiem, wygl\u0105daj\u0105 na do\u015b\u0107 drogie, zwa\u017cywszy zw\u0142aszcza, \u017ce chodzi o tzw. niski sezon (a biuro, z kt\u00f3rego pochodz\u0105, uchodzi\u0142o dot\u0105d za do\u015b\u0107 tanie). Ale mo\u017ce nie jest to jedyny wyznacznik cen zimowych wyjazd\u00f3w 2011\/2012 i uda si\u0119 znale\u017a\u0107 co\u015b ta\u0144szego? Zw\u0142aszcza, \u017ce chocia\u017cby ceny karnet\u00f3w w samych stacjach wcale drastycznie nie wzros\u0142y (<a href=\"http:\/\/narty.blog.polityka.pl\/2011\/05\/16\/w-la-plagne-201112-nieco-drozej-a-gdzie-indziej\/\" target=\"_blank\">&#8222;W La Plagne nieco dro\u017cej. A gdzie indziej?&#8221;<\/a>,16 maja 2011 r.). Warto szuka\u0107 (Prosz\u0119 o sygna\u0142y :)) \u2013 sam te\u017c nie omieszkam zawiadomi\u0107, je\u015bli trafi\u0119 na co\u015b atrakcyjnego. Rynek g\u00f3r\u0105!<\/p>\n","protected":false},"excerpt":{"rendered":"<p>W tym tygodniu w witrynach niekt\u00f3rych biur podr\u00f3\u017cy (w ka\u017cdym razie w Krakowie) pojawi\u0142y si\u0119 pierwsze oferty wyjazd\u00f3w narciarsko-snowboardowych 2011\/2012. Mog\u0105 okaza\u0107 si\u0119 zwiastunem cen rodzimych touroperator\u00f3w na nadchodz\u0105c\u0105 zim\u0119, wi\u0119c ju\u017c cho\u0107by dlatego warto je prze\u015bledzi\u0107. Przyk\u0142adowo zatem, w ramach promocji \u201efirst minute\u201d za 470 euro (ok. 1875 z\u0142) mo\u017cna w po\u0142owie grudnia rozpocz\u0105\u0107 [&hellip;]<\/p>\n","protected":false},"author":1,"featured_media":0,"comment_status":"open","ping_status":"open","sticky":false,"template":"","format":"standard","meta":{"footnotes":""},"categories":[1],"tags":[],"_links":{"self":[{"href":"https:\/\/blog.polityka.pl\/narty\/wp-json\/wp\/v2\/posts\/713"}],"collection":[{"href":"https:\/\/blog.polityka.pl\/narty\/wp-json\/wp\/v2\/posts"}],"about":[{"href":"https:\/\/blog.polityka.pl\/narty\/wp-json\/wp\/v2\/types\/post"}],"author":[{"embeddable":true,"href":"https:\/\/blog.polityka.pl\/narty\/wp-json\/wp\/v2\/users\/1"}],"replies":[{"embeddable":true,"href":"https:\/\/blog.polityka.pl\/narty\/wp-json\/wp\/v2\/comments?post=713"}],"version-history":[{"count":13,"href":"https:\/\/blog.polityka.pl\/narty\/wp-json\/wp\/v2\/posts\/713\/revisions"}],"predecessor-version":[{"id":727,"href":"https:\/\/blog.polityka.pl\/narty\/wp-json\/wp\/v2\/posts\/713\/revisions\/727"}],"wp:attachment":[{"href":"https:\/\/blog.polityka.pl\/narty\/wp-json\/wp\/v2\/media?parent=713"}],"wp:term":[{"taxonomy":"category","embeddable":true,"href":"https:\/\/blog.polityka.pl\/narty\/wp-json\/wp\/v2\/categories?post=713"},{"taxonomy":"post_tag","embeddable":true,"href":"https:\/\/blog.polityka.pl\/narty\/wp-json\/wp\/v2\/tags?post=713"}],"curies":[{"name":"wp","href":"https:\/\/api.w.org\/{rel}","templated":true}]}}