
{"id":728,"date":"2011-08-31T19:52:50","date_gmt":"2011-08-31T18:52:50","guid":{"rendered":"http:\/\/narty.blog.polityka.pl\/?p=728"},"modified":"2011-09-01T06:21:38","modified_gmt":"2011-09-01T05:21:38","slug":"przyjechalo-piec-lodowcow","status":"publish","type":"post","link":"https:\/\/blog.polityka.pl\/narty\/2011\/08\/31\/przyjechalo-piec-lodowcow\/","title":{"rendered":"Przyjecha\u0142o pi\u0119\u0107 lodowc\u00f3w"},"content":{"rendered":"<p>Prawdziwi pasjonaci ju\u017c powinni by\u0107 w g\u00f3rach \u2013 odpar\u0142a mi bez chwili wahania Sarah Moser z tyrolskiego lodowca Hintertux, gdy zapyta\u0142em, ile czasu maj\u0105 entuzja\u015bci nart i snowboardu na spakowanie si\u0119 przed pierwsz\u0105 wypraw\u0105 sezonu 2011\/12.<\/p>\n<p>I mia\u0142a racj\u0119 \u2013 na Hintertux Gletscher mo\u017cna przecie\u017c je\u017adzi\u0107 okr\u0105g\u0142y rok (poza klasycznym sezonem po 18 km tras, a w jego pe\u0142ni po blisko 90 km). Na dodatek w miniony weekend spad\u0142o tam 25 cm \u015bniegu. Zreszt\u0105 i pozosta\u0142e cztery lodowce Tyrolu lada moment \u2013 bo w po\u0142owie wrze\u015bnia albo najp\u00f3\u017aniej na pocz\u0105tku pa\u017adziernika \u2013 uruchomi\u0105 swoje wyci\u0105gi (<a href=\"http:\/\/narty.blog.polityka.pl\/2011\/08\/12\/wyzej-znaczy-wczesniej%e2%80%a6\/\" target=\"_blank\">&#8222;Wy\u017cej znaczy wcze\u015bniej&#8221;<\/a>, 8 sierpnia b.r.). Zapewniali o tym ich reprezentanci podczas promocyjnych spotka\u0144 z przedstawicielami biur podr\u00f3\u017cy i dziennikarzami w Krakowie i w Warszawie (sk\u0105d pojechali do Pragi, a potem do kolejnych miast naszej cz\u0119\u015bci Europy).<\/p>\n<p><a href=\"\/wp-content\/uploads\/\/2011\/08\/Hintertuxer-Gletscher_copyright_Zillertaler_Gletscherbahn-3n-m.jpg\"><img loading=\"lazy\" decoding=\"async\" title=\"Hintertuxer Gletscher_copyright_Zillertaler_Gletscherbahn (3)n m\" src=\"\/wp-content\/uploads\/\/2011\/08\/Hintertuxer-Gletscher_copyright_Zillertaler_Gletscherbahn-3n-m-300x200.jpg\" alt=\"\" width=\"300\" height=\"200\" \/><\/a>\u00a0<em>Lodowiec Hintertux<\/em> (f<em>ot.\u00a0Zillertaler_Gletscherbahn)<\/em><\/p>\n<p>Opowiadali o tegorocznych inwestycjach w wyci\u0105gi, instalacje za\u015bnie\u017caj\u0105c<a href=\"\/wp-content\/uploads\/\/2011\/08\/Hintertuxer-Gletscher_copyright_Zillertaler_Gletscherbahn-3n-m.jpg\"><\/a>e i skiparki, o coraz to nowych pomys\u0142ach na przyci\u0105gni\u0119cie go\u015bci, o cenach skipass\u00f3w i nocleg\u00f3w (\u201etak, posz\u0142y jakie\u015b 2 proc. w g\u00f3r\u0119, ale inflacja w Austrii wynosi 3 proc., wi\u0119c jazda na nartach potania\u0142a\u201d) oraz o rozmaitych ulgach i udogodnieniach (zw\u0142aszcza dla rodzin), o planach oraz strategiach rozwoju poszczeg\u00f3lnych stacji i o barierach, jakie musz\u0105 pokonywa\u0107. A wreszcie o tym, jak chronili swoje lodowce przed s\u0142o\u0144cem i topnieniem.<\/p>\n<p>O wszystkim tym po kolei b\u0119d\u0119 tu teraz pisa\u0142.<\/p>\n","protected":false},"excerpt":{"rendered":"<p>Prawdziwi pasjonaci ju\u017c powinni by\u0107 w g\u00f3rach \u2013 odpar\u0142a mi bez chwili wahania Sarah Moser z tyrolskiego lodowca Hintertux, gdy zapyta\u0142em, ile czasu maj\u0105 entuzja\u015bci nart i snowboardu na spakowanie si\u0119 przed pierwsz\u0105 wypraw\u0105 sezonu 2011\/12. I mia\u0142a racj\u0119 \u2013 na Hintertux Gletscher mo\u017cna przecie\u017c je\u017adzi\u0107 okr\u0105g\u0142y rok (poza klasycznym sezonem po 18 km tras, [&hellip;]<\/p>\n","protected":false},"author":1,"featured_media":0,"comment_status":"open","ping_status":"open","sticky":false,"template":"","format":"standard","meta":{"footnotes":""},"categories":[1],"tags":[],"_links":{"self":[{"href":"https:\/\/blog.polityka.pl\/narty\/wp-json\/wp\/v2\/posts\/728"}],"collection":[{"href":"https:\/\/blog.polityka.pl\/narty\/wp-json\/wp\/v2\/posts"}],"about":[{"href":"https:\/\/blog.polityka.pl\/narty\/wp-json\/wp\/v2\/types\/post"}],"author":[{"embeddable":true,"href":"https:\/\/blog.polityka.pl\/narty\/wp-json\/wp\/v2\/users\/1"}],"replies":[{"embeddable":true,"href":"https:\/\/blog.polityka.pl\/narty\/wp-json\/wp\/v2\/comments?post=728"}],"version-history":[{"count":7,"href":"https:\/\/blog.polityka.pl\/narty\/wp-json\/wp\/v2\/posts\/728\/revisions"}],"predecessor-version":[{"id":731,"href":"https:\/\/blog.polityka.pl\/narty\/wp-json\/wp\/v2\/posts\/728\/revisions\/731"}],"wp:attachment":[{"href":"https:\/\/blog.polityka.pl\/narty\/wp-json\/wp\/v2\/media?parent=728"}],"wp:term":[{"taxonomy":"category","embeddable":true,"href":"https:\/\/blog.polityka.pl\/narty\/wp-json\/wp\/v2\/categories?post=728"},{"taxonomy":"post_tag","embeddable":true,"href":"https:\/\/blog.polityka.pl\/narty\/wp-json\/wp\/v2\/tags?post=728"}],"curies":[{"name":"wp","href":"https:\/\/api.w.org\/{rel}","templated":true}]}}