
{"id":740,"date":"2011-09-02T01:31:26","date_gmt":"2011-09-02T00:31:26","guid":{"rendered":"http:\/\/narty.blog.polityka.pl\/?p=740"},"modified":"2011-09-01T22:11:03","modified_gmt":"2011-09-01T21:11:03","slug":"uczniowie-na-narty","status":"publish","type":"post","link":"https:\/\/blog.polityka.pl\/narty\/2011\/09\/02\/uczniowie-na-narty\/","title":{"rendered":"Uczniowie na narty"},"content":{"rendered":"<p><a href=\"\/wp-content\/uploads\/\/2011\/09\/Kubu-z-rodzicami-ma\u0142e1.jpg\"><\/a>Rodzice-narciarze na pocz\u0105tku roku szkolnego swoich dzieci-narciarzy my\u015bl\u0105 m.in. o tym, kiedy b\u0119d\u0105 mogli wreszcie pojecha\u0107 razem w g\u00f3ry. Warto wi\u0119c przypomnie\u0107 terminy ferii uczniowskich sezonu 2011\/12.<\/p>\n<p><a href=\"\/wp-content\/uploads\/\/2011\/09\/Kubu-z-rodzicami-ma\u0142e1.jpg\"><img loading=\"lazy\" decoding=\"async\" title=\"OLYMPUS DIGITAL CAMERA\" src=\"\/wp-content\/uploads\/\/2011\/09\/Kubu-z-rodzicami-ma\u0142e1-300x225.jpg\" alt=\"\" width=\"300\" height=\"225\" \/><\/a>\u00a0<em>Kuba (jeszcze w wieku przedszkolnym, bo jako czterolatek) z rodzicami\u00a0w Tignes<\/em><\/p>\n<p>Najwcze\u015bniej, bo mi\u0119dzy 16 a 29 stycznia 2012 r. zimowe wyprawy planowa\u0107 mog\u0105 rodziny z wojew\u00f3dztw dolno\u015bl\u0105skiego, mazowieckiego, opolskiego i zachodniopomorskiego. Od 23 stycznia do 5 lutego przerw\u0119 w nauce b\u0119d\u0105 mia\u0142y szko\u0142y w Podlaskiem i Warmi\u0144sko-Mazurskiem. Mi\u0119dzy 30 stycznia a 12 lutego w g\u00f3ry mog\u0105 jecha\u0107 uczniowie (i rodzice) wojew\u00f3dztw: lubelskiego, \u0142\u00f3dzkiego, podkarpackiego, pomorskiego i \u015bl\u0105skiego. Z kolei od 13 do 26 lutego 2012 \u2013 kujawsko-pomorskiego, lubuskiego, ma\u0142opolskiego, \u015bwi\u0119tokrzyskiego i wielkopolskiego,<\/p>\n<p>Naturalnie nie znaczy to, \u017ce najwi\u0119ksi pasjonaci nie zabior\u0105 swoich dzieci na narty czy snowboard w innych terminach \u2013 cho\u0107by kosztem opuszczenia paru lekcji. I pewnie dzieciakom wyjdzie to na zdrowie :).<\/p>\n","protected":false},"excerpt":{"rendered":"<p>Rodzice-narciarze na pocz\u0105tku roku szkolnego swoich dzieci-narciarzy my\u015bl\u0105 m.in. o tym, kiedy b\u0119d\u0105 mogli wreszcie pojecha\u0107 razem w g\u00f3ry. Warto wi\u0119c przypomnie\u0107 terminy ferii uczniowskich sezonu 2011\/12. \u00a0Kuba (jeszcze w wieku przedszkolnym, bo jako czterolatek) z rodzicami\u00a0w Tignes Najwcze\u015bniej, bo mi\u0119dzy 16 a 29 stycznia 2012 r. zimowe wyprawy planowa\u0107 mog\u0105 rodziny z wojew\u00f3dztw dolno\u015bl\u0105skiego, [&hellip;]<\/p>\n","protected":false},"author":1,"featured_media":0,"comment_status":"open","ping_status":"open","sticky":false,"template":"","format":"standard","meta":{"footnotes":""},"categories":[1],"tags":[],"_links":{"self":[{"href":"https:\/\/blog.polityka.pl\/narty\/wp-json\/wp\/v2\/posts\/740"}],"collection":[{"href":"https:\/\/blog.polityka.pl\/narty\/wp-json\/wp\/v2\/posts"}],"about":[{"href":"https:\/\/blog.polityka.pl\/narty\/wp-json\/wp\/v2\/types\/post"}],"author":[{"embeddable":true,"href":"https:\/\/blog.polityka.pl\/narty\/wp-json\/wp\/v2\/users\/1"}],"replies":[{"embeddable":true,"href":"https:\/\/blog.polityka.pl\/narty\/wp-json\/wp\/v2\/comments?post=740"}],"version-history":[{"count":10,"href":"https:\/\/blog.polityka.pl\/narty\/wp-json\/wp\/v2\/posts\/740\/revisions"}],"predecessor-version":[{"id":744,"href":"https:\/\/blog.polityka.pl\/narty\/wp-json\/wp\/v2\/posts\/740\/revisions\/744"}],"wp:attachment":[{"href":"https:\/\/blog.polityka.pl\/narty\/wp-json\/wp\/v2\/media?parent=740"}],"wp:term":[{"taxonomy":"category","embeddable":true,"href":"https:\/\/blog.polityka.pl\/narty\/wp-json\/wp\/v2\/categories?post=740"},{"taxonomy":"post_tag","embeddable":true,"href":"https:\/\/blog.polityka.pl\/narty\/wp-json\/wp\/v2\/tags?post=740"}],"curies":[{"name":"wp","href":"https:\/\/api.w.org\/{rel}","templated":true}]}}