
{"id":762,"date":"2011-09-15T08:31:42","date_gmt":"2011-09-15T07:31:42","guid":{"rendered":"http:\/\/narty.blog.polityka.pl\/?p=762"},"modified":"2011-09-15T12:01:38","modified_gmt":"2011-09-15T11:01:38","slug":"alkohol-kaski-i-ratownicy","status":"publish","type":"post","link":"https:\/\/blog.polityka.pl\/narty\/2011\/09\/15\/alkohol-kaski-i-ratownicy\/","title":{"rendered":"Alkohol, kaski i ratownicy"},"content":{"rendered":"<p>To dobra ustawa, kt\u00f3ra wp\u0142ynie pozytywnie na nasz\u0105 skuteczno\u015b\u0107 \u2013 napisa\u0142 na stronie internetowej Tatrza\u0144skiego Ochotniczego Pogotowia Ratunkowego naczelnik Jan Krzysztof. Chodzi o podpisan\u0105 w\u0142a\u015bnie przez prezydenta ustaw\u0119 \u201eo bezpiecze\u0144stwie i ratownictwie w g\u00f3rach i na zorganizowanych terenach narciarskich\u201d.<\/p>\n<p>Dotychczas nie by\u0142o jednego aktu reguluj\u0105cego te kwestie, natomiast wiele stosownych przepis\u00f3w zawiera\u0142y rozmaite rozporz\u0105dzenia.<\/p>\n<p>W my\u015bl ustawy narciarz lub snowboardzista do uko\u0144czenia 16-tego roku \u017cycia b\u0119dzie musia\u0142 mie\u0107 w czasie jazdy kask. Za niedopilnowanie tego nakazu opiekunom dziecka grozi\u0107 ma grzywna. Obowi\u0105zek taki (dla dzieci do 15 roku \u017cycia) wprowadzono ju\u017c wprawdzie w po\u0142owie sezonu 2009\/2010 roku ustaw\u0105 o kulturze fizycznej, ale rych\u0142o zosta\u0142a ona zast\u0105piona ustaw\u0105 o sporcie, a w niej o kaskach mowy ju\u017c nie by\u0142o.<\/p>\n<p><a href=\"\/wp-content\/uploads\/\/2011\/09\/P3270634-ma\u0142e.jpg\"><img loading=\"lazy\" decoding=\"async\" title=\"OLYMPUS DIGITAL CAMERA\" src=\"\/wp-content\/uploads\/\/2011\/09\/P3270634-ma\u0142e-300x225.jpg\" alt=\"\" width=\"300\" height=\"225\" \/><\/a><\/p>\n<p>Nowe przepisy zabraniaj\u0105 tak\u017ce jazdy \u201ew stanie nietrze\u017awo\u015bci lub pod wp\u0142ywem \u015brodka odurzaj\u0105cego\u201d. I tu kar\u0105 mo\u017ce by\u0107 grzywna. Zarz\u0105dzaj\u0105cy terenem narciarskim b\u0119d\u0105 mogli odm\u00f3wi\u0107 wst\u0119pu albo nakaza\u0107 opuszczenie stoku osobie, kt\u00f3rej zachowanie na to \u201ewyra\u017anie wskazuje\u201d.<\/p>\n<p>Ustawa precyzuje r\u00f3wnie\u017c zasady finansowania ratownictwa g\u00f3rskiego. Dot\u0105d regulowa\u0142y to ustawy o finansach publicznych oraz o dzia\u0142alno\u015bci po\u017cytku publicznego i o wolontariacie. TOPR i GOPR dostawa\u0142y pieni\u0105dze z bud\u017cetu (w bie\u017c\u0105cym roku \u2013 9 mln z\u0142otych), ale ratownicy skar\u017cyli si\u0119, \u017ce pokrywaj\u0105 one ledwie po\u0142ow\u0119 koszt\u00f3w. Reszta pochodzi\u0107 musia\u0142a z tzw. \u017ar\u00f3de\u0142 w\u0142asnych organizacji, czyli od rozmaitych sponsor\u00f3w i darczy\u0144c\u00f3w. Ta pula jest jednak zawsze mocno niepewna.<\/p>\n<p><a href=\"\/wp-content\/uploads\/\/2011\/09\/images.jpg\"><\/a><\/p>\n<p>Teraz, zgodnie z sugestiami ratownik\u00f3w, konkretne dzia\u0142ania TOPR i GOPR bud\u017cet pa\u0144stwa (a konkretnie ministerstwo spraw wewn\u0119trznych) op\u0142aca\u0142 b\u0119dzie w ca\u0142o\u015bci. Zakres zada\u0144 ratownik\u00f3w zostanie w efekcie precyzyjnie okre\u015blony (ustali go corocznie MSWiA w zale\u017cno\u015bci od tego, jakimi \u015brodkami b\u0119dzie dysponowa\u0142). R\u00f3wnocze\u015bnie pojawi si\u0119 szansa na racjonalne wydatkowanie publicznych pieni\u0119dzy, bo resort ma szerokie uprawnienia kontrolne. Oczywi\u015bcie niezale\u017cnie od tego TOPR i GOPR b\u0119d\u0105 mog\u0142y by\u0107 dofinansowywane przez samorz\u0105dy. Dostan\u0105 nadto 15 proc. z bilet\u00f3w wst\u0119pu do le\u017c\u0105cych w g\u00f3rach park\u00f3w narodowych.<\/p>\n<p><a href=\"\/wp-content\/uploads\/\/2011\/09\/images.jpg\"><img loading=\"lazy\" decoding=\"async\" title=\"images\" src=\"\/wp-content\/uploads\/\/2011\/09\/images.jpg\" alt=\"\" width=\"77\" height=\"95\" \/><\/a><\/p>\n<p>Ustawa oddziela przy tym ratownictwo g\u00f3rskie od \u201eorganizowania i finansowania\u201d ratownictwa na zorganizowanych terenach narciarskich \u2013 to znajdzie si\u0119 w gestii zarz\u0105dzaj\u0105cych stokami. Tworzy te\u017c nowy zaw\u00f3d \u2013 \u201eratownika narciarskiego\u201d. Osoby z takimi uprawnieniami b\u0119d\u0105 dba\u0107 o bezpiecze\u0144stwo na terenach narciarskich (dot\u0105d stacje musia\u0142y wynajmowa\u0107 w tym celu ratownik\u00f3w g\u00f3rskich, kt\u00f3rzy maj\u0105 wy\u017csze kompetencje, ich praca kosztuje wi\u0119c wi\u0119cej).<\/p>\n<p>Nowe przepisy nie reguluj\u0105 natomiast tzw. prawa \u015bniegu (czyli mo\u017cliwo\u015bci wytyczania tras narciarskich przez cudze grunty), o co w niekt\u00f3rych turystycznych miejscowo\u015bciach toczy si\u0119 sp\u00f3r mi\u0119dzy w\u0142a\u015bcicielami wyci\u0105g\u00f3w a mieszka\u0144cami.<\/p>\n<p>Ustawa wejdzie w \u017cycie po trzech miesi\u0105cach od og\u0142oszenia.<\/p>\n<p>Jan Krzysztof okre\u015bl\u0105 j\u0105 jako \u201ejeden z najwa\u017cniejszych krok\u00f3w w ponad 100 letniej tradycji ratownictwa g\u00f3rskiego w Polsce\u201d. Faktycznie, nakaz jazdy w kaskach dla dzieci i zakaz jazdy po piwie z w\u00f3dk\u0105 albo paru jointach wydaj\u0105 si\u0119 by\u0107 \u2013 wobec niefrasobliwo\u015bci, czy po prostu g\u0142upoty wielu rodak\u00f3w \u2013 jak najbardziej zasadny. Mo\u017ce jednak szkoda, \u017ce ustawodawcy nie zdecydowali si\u0119 na r\u00f3wnie radykalne rozwi\u0105zanie w kwestii finansowania akcji ratowniczych? Chocia\u017cby wprowadzenia obowi\u0105zkowego ubezpieczenia (wliczanego. na przyk\u0142ad, w cen\u0119 karnet\u00f3w) dla narciarzy i snowboardzist\u00f3w? Bo ewentualne pr\u00f3by refundacji koszt\u00f3w akcji ratownik\u00f3w narciarskich i pomocy medycznej w <a href=\"\/wp-content\/uploads\/\/2011\/09\/P3270634-ma\u0142e.jpg\"><\/a>drodze procesu cywilnego b\u0119d\u0105 \u2013 w realiach polskiego s\u0105downictwa \u2013 potwornie uci\u0105\u017cliwe.<\/p>\n","protected":false},"excerpt":{"rendered":"<p>To dobra ustawa, kt\u00f3ra wp\u0142ynie pozytywnie na nasz\u0105 skuteczno\u015b\u0107 \u2013 napisa\u0142 na stronie internetowej Tatrza\u0144skiego Ochotniczego Pogotowia Ratunkowego naczelnik Jan Krzysztof. Chodzi o podpisan\u0105 w\u0142a\u015bnie przez prezydenta ustaw\u0119 \u201eo bezpiecze\u0144stwie i ratownictwie w g\u00f3rach i na zorganizowanych terenach narciarskich\u201d. Dotychczas nie by\u0142o jednego aktu reguluj\u0105cego te kwestie, natomiast wiele stosownych przepis\u00f3w zawiera\u0142y rozmaite rozporz\u0105dzenia. W [&hellip;]<\/p>\n","protected":false},"author":1,"featured_media":0,"comment_status":"open","ping_status":"open","sticky":false,"template":"","format":"standard","meta":{"footnotes":""},"categories":[1],"tags":[],"_links":{"self":[{"href":"https:\/\/blog.polityka.pl\/narty\/wp-json\/wp\/v2\/posts\/762"}],"collection":[{"href":"https:\/\/blog.polityka.pl\/narty\/wp-json\/wp\/v2\/posts"}],"about":[{"href":"https:\/\/blog.polityka.pl\/narty\/wp-json\/wp\/v2\/types\/post"}],"author":[{"embeddable":true,"href":"https:\/\/blog.polityka.pl\/narty\/wp-json\/wp\/v2\/users\/1"}],"replies":[{"embeddable":true,"href":"https:\/\/blog.polityka.pl\/narty\/wp-json\/wp\/v2\/comments?post=762"}],"version-history":[{"count":6,"href":"https:\/\/blog.polityka.pl\/narty\/wp-json\/wp\/v2\/posts\/762\/revisions"}],"predecessor-version":[{"id":771,"href":"https:\/\/blog.polityka.pl\/narty\/wp-json\/wp\/v2\/posts\/762\/revisions\/771"}],"wp:attachment":[{"href":"https:\/\/blog.polityka.pl\/narty\/wp-json\/wp\/v2\/media?parent=762"}],"wp:term":[{"taxonomy":"category","embeddable":true,"href":"https:\/\/blog.polityka.pl\/narty\/wp-json\/wp\/v2\/categories?post=762"},{"taxonomy":"post_tag","embeddable":true,"href":"https:\/\/blog.polityka.pl\/narty\/wp-json\/wp\/v2\/tags?post=762"}],"curies":[{"name":"wp","href":"https:\/\/api.w.org\/{rel}","templated":true}]}}