
{"id":8022,"date":"2026-01-05T14:48:12","date_gmt":"2026-01-05T13:48:12","guid":{"rendered":"https:\/\/blog.polityka.pl\/narty\/?p=8022"},"modified":"2026-01-05T14:50:51","modified_gmt":"2026-01-05T13:50:51","slug":"na-slowacji-nieletni-w-kaskach","status":"publish","type":"post","link":"https:\/\/blog.polityka.pl\/narty\/2026\/01\/05\/na-slowacji-nieletni-w-kaskach\/","title":{"rendered":"Na S\u0142owacji nieletni w kaskach!"},"content":{"rendered":"\n<p>Od 1 stycznia 2026 roku na stokach S\u0142owacji narciarze i snowboardzi\u015bci, kt\u00f3rzy nie uko\u0144czyli osiemnastego roku \u017cycia, musz\u0105 je\u017adzi\u0107 w kaskach \u2013 sygnalizuj\u0105 koneserzy (a znam ich wielu, a i sam si\u0119 do nich zaliczam) tamtejszych zboczy.<\/p>\n\n\n\n<!--more-->\n\n\n\n<p>Obowi\u0105zek ten wprowadzono oczywi\u015bcie w trosce o bezpiecze\u0144stwo \u2013 szacuje si\u0119, \u017ce kask zmniejsza ryzyko obra\u017ce\u0144 m\u00f3zgu o 50 proc., a i w razie wyst\u0105pienia obra\u017ce\u0144 koszty leczenia s\u0105 znacznie mniejsze. Dlatego w\u0142a\u015bnie (\u015bladem chocia\u017cby W\u0142och, gdzie kaski musz\u0105 mie\u0107 wszyscy narciarze) w\u0142adze zdecydowa\u0142y si\u0119 zaostrzy\u0107 rygory i podnie\u015b\u0107 granic\u0119 wieku obligatoryjnego u\u017cywania kask\u00f3w (do tej pory wynosi\u0142a ona pi\u0119tna\u015bcie lat). Co wa\u017cne, nowe regulacje pozwalaj\u0105 te\u017c zarz\u0105dcom o\u015brodk\u00f3w narciarskich nie wpuszcza\u0107 na wyci\u0105gi oraz stoki dzieci i m\u0142odzie\u017cy nie maj\u0105cej kask\u00f3w, a mandat za nieprzestrzeganie zarz\u0105dzenia si\u0119ga\u0107 mo\u017ce ponad trzystu euro. Kask musi by\u0107 nadto certyfikowany (a wi\u0119c spe\u0142niaj\u0105cy norm\u0119 CE EN 1077).<\/p>\n\n\n\n<figure class=\"wp-block-image size-full\"><a href=\"\/narty\/wp-content\/uploads\/2026\/01\/20241130_101441.jpg\"><img loading=\"lazy\" decoding=\"async\" width=\"1456\" height=\"1092\" src=\"\/narty\/wp-content\/uploads\/2026\/01\/20241130_101441.jpg\" alt=\"\" class=\"wp-image-8023\"\/><\/a><\/figure>\n\n\n\n<p><em>Szczyt Chopoka (Tatry Niskie), 2024 m n.p.m.<\/em><\/p>\n","protected":false},"excerpt":{"rendered":"<p>Od 1 stycznia 2026 roku na stokach S\u0142owacji narciarze i snowboardzi\u015bci, kt\u00f3rzy nie uko\u0144czyli osiemnastego roku \u017cycia, musz\u0105 je\u017adzi\u0107 w kaskach \u2013 sygnalizuj\u0105 koneserzy (a znam ich wielu, a i sam si\u0119 do nich zaliczam) tamtejszych zboczy.<\/p>\n","protected":false},"author":1,"featured_media":0,"comment_status":"open","ping_status":"closed","sticky":false,"template":"","format":"standard","meta":{"footnotes":""},"categories":[1],"tags":[47,71],"_links":{"self":[{"href":"https:\/\/blog.polityka.pl\/narty\/wp-json\/wp\/v2\/posts\/8022"}],"collection":[{"href":"https:\/\/blog.polityka.pl\/narty\/wp-json\/wp\/v2\/posts"}],"about":[{"href":"https:\/\/blog.polityka.pl\/narty\/wp-json\/wp\/v2\/types\/post"}],"author":[{"embeddable":true,"href":"https:\/\/blog.polityka.pl\/narty\/wp-json\/wp\/v2\/users\/1"}],"replies":[{"embeddable":true,"href":"https:\/\/blog.polityka.pl\/narty\/wp-json\/wp\/v2\/comments?post=8022"}],"version-history":[{"count":3,"href":"https:\/\/blog.polityka.pl\/narty\/wp-json\/wp\/v2\/posts\/8022\/revisions"}],"predecessor-version":[{"id":8026,"href":"https:\/\/blog.polityka.pl\/narty\/wp-json\/wp\/v2\/posts\/8022\/revisions\/8026"}],"wp:attachment":[{"href":"https:\/\/blog.polityka.pl\/narty\/wp-json\/wp\/v2\/media?parent=8022"}],"wp:term":[{"taxonomy":"category","embeddable":true,"href":"https:\/\/blog.polityka.pl\/narty\/wp-json\/wp\/v2\/categories?post=8022"},{"taxonomy":"post_tag","embeddable":true,"href":"https:\/\/blog.polityka.pl\/narty\/wp-json\/wp\/v2\/tags?post=8022"}],"curies":[{"name":"wp","href":"https:\/\/api.w.org\/{rel}","templated":true}]}}