
{"id":8027,"date":"2026-01-10T17:47:36","date_gmt":"2026-01-10T16:47:36","guid":{"rendered":"https:\/\/blog.polityka.pl\/narty\/?p=8027"},"modified":"2026-01-10T17:47:36","modified_gmt":"2026-01-10T16:47:36","slug":"po-bloniach-na-biegowkach","status":"publish","type":"post","link":"https:\/\/blog.polityka.pl\/narty\/2026\/01\/10\/po-bloniach-na-biegowkach\/","title":{"rendered":"Po B\u0142oniach na bieg\u00f3wkach"},"content":{"rendered":"\n<p>Zarz\u0105d Zieleni Miejskich Krakjowa og\u0142osi\u0142: Za nami pierwsze wygniatanie \u015bladu dla nart biegowych na B\u0142oniach!<\/p>\n\n\n\n<!--more-->\n\n\n\n<p>Od sobotniego (10 stycznia) rana na najwi\u0119kszej \u0142\u0105ce amista (8\u00a0ha powierzchni o obwodzie ok. 3500 metr\u00f3w) pracowa\u0142 skuter, wytyczaj\u0105cy tory dla narciarskich biegaczy.<\/p>\n\n\n\n<p><\/p>\n\n\n\n<figure class=\"wp-block-image size-full\"><a href=\"\/narty\/wp-content\/uploads\/2026\/01\/612393418_1308773717954445_3614098395783280173_n.jpg\"><img loading=\"lazy\" decoding=\"async\" width=\"2048\" height=\"1536\" src=\"\/narty\/wp-content\/uploads\/2026\/01\/612393418_1308773717954445_3614098395783280173_n.jpg\" alt=\"\" class=\"wp-image-8028\"\/><\/a><\/figure>\n\n\n\n<p>Na razie poprowadzone s\u0105 one od strony al. 3 Maja, gdzie wykonana jest r\u00f3wnie\u017c nawrotka. Pokrywa \u015bniegu jest bowiem wci\u0105\u017c zbyt ma\u0142a, \u017ceby utwardzi\u0107 pe\u0142n\u0105 p\u0119tle wok\u00f3\u0142 B\u0142o\u0144. Ale oczywi\u015bcie je\u015bli tylko pozwol\u0105 na to warunki pogodowe trasa zostanie wyd\u0142u\u017cona.<\/p>\n\n\n\n<p>Administratorzy biegowego toru apeluj\u0105: \u201eProsimy o szanowanie wygniecionego \u015bladu, nie niszczmy go ani nie zadeptujmy. B\u0142onia to miejsce szczeg\u00f3lne dla krakowian. Latem t\u0119tni\u0105 \u017cyciem i sportem, niech zim\u0105 b\u0119dzie tak samo\u201d. I dodaj\u0105: \u201eKorzystajcie, wygniatajcie i biegajcie po krakowskich B\u0142oniach!\u201d<\/p>\n\n\n\n<figure class=\"wp-block-image size-full\"><a href=\"\/narty\/wp-content\/uploads\/2026\/01\/613178641_1308776067954210_4478543715933357154_n.jpg\"><img loading=\"lazy\" decoding=\"async\" width=\"2048\" height=\"1536\" src=\"\/narty\/wp-content\/uploads\/2026\/01\/613178641_1308776067954210_4478543715933357154_n.jpg\" alt=\"\" class=\"wp-image-8029\"\/><\/a><\/figure>\n","protected":false},"excerpt":{"rendered":"<p>Zarz\u0105d Zieleni Miejskich Krakjowa og\u0142osi\u0142: Za nami pierwsze wygniatanie \u015bladu dla nart biegowych na B\u0142oniach!<\/p>\n","protected":false},"author":1,"featured_media":0,"comment_status":"open","ping_status":"closed","sticky":false,"template":"","format":"standard","meta":{"footnotes":""},"categories":[1],"tags":[332,263],"_links":{"self":[{"href":"https:\/\/blog.polityka.pl\/narty\/wp-json\/wp\/v2\/posts\/8027"}],"collection":[{"href":"https:\/\/blog.polityka.pl\/narty\/wp-json\/wp\/v2\/posts"}],"about":[{"href":"https:\/\/blog.polityka.pl\/narty\/wp-json\/wp\/v2\/types\/post"}],"author":[{"embeddable":true,"href":"https:\/\/blog.polityka.pl\/narty\/wp-json\/wp\/v2\/users\/1"}],"replies":[{"embeddable":true,"href":"https:\/\/blog.polityka.pl\/narty\/wp-json\/wp\/v2\/comments?post=8027"}],"version-history":[{"count":1,"href":"https:\/\/blog.polityka.pl\/narty\/wp-json\/wp\/v2\/posts\/8027\/revisions"}],"predecessor-version":[{"id":8030,"href":"https:\/\/blog.polityka.pl\/narty\/wp-json\/wp\/v2\/posts\/8027\/revisions\/8030"}],"wp:attachment":[{"href":"https:\/\/blog.polityka.pl\/narty\/wp-json\/wp\/v2\/media?parent=8027"}],"wp:term":[{"taxonomy":"category","embeddable":true,"href":"https:\/\/blog.polityka.pl\/narty\/wp-json\/wp\/v2\/categories?post=8027"},{"taxonomy":"post_tag","embeddable":true,"href":"https:\/\/blog.polityka.pl\/narty\/wp-json\/wp\/v2\/tags?post=8027"}],"curies":[{"name":"wp","href":"https:\/\/api.w.org\/{rel}","templated":true}]}}