
{"id":71,"date":"2007-05-22T17:11:52","date_gmt":"2007-05-22T15:11:52","guid":{"rendered":"http:\/\/naukowy.blog.polityka.pl\/?p=71"},"modified":"2013-02-23T23:35:59","modified_gmt":"2013-02-23T22:35:59","slug":"ekologia-i-polityka-la-francaise","status":"publish","type":"post","link":"https:\/\/blog.polityka.pl\/naukowy\/2007\/05\/22\/ekologia-i-polityka-la-francaise\/","title":{"rendered":"Ekologia i polityka a la fran\u00e7aise"},"content":{"rendered":"<p><strong><img loading=\"lazy\" decoding=\"async\" width=\"200\" vspace=\"5\" hspace=\"5\" height=\"200\" border=\"0\" align=\"left\" title=\"francja_200.jpg\" alt=\"francja_200.jpg\" src=\"http:\/\/naukowy.blog.polityka.pl\/wp-content\/uploads\/francja_200.jpg\" \/>Chyba po raz pierwszy w historii nie tylko Francji minister ochrony \u015brodowiska nie jest jedynie rz\u0105dowym figurantem.<\/strong><\/p>\n<p>Francja ma od kilku dni nowego prezydenta i nowy rz\u0105d. Jedn\u0105 z licznych rz\u0105dowych nowo\u015bci jest utworzenie superministerstwa ekologii, rozwoju i trwa\u0142ego zagospodarowania terytorium.<\/p>\n<p>Ministrem od ekologii zosta\u0142 by\u0142y premier Francji, de facto &#8222;numer dwa&#8221; w nowym rz\u0105dzie po premierze Fran\u00e7ois Fillonie i ci\u0105gle mer Bordeaux, Alain Jupp\u00e9. Jupp\u00e9 by\u0142 do niedawna pupilkiem Chiraca, kt\u00f3ry przez d\u0142ugi czas forsowa\u0142 jego kandydatur\u0119 na swego nast\u0119pc\u0119. Plany te nie powiod\u0142y si\u0119 ze wzgl\u0119du na wyrok s\u0105dowy, kt\u00f3ry zaci\u0105\u017cy\u0142 na Jupp\u00e9. Chodzi\u0142o o jego udzia\u0142 w aferze fikcyjnych posad w merostwie Pary\u017ca za czas\u00f3w, gdy w\u0142adza w paryskim ratuszu nale\u017ca\u0142a w\u0142a\u015bnie do Chiraka. To oczywi\u015bcie nie ma wiele do rzeczy, ale pozwala wyja\u015bni\u0107 nieco t\u0142o polityczne mianowania nowego superministra ekologii.<\/p>\n<p><!--more--><\/p>\n<p>Jupp\u00e9 dosta\u0142 specjalnie dla niego skrojon\u0105 obszern\u0105 tek\u0119 ministra ekologii, rozwoju i trwa\u0142ego zagospodarowania terytorium. Nowe ministerstwo obejmuje przyk\u0142adowo tradycyjny obszar dzia\u0142a\u0144 ministra transportu. Takie ministerstwo w r\u0119kach bardzo popularnego na prawicy polityka z wielkim do\u015bwiadczeniem i ogromnymi ambicjami mo\u017ce wywo\u0142a\u0107 powa\u017cne zmiany w traktowaniu spraw ochrony \u015brodowiska i planowania zr\u00f3wnowa\u017conego rozwoju we Francji. Jest bowiem nadzieja, \u017ce te problemy stan\u0105 si\u0119 rzeczywi\u015bcie centralnym punktem dzia\u0142ania rz\u0105du.<\/p>\n<p>Chyba po raz pierwszy w historii nie tylko Francji minister ochrony \u015brodowiska nie jest jedynie rz\u0105dowym figurantem pozbawionym si\u0142y przebicia i mo\u017cliwo\u015bci finansowania swych poczyna\u0144, lecz postaci\u0105 pierwszoplanow\u0105. Tak zmieniony uk\u0142ad si\u0142 sprawia, \u017ce Francuzi maj\u0105 nadziej\u0119, i\u017c Jupp\u00e9 b\u0119dzie mia\u0142 realny wp\u0142yw na bieg wydarze\u0144. Przyk\u0142adowo dopiero teraz mo\u017cna b\u0119dzie na serio pomy\u015ble\u0107 we Francji o wprowadzeniu w \u017cycie projekt\u00f3w zast\u0105pienia drogiego i zanieczyszczaj\u0105cego \u015brodowisko transportu drogowego towar\u00f3w czystym, ta\u0144szym i przyjaznym dla \u015brodowiska transportem kolejowym i wodnym. Takie zobowi\u0105zanie podj\u0105\u0142 w trakcie kampanii wyborczej Nicolas Sarkozy i wydaje si\u0119, \u017ce teraz priorytetem Alaina Jupp\u00e9 b\u0119dzie w\u0142a\u015bnie wprowadzenie w \u017cycie tej obietnicy.<\/p>\n<p>Sukces Jupp\u00e9 nie jest jednak przes\u0105dzony. Mi\u0119dzy innymi dlatego, \u017ce przyk\u0142adowo nie chce on rezygnowa\u0107 z rozbudowy francuskiej energetyki atomowej. S\u0105dz\u0119, \u017ce ma racj\u0119, bo zmniejszenie emisji CO2 jest mo\u017cliwe dzi\u0119ki zmniejszeniu udzia\u0142u w\u0119gla i ropy w energetyce, cho\u0107 oczywi\u015bcie pozostaje problem racjonalnego i ekologicznego sk\u0142adowani odpad\u00f3w radioaktywnych. Jupp\u00e9 b\u0119dzie mia\u0142 te\u017c zapewne racjonalny stosunek do GMO, gdy\u017c Sarkozy obiecywa\u0142 podejmowanie decyzji w tym zakresie zgodnie z opiniami naukowc\u00f3w.<\/p>\n<p>Doj\u015bcie do porozumienia z tradycyjnymi ekologami, organizacjami pozarz\u0105dowymi i spo\u0142ecznymi nie b\u0119dzie \u0142atwe. Tym bardziej, \u017ce Alain Jupp\u00e9 pokaza\u0142 niegdy\u015b, jako premier w roku 1995, \u017ce nie unikn\u0105\u0142 wielkiego konfliktu socjalnego zako\u0144czonego prawdziw\u0105 blokad\u0105 drogow\u0105 i parali\u017cem ca\u0142ego kraju. Jednak nowy super-minister ju\u017c wysun\u0105\u0142 propozycj\u0119 zwo\u0142ania na wrzesie\u0144 b.r. narady z udzia\u0142em wszystkich protagonist\u00f3w. Mia\u0142aby ona ustali\u0107 priorytety w dziedzinie ochrony \u015brodowiska i sposob\u00f3w kontroli rozwoju gospodarczego (z energetycznym na czele).<\/p>\n<p>Wczoraj, po zako\u0144czeniu pierwszego spotkania przygotowawczego z udzia\u0142em prezydenta Sarkozy?ego, przedstawiciele organizacji ekologicznych wyra\u017cali si\u0119 z uznaniem o projektach nowej w\u0142adzy i potwierdzili wielkie nadzieje na rzeczywi\u015bcie priorytetow\u0105 rol\u0119 ekologii w polityce rz\u0105du.<\/p>\n<p>Debaty rz\u0105d-ONG to oczywi\u015bcie r\u00f3wnie\u017c puszczanie oka do dotychczasowych wyborc\u00f3w S\u00e9golene Royal. Obiecywa\u0142a ona stosowanie tzw. demokracji partycypatywnej. Poszczeg\u00f3lne spo\u0142eczno\u015bci i organizacje mia\u0142yby wed\u0142ug jej za\u0142o\u017ce\u0144 same wyznacza\u0107 priorytety i bra\u0107 udzia\u0142 w procesie podejmowania kluczowych decyzji rz\u0105dowych.<\/p>\n<p>Nie w ciemi\u0119 bity Sarkozy wprowadza teraz w \u017cycie postulaty swej by\u0142ej konkurentki do fotela prezydenckiego. Nie spos\u00f3b odm\u00f3wi\u0107 nowemu prezydentowi sprytu, politycznego wyczucia jak i umiej\u0119tno\u015bci doboru odpowiednich ludzi na odpowiednie stanowiska. Oczywi\u015bcie daleko Francji jeszcze do idylli pomi\u0119dzy ekologami i w\u0142adz\u0105, ale pierwsze lody chyba zosta\u0142y prze\u0142amane.<\/p>\n<p>Pisz\u0119 o tym w blogu oczywi\u015bcie ze wzgl\u0119du na sprawy polskie. U nas ekologia jest bowiem w powijakach, a w\u0142adza ci\u0105gle traktuje j\u0105 jako z\u0142o konieczne (oczywi\u015bcie wbrew oficjalnym zapewnieniom, \u017ce jest na odwr\u00f3t). Najlepszy dow\u00f3d to sp\u00f3r wok\u00f3\u0142 Rospudy i fakt, \u017ce do referendum nie pokwapi\u0142y si\u0119 t\u0142umy nawet bezpo\u015brednio zainteresowanych z regionu podlaskiego. Przy takim stanie \u015bwiadomo\u015bci ekologicznej i politycznej nie za bardzo powinno dziwi\u0107, \u017ce mi\u0142o\u015bciwie nam panuj\u0105ce w\u0142adze maj\u0105 ekologi\u0119 po prostu w nosie. Pisz\u0119 wi\u0119c o francuskim kontrprzyk\u0142adzie, gdy\u017c pokazuje on, \u017ce zmiany s\u0105 jednak mo\u017cliwe (czy Francuzi wykorzystaj\u0105 szans\u0119 to inna sprawa, pisz\u0119 jedynie o nadziei na prawdziwe zmiany). Trzeba je sobie jednak wywalczy\u0107.<\/p>\n<p>Nietuzinkowe podej\u015bcie Sarkozy&#8217;ego do spraw ochrony \u015brodowiska nie jest bowiem niewymuszonym gestem o\u015bwieconego monarchy. W wielkiej mierze jest ono wynikiem dzia\u0142a\u0144 dziennikarza-ekologa, Nicolasa Hulot. Zastosowa\u0142 on w trakcie prezydenckiej kampanii wyborczej swego rodzaju szanta\u017c wobec polityk\u00f3w. Mianowicie o\u015bwiadczy\u0142 swego czasu, \u017ce b\u0119dzie kandydowa\u0142 na stanowiska prezydenta republiki i od razu zacz\u0105\u0142 wspina\u0107 si\u0119 w sonda\u017cach. Politycy szybko zorientowali si\u0119, \u017ce jego udzia\u0142 mo\u017ce rzeczywi\u015bcie pokrzy\u017cowa\u0107 ich plany, a przynajmniej bardzo skomplikowa\u0107 t\u0119 kampani\u0119. Po nastraszeniu klasy politycznej Hulot wycofa\u0142 si\u0119 z kampanii, ale wcze\u015bniej zobowi\u0105za\u0142 wi\u0119kszo\u015b\u0107 powa\u017cnych kandydat\u00f3w, w tym Sarkozy&#8217;go, do podpisania swego rodzaju paktu ekologicznego. Ostatnie poczynania prezydenta s\u0105 wynikiem respektowania tego w\u0142a\u015bnie paktu. S\u0105dz\u0119, \u017ce warto informacje o tym rozpowszechnia\u0107.<\/p>\n<p><strong>Jacek Kubiak<\/strong><\/p>\n<p><em>Fot. <a title=\"Link to A. Belani's photos\" href=\"http:\/\/www.flickr.com\/photos\/amitbelani\/\"><strong>A. Belani<\/strong><\/a> \/ Flickr (CC BY SA)\u00a0<\/em><\/p>\n","protected":false},"excerpt":{"rendered":"<p>Chyba po raz pierwszy w historii nie tylko Francji minister ochrony \u015brodowiska nie jest jedynie rz\u0105dowym figurantem. Francja ma od kilku dni nowego prezydenta i nowy rz\u0105d. Jedn\u0105 z licznych rz\u0105dowych nowo\u015bci jest utworzenie superministerstwa ekologii, rozwoju i trwa\u0142ego zagospodarowania terytorium. Ministrem od ekologii zosta\u0142 by\u0142y premier Francji, de facto &#8222;numer dwa&#8221; w nowym rz\u0105dzie [&hellip;]<\/p>\n","protected":false},"author":1,"featured_media":0,"comment_status":"open","ping_status":"closed","sticky":false,"template":"","format":"standard","meta":{"footnotes":""},"categories":[61,1],"tags":[],"_links":{"self":[{"href":"https:\/\/blog.polityka.pl\/naukowy\/wp-json\/wp\/v2\/posts\/71"}],"collection":[{"href":"https:\/\/blog.polityka.pl\/naukowy\/wp-json\/wp\/v2\/posts"}],"about":[{"href":"https:\/\/blog.polityka.pl\/naukowy\/wp-json\/wp\/v2\/types\/post"}],"author":[{"embeddable":true,"href":"https:\/\/blog.polityka.pl\/naukowy\/wp-json\/wp\/v2\/users\/1"}],"replies":[{"embeddable":true,"href":"https:\/\/blog.polityka.pl\/naukowy\/wp-json\/wp\/v2\/comments?post=71"}],"version-history":[{"count":2,"href":"https:\/\/blog.polityka.pl\/naukowy\/wp-json\/wp\/v2\/posts\/71\/revisions"}],"predecessor-version":[{"id":2548,"href":"https:\/\/blog.polityka.pl\/naukowy\/wp-json\/wp\/v2\/posts\/71\/revisions\/2548"}],"wp:attachment":[{"href":"https:\/\/blog.polityka.pl\/naukowy\/wp-json\/wp\/v2\/media?parent=71"}],"wp:term":[{"taxonomy":"category","embeddable":true,"href":"https:\/\/blog.polityka.pl\/naukowy\/wp-json\/wp\/v2\/categories?post=71"},{"taxonomy":"post_tag","embeddable":true,"href":"https:\/\/blog.polityka.pl\/naukowy\/wp-json\/wp\/v2\/tags?post=71"}],"curies":[{"name":"wp","href":"https:\/\/api.w.org\/{rel}","templated":true}]}}