
{"id":458,"count":4,"description":"","link":"https:\/\/blog.polityka.pl\/naukowy\/tag\/swiadomosc\/","name":"\u015bwiadomo\u015b\u0107","slug":"swiadomosc","taxonomy":"post_tag","meta":[],"_links":{"self":[{"href":"https:\/\/blog.polityka.pl\/naukowy\/wp-json\/wp\/v2\/tags\/458"}],"collection":[{"href":"https:\/\/blog.polityka.pl\/naukowy\/wp-json\/wp\/v2\/tags"}],"about":[{"href":"https:\/\/blog.polityka.pl\/naukowy\/wp-json\/wp\/v2\/taxonomies\/post_tag"}],"wp:post_type":[{"href":"https:\/\/blog.polityka.pl\/naukowy\/wp-json\/wp\/v2\/posts?tags=458"}],"curies":[{"name":"wp","href":"https:\/\/api.w.org\/{rel}","templated":true}]}}