
{"id":10,"date":"2006-05-09T21:47:39","date_gmt":"2006-05-09T19:47:39","guid":{"rendered":"http:\/\/blog.polityka.pl\/?p=10"},"modified":"2006-05-09T21:48:47","modified_gmt":"2006-05-09T19:48:47","slug":"papiez-%e2%80%93-tak-seks-%e2%80%93-nie","status":"publish","type":"post","link":"https:\/\/blog.polityka.pl\/passent\/2006\/05\/09\/papiez-%e2%80%93-tak-seks-%e2%80%93-nie\/","title":{"rendered":"Papie\u017c \u2013 tak, seks \u2013 nie"},"content":{"rendered":"<p>Na czas wizyty Benedykta XVI\u00a0 z telewizji publicznej \u201eznikn\u0105\u0107 maj\u0105 wulgarno\u015b\u0107, erotyzm, przemoc i golizna\u201d \u2013 zapowiada szef Biura Reklamy TVP Zbigniew Badziak. Je\u015bli tak, to przy\u0142\u0105czam si\u0119 do tych, kt\u00f3rzy b\u0119d\u0105 skandowa\u0107 \u201eZosta\u0144 z nami!\u201d Dlaczego po trzech dniach pielgrzymki, wulgarno\u015b\u0107, erotyzm i przemoc maja powr\u00f3ci\u0107 na ekrany TVP? Mo\u017ce warto wyspowiada\u0107 p. Badziaka i zapyta\u0107 go w konfesjonale, dlaczego wulgarno\u015b\u0107 i przemoc maj\u0105 znikn\u0105\u0107 tylko na kilka dni? Papie\u017c wyjedzie, a my biedni zostaniemy z telewizj\u0105, w kt\u00f3rej nie ma dnia, \u017ceby nie epatowano nas brutalnymi scenami, widokiem maltretowanych dzieci, zdzicza\u0142ych sadyst\u00f3w, drastycznych ran i operacji, rozdzieraj\u0105cej rozpaczy kobiet i dzieci, wynoszenia zw\u0142ok i fragment\u00f3w cia\u0142a ludzkiego. Na tym tle nawet wyuzdane reklamy podpasek\u00a0 s\u0105 oaz\u0105 dobrego smaku.<\/p>\n<p>Oto co ma z TVP znikn\u0105\u0107 na co najmniej 3 dni: * reklamy\u00a0 napoj\u00f3w alkoholowych (zgoda), *produkt\u00f3w higieny intymnej (higiena jednak powinna obowi\u0105zywa\u0107 podczas pielgrzymi r\u00f3wnie\u017c, reklama niekoniecznie musi by\u0107 wyuzdana,\u00a0 nie zaszkodzi przypomnie\u0107, \u017ce religijne uniesienie nie zast\u0119puje czysto\u015bci, a zapach kadzid\u0142a \u2013 perfum), *\u015brodk\u00f3w antykoncepcyjnych \u2013 dobrze, \u017ce zakazana b\u0119dzie tylko reklama, a nie sprzeda\u017c i stosowanie antykoncepcji, * bielizny osobistej (\u017ceby tylko nikt nie zrezygnowa\u0142 z jej noszenia, bo to dopiero by\u0142aby obraza), * materia\u0142\u00f3w wybuchowych, \u0142atwo palnych i innych niebezpiecznych (dlaczego tylko podczas pielgrzymki BXVI?, czy nazajutrz powr\u00f3ci na ekrany reklama dynamitu?).<\/p>\n<p>Ograniczenia zapowiadane przez TVP wydaj\u0105 si\u0119 za ma\u0142e. Powinno si\u0119 zakaza\u0107 pokazywania polityk\u00f3w, w\u015br\u00f3d nich tak\u017ce tych bogobojnych, kt\u00f3rzy jednego dnia padaj\u0105 na kolana i le\u017c\u0105 krzy\u017cem, a nazajutrz nie\u00a0 mog\u0105 sobie przypomnie\u0107 z kim byli na Jasnej G\u00f3rze, \u0142\u017c\u0105 jak naj\u0119ci i wyzywaj\u0105 si\u0119 od najgorszych \u0142\u017ce-elit, a\u017c ich s\u0105d musi przywo\u0142ywa\u0107 do porz\u0105dku. To ich\u00a0 widok i obecno\u015b\u0107 \u201ekoliduje z podnios\u0142ym charakterem transmitowanych uroczysto\u015bci\u201d, na kt\u00f3rym tak zale\u017cy TVP.<\/p>\n","protected":false},"excerpt":{"rendered":"<p>Na czas wizyty Benedykta XVI\u00a0 z telewizji publicznej \u201eznikn\u0105\u0107 maj\u0105 wulgarno\u015b\u0107, erotyzm, przemoc i golizna\u201d \u2013 zapowiada szef Biura Reklamy TVP Zbigniew Badziak. Je\u015bli tak, to przy\u0142\u0105czam si\u0119 do tych, kt\u00f3rzy b\u0119d\u0105 skandowa\u0107 \u201eZosta\u0144 z nami!\u201d Dlaczego po trzech dniach pielgrzymki, wulgarno\u015b\u0107, erotyzm i przemoc maja powr\u00f3ci\u0107 na ekrany TVP? Mo\u017ce warto wyspowiada\u0107 p. Badziaka [&hellip;]<\/p>\n","protected":false},"author":4,"featured_media":0,"comment_status":"open","ping_status":"open","sticky":false,"template":"","format":"standard","meta":{"footnotes":""},"categories":[1],"tags":[],"_links":{"self":[{"href":"https:\/\/blog.polityka.pl\/passent\/wp-json\/wp\/v2\/posts\/10"}],"collection":[{"href":"https:\/\/blog.polityka.pl\/passent\/wp-json\/wp\/v2\/posts"}],"about":[{"href":"https:\/\/blog.polityka.pl\/passent\/wp-json\/wp\/v2\/types\/post"}],"author":[{"embeddable":true,"href":"https:\/\/blog.polityka.pl\/passent\/wp-json\/wp\/v2\/users\/4"}],"replies":[{"embeddable":true,"href":"https:\/\/blog.polityka.pl\/passent\/wp-json\/wp\/v2\/comments?post=10"}],"version-history":[{"count":0,"href":"https:\/\/blog.polityka.pl\/passent\/wp-json\/wp\/v2\/posts\/10\/revisions"}],"wp:attachment":[{"href":"https:\/\/blog.polityka.pl\/passent\/wp-json\/wp\/v2\/media?parent=10"}],"wp:term":[{"taxonomy":"category","embeddable":true,"href":"https:\/\/blog.polityka.pl\/passent\/wp-json\/wp\/v2\/categories?post=10"},{"taxonomy":"post_tag","embeddable":true,"href":"https:\/\/blog.polityka.pl\/passent\/wp-json\/wp\/v2\/tags?post=10"}],"curies":[{"name":"wp","href":"https:\/\/api.w.org\/{rel}","templated":true}]}}