
{"id":100,"date":"2006-08-01T09:48:45","date_gmt":"2006-08-01T07:48:45","guid":{"rendered":"http:\/\/passent.blog.polityka.pl\/?p=100"},"modified":"2006-08-01T09:57:09","modified_gmt":"2006-08-01T07:57:09","slug":"nowy-chlopak-na-podworku","status":"publish","type":"post","link":"https:\/\/blog.polityka.pl\/passent\/2006\/08\/01\/nowy-chlopak-na-podworku\/","title":{"rendered":"Nowy ch\u0142opak na podw\u00f3rku"},"content":{"rendered":"<p>Drogie Blokowisko! Po angielsku m\u00f3wi si\u0119 \u201ea new boy on the block\u201d, czyli \u201enowy ch\u0142opak na podw\u00f3rku\u201d (dos\u0142ownie \u201ew kwartale\u201d ulic).\u00a0 Ten \u201enowy\u201d to Kazimierz Marcinkiewicz, kt\u00f3ry pojawi\u0142 si\u0119 \u201eon the blog\u201d. M\u00f3wcie, co chcecie, ale K.M. to fenomen PR. Jeszcze rok temu by\u0142 bli\u017cej nieznanym urz\u0119dnikiem, szefem gabinetu, kt\u00f3ry ma\u0142o kogo wzrusza\u0142. Kiedy kilka lat temu w orszaku premiera Buzka by\u0142 w Chile \u2013 nie odezwa\u0142 si\u0119 ani s\u0142owem, ca\u0142\u0105 robot\u0119 wykonywa\u0142 premier, kt\u00f3ry dzia\u0142a\u0142 z prawdziwym zapa\u0142em. A teraz \u2013 prosz\u0119:\u00a0 W ci\u0105gu zaledwie kilku miesi\u0119cy K.M. okaza\u0142 si\u0119 istnym \u201ehomo mediaticus\u201d \u2013 w roli premiera ta\u0144czy\u0142, \u015bpiewa\u0142, recytowa\u0142; niezmordowany, czujny, \u017cywy, nigdy si\u0119 nie zaj\u0105kn\u0105\u0142, nie dawa\u0142 si\u0119 zbi\u0107 z tropu, zawsze m\u00f3wi\u0142 to, co trzeba. Doskona\u0142y cz\u0142onek\u00a0 medialnej dru\u017cyny PiS: Bielan, Kami\u0144ski, Kurski, Gosiewski, Cyma\u0144ski, Jurek i kilku innych \u2013 \u017cadna partia nie ma tak wygadanej reprezentacji, nie do zatrzymania, nie do przegadania, nie do przekonania \u2013 prawdziwe ka\u0142asznikowy mikrofonu i kamery.<\/p>\n<p>Marcinkiewicz spo\u015br\u00f3d nich wszystkich zyska\u0142\u00a0 najwi\u0119ksz\u0105 popularno\u015b\u0107. Po aroganckim i skompromitowanym Millerze oraz ascetycznym i troch\u0119 osch\u0142ym Belce \u2013 pojawi\u0142 si\u0119 sw\u00f3j ch\u0142op z Gorzowa. I kiedy ju\u017c wzni\u00f3s\u0142 si\u0119 na wy\u017cyny popularno\u015bci \u2013 Jaros\u0142aw Kaczy\u0144ski zestrzeli\u0142 go jednym celnym strza\u0142em. K.M. zatrzepota\u0142 tylko skrzyd\u0142ami, kt\u00f3re wyros\u0142y mu w ci\u0105gu 9 miesi\u0119cy, i spad\u0142 w sam raz na Warszaw\u0119. W pierwszej chwili s\u0105dzi\u0142em, \u017ce mo\u017ce by\u0107 dobrym prezydentem miasta, ale teraz wida\u0107, \u017ce ma co innego w g\u0142owie. B\u0119dzie pisa\u0142 bloga, ale w \u017cadnym wypadku to nie jest to\u00a0 kampania wyborcza!!! Po prostu lubi prowadzi\u0107 bloga, ma tak\u0105 potrzeb\u0119, zupe\u0142nie jak ja.\u00a0Kandydat na prezydenta miasta, kt\u00f3ry na trzy miesi\u0105ce przed wyborami zaczyna pisa\u0107 bloga \u2013 nie prowadzi kampanii! Chyba nawet w Gorzowie nikt w to nie uwierzy.<\/p>\n<p>K.M. ma to do siebie, \u017ce chocia\u017c jest nadzwyczaj medialny, wzbudza sympati\u0119, ale czy wzbudza zaufanie? Cho\u0107 jest bardzo cz\u0119stym go\u015bciem w mediach \u2013 nie m\u00f3wi, co my\u015bli. Gdyby by\u0142o inaczej \u2013 dawno ju\u017c by powiedzia\u0142, dlaczego trener-selekcjoner J.K. wycofa\u0142 go z urz\u0119du premiera, za\u0142o\u017cy\u0142 mu spadochron\u00a0i wypchn\u0105\u0142 z samolotu PiS Airlines\u00a0nad naszym um\u0119czonym miastem.\u00a0Je\u017celi K.M. napisze, dlaczego J.K. zdegradowa\u0142 go z premiera na burmistrza \u2013 to wtedy warto czyta\u0107 jego bloga. Niestety, obawiam si\u0119, \u017ce tego nie napisze, b\u0119dzie robi\u0142 r\u00f3\u017cne sztuki, ale tego nie ujawni, a to jest najciekawsze. Za co? Za co J.K. Pana usun\u0105\u0142? I dlaczego gazety pisz\u0105, \u017ce trwa rze\u017a ludzi Marcinkiewicza w sp\u00f3\u0142kach Skarbu Pa\u0144stwa? \u017beby chocia\u017c napisa\u0142, dlaczego kr\u00f3tkotrwa\u0142y minister Finans\u00f3w p. Wojciechowski (ten po Gilowskiej, o kt\u00f3rym J.K. powiedzia\u0142 &#8222;Nie znam tego pana&#8221;), w ci\u0105gu zaledwie\u00a0dw\u00f3ch tygodni urz\u0119dowania wymieni\u0142 akurat rad\u0119 nadzorcz\u0105 jednego banku \u2013 BGK, ani dlaczego J.K. usun\u0105\u0142 nie tylko K.M., ale i min. Wojciechowskiego \u2013 sam bym wszed\u0142 na blog K.M.\u00a0 Dop\u00f3ki tak si\u0119 nie stanie, mog\u0119 powiedzie\u0107 to, co w takich okoliczno\u015bciach m\u00f3wi\u0105 Amerykanie \u2013 ja bym od niego u\u017cywanego samochodu nie kupi\u0142.<\/p>\n<p><strong>PS<\/strong>. Drogie Blokowisko! Serdecznie dzi\u0119kuj\u0119 za odzew na moj\u0105 pro\u015bb\u0119, \u017ceby opisa\u0107 sw\u00f3j weekend. Jeszcze raz utwierdzi\u0142em si\u0119 w mniemaniu, \u017ce nasz blog to fantastyczne \u015brodowisko, rozsiane po \u015bwiecie \u2013 od Polski poprzez Francj\u0119 a\u017c hen, po Kanad\u0119! Oczytane, my\u015bl\u0105ce, rozdyskutowane, odr\u00f3\u017cniaj\u0105ce ziarno od plew \u2013 nie wiem komu za to dzi\u0119kowa\u0107.<\/p>\n<p>Nies\u0142usznie niekt\u00f3rzy mi wsp\u00f3\u0142czuj\u0105, \u017ce \u201emusz\u0119 to wszystko czyta\u0107\u201d. Przecie\u017c w komentarzach najpierw pojawia si\u0119 kryptonim autora (-ki), a potem tekst, wi\u0119c ka\u017cdy z nas decyduje kogo czyta i komu odpowiada.<\/p>\n<p>Dzi\u0119ki zawieszonym notatkom dowiedzia\u0142em si\u0119 wi\u0119cej o ludziach naszego blogowiska, a to przecie\u017c wa\u017cne, gdy ma si\u0119 do czynienia na og\u00f3\u0142 z anonimami podpisanymi byle jak. Szczeg\u00f3lnie\u00a0ciesz\u0119 si\u0119, \u017ce \u0141ukasz, Wojtek, Telegraphic Observer i Stefan podobnie jak ja odebrali artyku\u0142 Karola Modzelewskiego (podzielam sympatie Stefana), zazdroszcz\u0119 Natalii, \u017ce by\u0142a na wystawie <em>Fin de siecle<\/em> w Krakowie, rozumiem Alm\u0119 (i jej pseudo), \u017ce czyta Listy Gustawa Mahlera do \u017cony (swoj\u0105 drog\u0105 ta Alma to\u00a0by\u0142o niez\u0142e zi\u00f3\u0142ko i fascynuj\u0105ca kobieta), podziwiam imponuj\u0105ce lektury Telegraphic\u2026, jestem pe\u0142en podziwu dla Szunaja, \u017ce biega (15 km!!!) i czyta Updike\u2019a i chcia\u0142bym zobaczy\u0107 wraz z El\u0105 sp\u0142yw starych \u017cagl\u00f3wek we Francji. Zgodzi\u0142bym si\u0119 nawet na regaty nowych \u017cagl\u00f3wek, gdy\u017c ogl\u0105danie \u017cagl\u00f3wek i regat wio\u015blarskich to moja prawdziwa pasja. Ostatnio robi\u0142em zdj\u0119cia \u017cagl\u00f3wek w Krzy\u017cach i w Karwicy.<\/p>\n<p>Gdziekolwiek jeste\u015bcie \u2013 trzymajcie si\u0119! Wasz gospodarz blogu (ale ja \u017cadnej kampanii nie prowadz\u0119\u2026).<\/p>\n","protected":false},"excerpt":{"rendered":"<p>Drogie Blokowisko! Po angielsku m\u00f3wi si\u0119 \u201ea new boy on the block\u201d, czyli \u201enowy ch\u0142opak na podw\u00f3rku\u201d (dos\u0142ownie \u201ew kwartale\u201d ulic).\u00a0 Ten \u201enowy\u201d to Kazimierz Marcinkiewicz, kt\u00f3ry pojawi\u0142 si\u0119 \u201eon the blog\u201d. M\u00f3wcie, co chcecie, ale K.M. to fenomen PR. Jeszcze rok temu by\u0142 bli\u017cej nieznanym urz\u0119dnikiem, szefem gabinetu, kt\u00f3ry ma\u0142o kogo wzrusza\u0142. Kiedy kilka [&hellip;]<\/p>\n","protected":false},"author":4,"featured_media":0,"comment_status":"open","ping_status":"open","sticky":false,"template":"","format":"standard","meta":{"footnotes":""},"categories":[1],"tags":[],"_links":{"self":[{"href":"https:\/\/blog.polityka.pl\/passent\/wp-json\/wp\/v2\/posts\/100"}],"collection":[{"href":"https:\/\/blog.polityka.pl\/passent\/wp-json\/wp\/v2\/posts"}],"about":[{"href":"https:\/\/blog.polityka.pl\/passent\/wp-json\/wp\/v2\/types\/post"}],"author":[{"embeddable":true,"href":"https:\/\/blog.polityka.pl\/passent\/wp-json\/wp\/v2\/users\/4"}],"replies":[{"embeddable":true,"href":"https:\/\/blog.polityka.pl\/passent\/wp-json\/wp\/v2\/comments?post=100"}],"version-history":[{"count":0,"href":"https:\/\/blog.polityka.pl\/passent\/wp-json\/wp\/v2\/posts\/100\/revisions"}],"wp:attachment":[{"href":"https:\/\/blog.polityka.pl\/passent\/wp-json\/wp\/v2\/media?parent=100"}],"wp:term":[{"taxonomy":"category","embeddable":true,"href":"https:\/\/blog.polityka.pl\/passent\/wp-json\/wp\/v2\/categories?post=100"},{"taxonomy":"post_tag","embeddable":true,"href":"https:\/\/blog.polityka.pl\/passent\/wp-json\/wp\/v2\/tags?post=100"}],"curies":[{"name":"wp","href":"https:\/\/api.w.org\/{rel}","templated":true}]}}