
{"id":1001,"date":"2011-08-07T20:33:22","date_gmt":"2011-08-07T18:33:22","guid":{"rendered":"http:\/\/passent.blog.polityka.pl\/?p=1001"},"modified":"2011-11-22T15:30:19","modified_gmt":"2011-11-22T13:30:19","slug":"tylko-spokoj","status":"publish","type":"post","link":"https:\/\/blog.polityka.pl\/passent\/2011\/08\/07\/tylko-spokoj\/","title":{"rendered":"Tylko spok\u00f3j"},"content":{"rendered":"<p>Dowiedzia\u0142em si\u0119 dzisiaj z Polskiego Radia, \u017ce Aleksander Smolar powiedzia\u0142 tygodnikowi \u201eWprost\u201d, i\u017c Donald Tusk \u201enie jest m\u0119\u017cem stanu\u201d. Jestem got\u00f3w si\u0119 z tym zgodzi\u0107, je\u015bli za m\u0119\u017c\u00f3w stanu uzna\u0107 Churchilla czy de Gaulle\u2019a, ale gdzie profesor Smolar widzi dzisiaj m\u0119\u017c\u00f3w stanu? Obama? Merkel? Sarkozy? Putin? Berlusconi? Chyba czasy m\u0119\u017c\u00f3w stanu min\u0119\u0142y, mo\u017ce nawet na szcz\u0119\u015bcie min\u0119\u0142y.<\/p>\n<p>Dzisiaj przed politykami stoj\u0105 inne wyzwania, przede wszystkim gospodarka, sprawy spo\u0142eczne (w tym imigracja \u2013 patrz, co si\u0119 dzisiaj dzieje w Londynie, we Francji, we W\u0142oszech, w Norwegii), modernizacja (Rosja, Chiny), integracja Europy. Dzisiaj nikt nie rysuje na nowo mapy \u015bwiata, nie ma takiej konieczno\u015bci, \u017ceby oferowa\u0107 \u201ekrew, pot i \u0142zy\u201d. Dlatego ja nie t\u0119skni\u0119 do m\u0119\u017c\u00f3w stanu, wizjoner\u00f3w, m\u0119\u017c\u00f3w opatrzno\u015bciowych. W ka\u017cdym razie Polska takich nie potrzebuje. Nie oznacza to, \u017ce triumwirat\u00a0 Komorowski, Schetyna, Tusk nie m\u00f3g\u0142by by\u0107 bardziej porywaj\u0105cy, reprezentowa\u0107 wi\u0119kszy format, wy\u017csz\u0105 kultur\u0119, mie\u0107 co\u015b z Aleksandra Gieysztora czy W\u0142adys\u0142awa Bartoszewskiego.<\/p>\n<p>Pewne cechy m\u0119\u017ca stanu Tusk jednak ma \u2013 to przede wszystkim dojrza\u0142o\u015b\u0107, umiej\u0119tno\u015b\u0107 skupiania\u00a0 ludzi wok\u00f3\u0142 siebie, a tak\u017ce\u00a0 przewidywania skutk\u00f3w swoich dzia\u0142a\u0144. Tusk musi mie\u0107 ten sz\u00f3sty zmys\u0142, skoro ani raport Millera, ani dymisja ministra Klicha, nie wp\u0142yn\u0119\u0142y na spadek poparcia dla Platformy, a wr\u0119cz przeciwnie. Wedle najnowszych bada\u0144 pracowni Homo Homini, kt\u00f3rej wyniki s\u0105 na og\u00f3\u0142 pomy\u015blne dla PiS, poparcie dla Platformy wzros\u0142o od ostatnich bada\u0144 o 3,7 punkt\u00f3w procentowych i wynosi 37 proc. Wi\u0119kszo\u015b\u0107 Polak\u00f3w \u2013 zwolennik\u00f3w PO, SLD czy PSL &#8211; chyba nie t\u0119skni do m\u0119\u017ca stanu, chce sprawnych, kompetentnych\u00a0 administrator\u00f3w,\u00a0 kt\u00f3rzy nie zawracaj\u0105 g\u0142owy.<\/p>\n<p>Nie widz\u0119 pola do dzia\u0142ania dla m\u0119\u017ca stanu. T\u0119sknot\u0119 za charyzmatycznym wizjonerem i m\u0119\u017cem stanu zdradza natomiast ta cz\u0119\u015b\u0107 spo\u0142ecze\u0144stwa, kt\u00f3ra popiera PiS i widzi m\u0119\u017ca stanu w prezesie Kaczy\u0144skim. S\u0105 ludzie bezgranicznie prezesowi oddani, jak kiedy\u015b El\u017cbieta Jakubiak, czy pos\u0142anka Kluzik-Rostkowska, kt\u00f3re chyba jednak straci\u0142y wiar\u0119 w m\u0119\u017ca stanu. Nie dziwi\u0119 im si\u0119.<\/p>\n<p>Dziwi\u0119 si\u0119 natomiast temu, co dzieje si\u0119 wok\u00f3\u0142 \u015bmierci Andrzeja Leppera. Wrzawa i spory polityczne, jakie wybuch\u0142y jeszcze przed pogrzebem, napawaj\u0105 smutkiem. By\u0107 mo\u017ce jestem naiwny, ale mam wra\u017cenie, \u017ce Andrzej Lepper po prostu\u00a0 nie m\u00f3g\u0142 ud\u017awign\u0105\u0107\u00a0 tego wszystkiego, co si\u0119 na niego zwali\u0142o \u2013 choroba syna, w\u0142asne problemy ze zdrowiem, procesy, d\u0142ugi, przegrana polityczna, prowokacje, upadek ze szczyt\u00f3w w\u0142adzy \u2013 ile jeszcze mo\u017ce cz\u0142owiek wytrzyma\u0107? Z obwinianiem innych os\u00f3b, takich jak Andrzej Czuma (kt\u00f3ry nie jest moim faworytem), czy k\u00f3\u0142, kt\u00f3re mia\u0142by reprezentowa\u0107 rzekomy zab\u00f3jca, poniewa\u017c Lepper mia\u0142 zamiar poprze\u0107 zeznania Jaros\u0142awa Kaczy\u0144skiego w sprawie afery gruntowej, wydaj\u0105 mi si\u0119 co najmniej przedwczesne. Wygl\u0105da na to, \u017ce kto\u015b chce wykorzysta\u0107 \u015bmier\u0107 polityka do w\u0142asnych cel\u00f3w.\u00a0 Nie pierwszy to przypadek, ani nie ostatni. Wystarczy wspomnie\u0107 Smole\u0144sk.<\/p>\n","protected":false},"excerpt":{"rendered":"<p>Dowiedzia\u0142em si\u0119 dzisiaj z Polskiego Radia, \u017ce Aleksander Smolar powiedzia\u0142 tygodnikowi \u201eWprost\u201d, i\u017c Donald Tusk \u201enie jest m\u0119\u017cem stanu\u201d. Jestem got\u00f3w si\u0119 z tym zgodzi\u0107, je\u015bli za m\u0119\u017c\u00f3w stanu uzna\u0107 Churchilla czy de Gaulle\u2019a, ale gdzie profesor Smolar widzi dzisiaj m\u0119\u017c\u00f3w stanu? Obama? Merkel? Sarkozy? Putin? Berlusconi? Chyba czasy m\u0119\u017c\u00f3w stanu min\u0119\u0142y, mo\u017ce nawet na [&hellip;]<\/p>\n","protected":false},"author":4,"featured_media":0,"comment_status":"open","ping_status":"open","sticky":false,"template":"","format":"standard","meta":{"footnotes":""},"categories":[23,11],"tags":[],"_links":{"self":[{"href":"https:\/\/blog.polityka.pl\/passent\/wp-json\/wp\/v2\/posts\/1001"}],"collection":[{"href":"https:\/\/blog.polityka.pl\/passent\/wp-json\/wp\/v2\/posts"}],"about":[{"href":"https:\/\/blog.polityka.pl\/passent\/wp-json\/wp\/v2\/types\/post"}],"author":[{"embeddable":true,"href":"https:\/\/blog.polityka.pl\/passent\/wp-json\/wp\/v2\/users\/4"}],"replies":[{"embeddable":true,"href":"https:\/\/blog.polityka.pl\/passent\/wp-json\/wp\/v2\/comments?post=1001"}],"version-history":[{"count":4,"href":"https:\/\/blog.polityka.pl\/passent\/wp-json\/wp\/v2\/posts\/1001\/revisions"}],"predecessor-version":[{"id":1174,"href":"https:\/\/blog.polityka.pl\/passent\/wp-json\/wp\/v2\/posts\/1001\/revisions\/1174"}],"wp:attachment":[{"href":"https:\/\/blog.polityka.pl\/passent\/wp-json\/wp\/v2\/media?parent=1001"}],"wp:term":[{"taxonomy":"category","embeddable":true,"href":"https:\/\/blog.polityka.pl\/passent\/wp-json\/wp\/v2\/categories?post=1001"},{"taxonomy":"post_tag","embeddable":true,"href":"https:\/\/blog.polityka.pl\/passent\/wp-json\/wp\/v2\/tags?post=1001"}],"curies":[{"name":"wp","href":"https:\/\/api.w.org\/{rel}","templated":true}]}}