
{"id":1011,"date":"2011-08-22T12:44:12","date_gmt":"2011-08-22T10:44:12","guid":{"rendered":"http:\/\/passent.blog.polityka.pl\/?p=1011"},"modified":"2011-11-22T15:23:19","modified_gmt":"2011-11-22T13:23:19","slug":"hartman-kandyduje-jestem-za","status":"publish","type":"post","link":"https:\/\/blog.polityka.pl\/passent\/2011\/08\/22\/hartman-kandyduje-jestem-za\/","title":{"rendered":"Hartman kandyduje? Jestem za!"},"content":{"rendered":"<p>Trzymam kciuki, \u017ceby to si\u0119 okaza\u0142o prawd\u0105. Je\u015bli \u201eZgaga\u201d na tym blogu si\u0119 nie myli, to profesor Jan Hartman b\u0119dzie kandydowa\u0142 w wyborach do Sejmu z ramienia SLD! Brawo, brawo, to najlepsza wiadomo\u015b\u0107 na temat lewicy od dawna. \u015awietnie si\u0119 tydzie\u0144 zaczyna.<br \/>\nJestem entuzjast\u0105 Profesora, filozofa i etyka, laureata nagrody Grand Prix \u201ePress\u201d w dziedzinie publicystyki,\u00a0 Jego dzia\u0142alno\u015b\u0107 publicystyczn\u0105, a wi\u0119c publiczn\u0105, \u015bledz\u0119 od kilku lat. Jego eseje na temat dziwnej Polski przyko\u015bcielnej, czy jego w\u0142asnej to\u017csamo\u015bci polsko \u2013 \u017cydowskiej, to\u00a0 najwy\u017cszy poziom pisarstwa i eseistyki. Jest w nim wszystko, czego oczekujemy od publicysty: Jasno\u015b\u0107 my\u015bli, kultura s\u0142owa, odwaga, poczucie humoru \u2013 \u201epe\u0142en wypas\u201d. Najcz\u0119\u015bciej Profesor zabiera g\u0142os na lamach \u201eGW\u201d i miesi\u0119cznika \u201eLiberte\u201d, kt\u00f3ry gor\u0105co polecam.<\/p>\n<p>A teraz tylko u nas informacja: Wkr\u00f3tce uka\u017ce si\u0119 kolejna ksi\u0105\u017cka Profesora: \u201eZebra Hartmana\u201d \u2013 zbi\u00f3r Jego\u00a0 publicystyki za ostatnich kilka lat, oraz swoista \u201ekonferansjerka\u201d, w kt\u00f3rej autor opisuje okoliczno\u015bci powstanie i perypetie z publikacj\u0105 niekt\u00f3rych tekst\u00f3w.<\/p>\n<p>Je\u017celi wiadomo\u015b\u0107 si\u0119 potwierdzi, to pierwszy od dawna dobry znak dla SLD, kt\u00f3re prze\u017cywa wyra\u017any kryzys. Z rozmaitych powod\u00f3w kilka os\u00f3b na lewicy jest poza t\u0105 parti\u0105 (Borowski, Cimoszewicz, Rosati, Ar\u0142ukowicz), w partii dominuje\u00a0 nieciekawy triumwirat: Napieralski, Wiki\u0144ski, Kalita. Pod pewnymi wzgl\u0119dami przypominaj\u0105 oni wianuszek polityk\u00f3w, kt\u00f3rzy otaczaj\u0105 prezesa PiS: s\u0105 wygadani i wal\u0105 tylko w Platform\u0119\u2026 Po\u017ca\u0142owania godne dowcipasy Marka Wiki\u0144skiego pod adresem dzia\u0142acza mniejszo\u015bci homoseksualnej, mog\u0142y r\u00f3wnie dobrze pochodzi\u0107 z kr\u0119gu PiS.<\/p>\n<p>SLD jako opozycja ma obowi\u0105zek krytykowa\u0107 rz\u0105d PO-PSL, ale co dalej?\u00a0 W\u0142odzimierz Czarzasty odradza po wyborach sojusz SLD \u2013 Platforma. To co pozostaje? Koalicja SLD \u2013 PiS. By\u0142aby to zgroza, kompromitacja i koniec resztek lewicy. Grzegorz Napieralski tak rwie si\u0119 do w\u0142adzy, \u017ce o\u015bwiadczy\u0142, i\u017c jest \u201egot\u00f3w by\u0107 premierem\u201d. Zna si\u0119 na \u017cyciu, bo chodzi do sklepu i wychowuje dwie c\u00f3reczki. Lubi\u0119 dzieci, ale to za s\u0142abe kwalifikacje na premiera. St\u0105d tylko krok do stwierdzenia, \u017ce kucharka mog\u0142aby rz\u0105dzi\u0107 pa\u0144stwem. \u201eMam do\u015b\u0107 si\u0142\u201d, m\u00f3wi Napieralski, \u017ceby ci\u0119\u017cko pracowa\u0107, po kilkana\u015bcie godzin dziennie, \u201enie uciekaj\u0105c\u00a0 na weekendy\u201d (czytaj: do Sopotu).\u00a0 Si\u0142y, owszem, s\u0105 potrzebne, ale najpierw trzeba mie\u0107 atrakcyjny program (a nie umizgiwa\u0107 si\u0119 do PiS) oraz kompetentnych ludzi dooko\u0142a siebie, a nie wysy\u0142a\u0107 do Krakowa Tomasza Kalit\u0119.<\/p>\n<p>Je\u017celi to prawda, \u017ce prof. Hartman zgodzi\u0142 si\u0119 kandydowa\u0107, to pierwsza od d\u0142u\u017cszego czasu dobra wiadomo\u015b\u0107 dla zwolennik\u00f3w lewicy.<\/p>\n<p>PS. \u201eORTEQ\u201d (2011-08-18 godz. 17.05). Bardzo dzi\u0119kuj\u0119\u00a0 za ciekawe wiadomo\u015bci dotycz\u0105ce samochodu maybach w Polskiej Misji Wojskowej Berlinie. Mo\u017cliwe, \u017ce gen Prawin kupi\u0142 ten samoch\u00f3d i odstawi\u0142 go do Polski dla marsza\u0142ka \u017bymierskiego. Ja nic o tym nie wiem, ale\u00a0 historycy bez trudu ustal\u0105 (stare fotografie i kroniki filmowe) , czy marsza\u0142ek korzysta\u0142 z takiego samochodu. \u017badnej ze wspomnianych os\u00f3b (pp. Klimek, Weso\u0142owski, Szwimming) niestety, nie pami\u0119tam. Pozdrawiam!<\/p>\n<p>\u201eZGAGA\u201d \u2013 dzi\u0119kuj\u0119 za wiadomo\u015b\u0107, \u017ce prof. Hartman kandyduje \u2013 oby okaza\u0142a si\u0119 prawdziwa.<\/p>\n","protected":false},"excerpt":{"rendered":"<p>Trzymam kciuki, \u017ceby to si\u0119 okaza\u0142o prawd\u0105. Je\u015bli \u201eZgaga\u201d na tym blogu si\u0119 nie myli, to profesor Jan Hartman b\u0119dzie kandydowa\u0142 w wyborach do Sejmu z ramienia SLD! Brawo, brawo, to najlepsza wiadomo\u015b\u0107 na temat lewicy od dawna. \u015awietnie si\u0119 tydzie\u0144 zaczyna. Jestem entuzjast\u0105 Profesora, filozofa i etyka, laureata nagrody Grand Prix \u201ePress\u201d w dziedzinie [&hellip;]<\/p>\n","protected":false},"author":4,"featured_media":0,"comment_status":"open","ping_status":"open","sticky":false,"template":"","format":"standard","meta":{"footnotes":""},"categories":[11],"tags":[],"_links":{"self":[{"href":"https:\/\/blog.polityka.pl\/passent\/wp-json\/wp\/v2\/posts\/1011"}],"collection":[{"href":"https:\/\/blog.polityka.pl\/passent\/wp-json\/wp\/v2\/posts"}],"about":[{"href":"https:\/\/blog.polityka.pl\/passent\/wp-json\/wp\/v2\/types\/post"}],"author":[{"embeddable":true,"href":"https:\/\/blog.polityka.pl\/passent\/wp-json\/wp\/v2\/users\/4"}],"replies":[{"embeddable":true,"href":"https:\/\/blog.polityka.pl\/passent\/wp-json\/wp\/v2\/comments?post=1011"}],"version-history":[{"count":3,"href":"https:\/\/blog.polityka.pl\/passent\/wp-json\/wp\/v2\/posts\/1011\/revisions"}],"predecessor-version":[{"id":1168,"href":"https:\/\/blog.polityka.pl\/passent\/wp-json\/wp\/v2\/posts\/1011\/revisions\/1168"}],"wp:attachment":[{"href":"https:\/\/blog.polityka.pl\/passent\/wp-json\/wp\/v2\/media?parent=1011"}],"wp:term":[{"taxonomy":"category","embeddable":true,"href":"https:\/\/blog.polityka.pl\/passent\/wp-json\/wp\/v2\/categories?post=1011"},{"taxonomy":"post_tag","embeddable":true,"href":"https:\/\/blog.polityka.pl\/passent\/wp-json\/wp\/v2\/tags?post=1011"}],"curies":[{"name":"wp","href":"https:\/\/api.w.org\/{rel}","templated":true}]}}