
{"id":1014,"date":"2011-08-25T23:31:02","date_gmt":"2011-08-25T21:31:02","guid":{"rendered":"http:\/\/passent.blog.polityka.pl\/?p=1014"},"modified":"2011-11-22T15:22:36","modified_gmt":"2011-11-22T13:22:36","slug":"widmo-debat","status":"publish","type":"post","link":"https:\/\/blog.polityka.pl\/passent\/2011\/08\/25\/widmo-debat\/","title":{"rendered":"Widmo debat"},"content":{"rendered":"<p>Widmo kr\u0105\u017cy po Polsce \u2013 widmo debat. Nie wiem jak Pa\u0144stwu, ale mnie debat nie brakuje. Donald Tusk zr\u0119cznie wrzuci\u0142 propozycj\u0119 debat tu\u017c przed wiecem wyborczym PiS w Sali Kongresowej, ale nie wiele dobrego z tego wyniknie. W wersji Platformy, mia\u0142yby to by\u0107 debaty ministr\u00f3w obecnego rz\u0105du z ich odpowiednikami w PiS. Niekt\u00f3rzy ministrowie Platformy s\u0105 ca\u0142kiem elokwentni, mam na my\u015bli pp. Kwiatkowskiego (Sprawiedliwo\u015b\u0107), Rostowskiego (Finanse) i Sikorskiego (Sprawy Zagraniczne), dobrze daje sobie te\u017c rad\u0119 Jerzy Miller (Sprawy Wewn\u0119trzne). Kilka os\u00f3b z PiS te\u017c jednak nie zapomina j\u0119zyka w buzi, mam na my\u015bli zmobilizowan\u0105 w ostatniej chwili prof. Gilowsk\u0105, bardzo wymown\u0105, a tak\u017ce pp. Macierewicza i Ziobr\u0119..<\/p>\n<p>Mimo to nie jestem z\u0142akniony \u201edebaty\u201d Tusk \u2013 Gilowska, Fotyga \u2013 Sikorski, czy Miller \u2013 Macierewicz. Jedyn\u0105 zalet\u0119 propozycji Tuska widz\u0119 w tym, \u017ce przypomina ona, i\u017c alternatyw\u0105 dla jego ministr\u00f3w s\u0105 takie postaci jak Macierewicz i Ziobro. Ale\u00a0 \u017cebym zaraz musia\u0142 ich s\u0142ucha\u0107 \u2013 to przesada. Na m\u00f3j gust, polityk\u00f3w w mediach jest do\u015b\u0107, a nawet za du\u017co. Debaty, nawet na poziomie niedawnej (stosunkowo niepartyjnej)\u00a0 dyskusji Balcerowicz \u2013 Rostowski, nie prowadz\u0105 do niczego. Niestety, za spraw\u0105 medi\u00f3w i polityk\u00f3w, wszystko to jest jarmark, a na jarmarku kr\u00f3luj\u0105 przekupy.<\/p>\n<p>Wiem, \u017ce to jest zawracanie Wis\u0142y kijem, bo przynajmniej od 1960 roku i s\u0142ynnych debat Kennedy \u2013 Nixon, debaty sta\u0142y si\u0119 praktycznie obowi\u0105zkowe, \u017cadna ze stron nie mo\u017ce si\u0119 od nich wymiga\u0107. Dla mnie maj\u0105 one jednak powa\u017cny minus: nie licz\u0105 si\u0119 argumenty, wa\u017cniejsze od prawdy i racji staj\u0105 si\u0119 wygl\u0105d, zachowanie, szybki refleks, z\u0142o\u015bliwo\u015b\u0107, poczucie humoru i inne cechy drugorz\u0119dne. Ogl\u0105danie i s\u0142uchanie debaty ministr\u00f3w od zwalczania korupcji, Pitera \u2013 Ziobro, nie jest moim marzeniem. Wiadomo, \u017ce b\u0119dzie to tylko przerzucanie si\u0119 oskar\u017ceniami, wyrzutami, zarzutami i wymys\u0142ami.<\/p>\n<p>Merytorycznie debaty nie wnios\u0105 niczego nowego. Co prezes Kaczy\u0144ski my\u015bli o premierze Tusku \u2013 s\u0142yszymy ka\u017cdego dnia. Co Tusk my\u015bli o IV RP \u2013 tak\u017ce dla nikogo nie jest tajemnic\u0105. Ze wzgl\u0119d\u00f3w pozamerytorycznych ch\u0119tnie obejrz\u0119 debat\u0119 Fotyga \u2013 Sikorski, \u017ceby jeszcze raz pos\u0142ucha\u0107, \u017ce nasze pa\u0144stwo jest kondominium, podn\u00f3\u017ckiem i ch\u0142opcem na posy\u0142ki pa\u0144stw o\u015bciennych. Wiedziony owczym p\u0119dem obejrz\u0119 te\u017c debat\u0119 Tusk \u2013 Kaczy\u0144ski, ale nie licz\u0119 na to, \u017ce czego\u015b si\u0119 dowiem. Podobno debaty s\u0105 wa\u017cne dla wyborc\u00f3w niezdecydowanych oraz takich, kt\u00f3rzy nie wiedz\u0105, czy wzi\u0105\u0107 udzia\u0142 w wyborach. Ja si\u0119 do nich nie zaliczam. Na\u00a0 pewno p\u00f3jd\u0119 na wybory i wiem jak g\u0142osowa\u0107. Dla takich wyborc\u00f3w, debaty to strata czasu..<\/p>\n","protected":false},"excerpt":{"rendered":"<p>Widmo kr\u0105\u017cy po Polsce \u2013 widmo debat. Nie wiem jak Pa\u0144stwu, ale mnie debat nie brakuje. Donald Tusk zr\u0119cznie wrzuci\u0142 propozycj\u0119 debat tu\u017c przed wiecem wyborczym PiS w Sali Kongresowej, ale nie wiele dobrego z tego wyniknie. W wersji Platformy, mia\u0142yby to by\u0107 debaty ministr\u00f3w obecnego rz\u0105du z ich odpowiednikami w PiS. Niekt\u00f3rzy ministrowie Platformy [&hellip;]<\/p>\n","protected":false},"author":4,"featured_media":0,"comment_status":"open","ping_status":"open","sticky":false,"template":"","format":"standard","meta":{"footnotes":""},"categories":[11],"tags":[],"_links":{"self":[{"href":"https:\/\/blog.polityka.pl\/passent\/wp-json\/wp\/v2\/posts\/1014"}],"collection":[{"href":"https:\/\/blog.polityka.pl\/passent\/wp-json\/wp\/v2\/posts"}],"about":[{"href":"https:\/\/blog.polityka.pl\/passent\/wp-json\/wp\/v2\/types\/post"}],"author":[{"embeddable":true,"href":"https:\/\/blog.polityka.pl\/passent\/wp-json\/wp\/v2\/users\/4"}],"replies":[{"embeddable":true,"href":"https:\/\/blog.polityka.pl\/passent\/wp-json\/wp\/v2\/comments?post=1014"}],"version-history":[{"count":3,"href":"https:\/\/blog.polityka.pl\/passent\/wp-json\/wp\/v2\/posts\/1014\/revisions"}],"predecessor-version":[{"id":1167,"href":"https:\/\/blog.polityka.pl\/passent\/wp-json\/wp\/v2\/posts\/1014\/revisions\/1167"}],"wp:attachment":[{"href":"https:\/\/blog.polityka.pl\/passent\/wp-json\/wp\/v2\/media?parent=1014"}],"wp:term":[{"taxonomy":"category","embeddable":true,"href":"https:\/\/blog.polityka.pl\/passent\/wp-json\/wp\/v2\/categories?post=1014"},{"taxonomy":"post_tag","embeddable":true,"href":"https:\/\/blog.polityka.pl\/passent\/wp-json\/wp\/v2\/tags?post=1014"}],"curies":[{"name":"wp","href":"https:\/\/api.w.org\/{rel}","templated":true}]}}