
{"id":1018,"date":"2011-08-28T23:37:12","date_gmt":"2011-08-28T21:37:12","guid":{"rendered":"http:\/\/passent.blog.polityka.pl\/?p=1018"},"modified":"2011-11-22T15:21:57","modified_gmt":"2011-11-22T13:21:57","slug":"glos-jego-pana-2","status":"publish","type":"post","link":"https:\/\/blog.polityka.pl\/passent\/2011\/08\/28\/glos-jego-pana-2\/","title":{"rendered":"G\u0142os jego pana"},"content":{"rendered":"<p>Publiczne darcie propagandowej broszury Platformy przez dzia\u0142aczy PiS obni\u017cy\u0142o poziom \u201edebaty\u201d przedwyborczej g\u0142\u0119boko poni\u017cej zera. Zastanawiam si\u0119, dlaczego aktywi\u015bci PiS w szesnastu miastach darli i ci\u0119li broszur\u0119 zamiast j\u0105 podpali\u0107? Palenie\u00a0 ma d\u0142ug\u0105 tradycj\u0119. Ogie\u0144 \u0142\u0105czy ludzi. Przy ogniskach mo\u017cna by si\u0119 dobrze ogrza\u0107, po\u015bpiewa\u0107 pie\u015bni ze \u015bpiewnika PiS, a tak\u017ce roznieci\u0107 p\u0142omie\u0144 buntu. \u201ePolska w p\u0142omieniach\u201d, \u201ePali si\u0119 pod Platform\u0105\u201d, \u201ePali si\u0119!\u201d, \u201ePo\u017car!\u201d \u2013 to by\u0142yby ca\u0142kiem dobre tytu\u0142y dla bulwar\u00f3wek czy dla prasy pisowskiej.<\/p>\n<p>Zastanawia\u0142em si\u0119, dlaczego PiS tak bardzo domaga si\u0119 od Platformy ujawnienia jej programu wyborczego &#8211; przecie\u017c program\u00f3w nikt nie czyta. A teraz ju\u017c wiem \u2013 \u017ceby go podrze\u0107, poci\u0105\u0107 na kawa\u0142ki, a ja bym nawet radzi\u0142 podpali\u0107, jak pochodni\u0119. Marsz z p\u0142on\u0105cymi programami Platformy i z kuk\u0142\u0105 Tuska by\u0142by ca\u0142kiem fotogeniczny. Obecno\u015b\u0107 we wszystkich newsach telewizyjnych gwarantowana. Palenie broszur zamiast ich ci\u0119cia wydaje mi si\u0119 ca\u0142kiem realne. Do wybor\u00f3w jeszcze ponad miesi\u0105c.<\/p>\n<p>W ci\u0105gu ostatniego tygodnia PiS mia\u0142 tylko jedno dobre posuni\u0119cie \u2013 wystawienie prof. Zyty Gilowskiej do debaty z ministrem finans\u00f3w. Co prawda prof. Gilowskiej, jako cz\u0142onkini RPP, nie wypada anga\u017cowa\u0107 si\u0119 w bie\u017c\u0105c\u0105 polityk\u0119, ale warto t\u0119 cen\u0119 zap\u0142aci\u0107, \u017ceby pos\u0142anka Szyd\u0142o nie musia\u0142a debatowa\u0107 z Jackiem Rostowskim.<\/p>\n<p>Poza tym PiS odnotowa\u0142 same wpadki. Prezes Kaczy\u0144ski robi z Rostowskiego \u2013 nieuka, nawet nie magistra, ale to s\u0142aby argument wobec faktu, \u017ce gospodarka polska na tle Unii Europejskiej trzyma si\u0119 nie\u017ale. Pos\u0142anka Szyd\u0142o paln\u0119\u0142a gaf\u0119 pomyliwszy spadek PNB ze spadkiem tempa wzrostu. Prezes Kaczy\u0144ski, obro\u0144ca odrzuconych, pokrzywdzonych i wykluczonych, zwierzy\u0142 si\u0119, \u017ce na obiad z prof. Gilowsk\u0105 jad\u0142 \u015blimaki i kaczk\u0119 \u2013 to na pewno przysporzy my zwolennik\u00f3w w\u015br\u00f3d bezrobotnych, o kt\u00f3rych tyle m\u00f3wi. Odmawianie Platformie zas\u0142ug, kt\u00f3re sobie przypisuje, sko\u0144czy\u0142o si\u0119 w s\u0105dzie, gdzie PiS przegra\u0142. Wreszcie Adam Hofman, ulubiony rzecznik prezesa, obrazi\u0142 \u2013 w\u0142a\u015bnie, kogo obrazi\u0142? \u2013 rolnik\u00f3w? ch\u0142op\u00f3w? PSL? Na ten temat toczy si\u0119 sp\u00f3r, obro\u0144cy Hofmana i PiS twierdz\u0105, \u017ce\u00a0 nie chodzi\u0142o o ch\u0142op\u00f3w czy o rolnik\u00f3w, tylko o dzia\u0142aczy PSL, \u017ce to oni \u201ezbaranieli\u201d, \u017ce to im \u201eodbi\u0142o\u201d itp.<\/p>\n<p>Jak by nie by\u0142o, Hofman da\u0142 kolejny popis arogancji i bezczelno\u015bci, to najbardziej pyskaty i wygadany m\u0142ody cz\u0142owiek na ca\u0142ym podw\u00f3rku. Jego wysoka pozycja w PiS, zawsze tu\u017c obok prezesa Kaczy\u0144skiego, wskazuje, \u017ce Hofman to \u2018g\u0142os jego pana\u2019. Tacy ludzie obni\u017caj\u0105 poziom kampanii, kompromituj\u0105 klas\u0119 polityczn\u0105, odstr\u0119czaj\u0105 ludzi od polityki i od udzia\u0142u w wyborach. I chyba o to im chodzi.<\/p>\n<p>PS. Oczywi\u015bcie, politykom Platformy i SLD te\u017c trafiaj\u0105 si\u0119 chamskie wypowiedzi, np. to, co m\u00f3wi\u0142 pose\u0142 Wiki\u0144ski o Robercie Biedroniu, ale jednak tam to si\u0119 zdarza, a w PiS si\u0119 powtarza..<\/p>\n","protected":false},"excerpt":{"rendered":"<p>Publiczne darcie propagandowej broszury Platformy przez dzia\u0142aczy PiS obni\u017cy\u0142o poziom \u201edebaty\u201d przedwyborczej g\u0142\u0119boko poni\u017cej zera. Zastanawiam si\u0119, dlaczego aktywi\u015bci PiS w szesnastu miastach darli i ci\u0119li broszur\u0119 zamiast j\u0105 podpali\u0107? Palenie\u00a0 ma d\u0142ug\u0105 tradycj\u0119. Ogie\u0144 \u0142\u0105czy ludzi. Przy ogniskach mo\u017cna by si\u0119 dobrze ogrza\u0107, po\u015bpiewa\u0107 pie\u015bni ze \u015bpiewnika PiS, a tak\u017ce roznieci\u0107 p\u0142omie\u0144 buntu. \u201ePolska [&hellip;]<\/p>\n","protected":false},"author":4,"featured_media":0,"comment_status":"open","ping_status":"open","sticky":false,"template":"","format":"standard","meta":{"footnotes":""},"categories":[11],"tags":[],"_links":{"self":[{"href":"https:\/\/blog.polityka.pl\/passent\/wp-json\/wp\/v2\/posts\/1018"}],"collection":[{"href":"https:\/\/blog.polityka.pl\/passent\/wp-json\/wp\/v2\/posts"}],"about":[{"href":"https:\/\/blog.polityka.pl\/passent\/wp-json\/wp\/v2\/types\/post"}],"author":[{"embeddable":true,"href":"https:\/\/blog.polityka.pl\/passent\/wp-json\/wp\/v2\/users\/4"}],"replies":[{"embeddable":true,"href":"https:\/\/blog.polityka.pl\/passent\/wp-json\/wp\/v2\/comments?post=1018"}],"version-history":[{"count":4,"href":"https:\/\/blog.polityka.pl\/passent\/wp-json\/wp\/v2\/posts\/1018\/revisions"}],"predecessor-version":[{"id":1165,"href":"https:\/\/blog.polityka.pl\/passent\/wp-json\/wp\/v2\/posts\/1018\/revisions\/1165"}],"wp:attachment":[{"href":"https:\/\/blog.polityka.pl\/passent\/wp-json\/wp\/v2\/media?parent=1018"}],"wp:term":[{"taxonomy":"category","embeddable":true,"href":"https:\/\/blog.polityka.pl\/passent\/wp-json\/wp\/v2\/categories?post=1018"},{"taxonomy":"post_tag","embeddable":true,"href":"https:\/\/blog.polityka.pl\/passent\/wp-json\/wp\/v2\/tags?post=1018"}],"curies":[{"name":"wp","href":"https:\/\/api.w.org\/{rel}","templated":true}]}}