
{"id":1021,"date":"2011-08-30T22:24:13","date_gmt":"2011-08-30T20:24:13","guid":{"rendered":"http:\/\/passent.blog.polityka.pl\/?p=1021"},"modified":"2011-11-22T15:19:46","modified_gmt":"2011-11-22T13:19:46","slug":"gielda-wyborcza","status":"publish","type":"post","link":"https:\/\/blog.polityka.pl\/passent\/2011\/08\/30\/gielda-wyborcza\/","title":{"rendered":"Gie\u0142da wyborcza"},"content":{"rendered":"<p>Najnowsze notowania\u00a0 na gie\u0142dzie wyborczej. Marek Jurek i Janusz Korwin Mikke nie zdo\u0142ali zarejestrowa\u0107 swoich komitet\u00f3w wyborczych. Kto na tym skorzysta? Przede wszystkim PiS. Jaros\u0142aw Kaczy\u0144ski raz jeszcze okaza\u0142 si\u0119 politykiem skutecznym \u2013 na prawo od niego jest \u015bciana, a przy tym wszystkim nie PiS\u00a0jest parti\u0105 skrajnie prawicow\u0105. Parti\u0119, kt\u00f3ra mo\u017ce liczy\u0107 na poparcie \u00bc, a\u00a0 mo\u017ce nawet 1\/3 wyborc\u00f3w, trudno uzna\u0107 ze \u201eekstrem\u0119\u201d. Co prawda takie przypadki w historii bywa\u0142y, ale chyba nie tym razem.<\/p>\n<p>Niekt\u00f3rzy uwa\u017caj\u0105, \u017ce fiasko Marka Jurka i Korwina Mikke mo\u017ce pom\u00f3c PJN, ale ja nie bardzo widz\u0119 w jaki spos\u00f3b. Partia Paw\u0142a Kowala (\u201edawniej 22 lipca\u201d, czyli Kluzik Rostkowskiej) jest raczej umiarkowana, jedyne, co j\u0105 \u0142\u0105czy z radykaln\u0105 prawic\u0105, to niezale\u017cno\u015b\u0107 od J. Kaczy\u0144skiego, a to niewiele. G\u0142\u00f3wnym beneficjentem\u00a0 pora\u017cki Marka Jurka i Korwina b\u0119dzie PiS, to na t\u0119 parti\u0119, \u201ezamykaj\u0105c oczy i zatykaj\u0105c nos\u201d b\u0119dzie g\u0142osowa\u0142a ca\u0142a prawica.<\/p>\n<p>Na lewicy zaktywizowa\u0142 si\u0119 Aleksander Kwa\u015bniewski. Troch\u0119 wbrew pog\u0142oskom, zapowiedzia\u0142, \u017ce we\u017amie udzia\u0142 w kampanii SLD. Mo\u017ce nie ca\u0142o\u015bciowo, ale b\u0119dzie na konwencji i poprze niekt\u00f3rych kandydat\u00f3w (np. Kalisza, Iwi\u0144skiego\u00a0 i Millera). Kwa\u015bniewski nie bardzo m\u00f3g\u0142 sobie pozwoli\u0107 na ca\u0142kowite zdystansowanie si\u0119 od partii, kt\u00f3r\u0105 tworzy\u0142, chocia\u017c Napieralski nie budzi jego entuzjazmu. Niestety, nie tylko jego, bo pod przyw\u00f3dztwem Napieralskiego partia \u201epikuje w d\u00f3\u0142\u201d. Wzlot i upadek Napieralskiego widz\u0119 tak: najpierw by\u0142 potrzebny m\u0142ody przyw\u00f3dca, \u017ceby pokaza\u0107, \u017ce SLD nie jest post-komun\u0105, nie ma nic wsp\u00f3lnego z pokoleniem PRL. Napieralski by\u0142 potrzebny jako polityk twardy, stanowczy, kt\u00f3ry we\u017amie partie w swoje r\u0119ce, odsunie mi\u0119czaka \u2013 Olejniczaka i wyprowadzi SLD z kryzysu. Ukoronowaniem tej linii by\u0142 dobry wynik Napieralskiego w wyborach prezydenckich.<\/p>\n<p>Teraz, przed wyborami parlamentarnymi, okaza\u0142o si\u0119 jednak, \u017ce kwiat lewicy pozostaje poza SLD, jak Belka i Cimoszewicz, albo si\u0119 od tej partii dystansuje, jak Kwa\u015bniewski. W dodatku Napieralski nie chce si\u0119 wyrzec ewentualnej koalicji z PiS, czym odpycha cz\u0119\u015b\u0107 wyborc\u00f3w lewicy. Du\u017co si\u0119 m\u00f3wi o s\u0142abo\u015bci kadrowej PiS, ale w nie mniejszym stopniu dotyczy do SLD. Rz\u0105d z udzia\u0142em Kaczy\u0144skiego, Macierewicza i Ziobry by\u0142by zab\u00f3jczy dla polskiej demokracji, ale rz\u0105d z Napieralskim, Kalit\u0105 i Wiki\u0144skim\u00a0 by\u0142by nieudolny, zdolny do koalicji z PiS,\u00a0 na co Polska te\u017c nie zas\u0142u\u017cy\u0142a. \u201eZas\u0142ugujemy na wi\u0119cej\u201d.<\/p>\n<p>Pozostaj\u0105 dwa warianty. Status quo, czyli dalszy ci\u0105g obecnej koalicji, albo koalicja PO \u2013 PSL \u2013 SLD. W tym drugim przypadku spe\u0142ni\u0142oby si\u0119 marzenie Napieralskiego, ale jednak wysokim kosztem, bo koalicja tr\u00f3jstronna jest mniej funkcjonalna, \u201etrojk\u0105\u201d trudno powozi\u0107. Poza tym \u201etrojka\u201d ma du\u017cy minus: jedyn\u0105 parti\u0105 opozycyjn\u0105, a wi\u0119c i jedyn\u0105 alternatyw\u0105, by\u0142by PIS. \u201eTrojka\u201d to dla partii Jaros\u0142awa Kaczy\u0144skiego wygodne rozwi\u0105zanie. Ju\u017c teraz, odmawiaj\u0105c debat z pozosta\u0142ymi partiami w parlamencie (PO, SLD, PSL, PJN), Prawo i Sprawiedliwo\u015b\u0107 pokazuje, \u017ce\u00a0 nie chce z tym establishmentem\u00a0\u00a0 mie\u0107 nic wsp\u00f3lnego,\u00a0\u00a0 niech porz\u0105dz\u0105 rok &#8211; dwa i wzajemnie si\u0119 zagryz\u0105, albo niech poch\u0142onie ich kryzys. A w\u00f3wczas jedyn\u0105 alternatyw\u0105 b\u0119dzie partia Jaros\u0142awa Kaczy\u0144skiego. Tusk o tym wie, dlatego wychwala koalicj\u0119 z PSL i stara si\u0119 ignorowa\u0107, marginalizowa\u0107 SLD. W sumie kwadratura ko\u0142a \u2013 g\u0142osy na SLD os\u0142abiaj\u0105\u00a0 Platform\u0119 i wzmacniaj\u0105 PiS. G\u0142os na lewic\u0119 \u2013 wzmacnia prawic\u0119.<\/p>\n","protected":false},"excerpt":{"rendered":"<p>Najnowsze notowania\u00a0 na gie\u0142dzie wyborczej. Marek Jurek i Janusz Korwin Mikke nie zdo\u0142ali zarejestrowa\u0107 swoich komitet\u00f3w wyborczych. Kto na tym skorzysta? Przede wszystkim PiS. Jaros\u0142aw Kaczy\u0144ski raz jeszcze okaza\u0142 si\u0119 politykiem skutecznym \u2013 na prawo od niego jest \u015bciana, a przy tym wszystkim nie PiS\u00a0jest parti\u0105 skrajnie prawicow\u0105. Parti\u0119, kt\u00f3ra mo\u017ce liczy\u0107 na poparcie \u00bc, [&hellip;]<\/p>\n","protected":false},"author":4,"featured_media":0,"comment_status":"open","ping_status":"open","sticky":false,"template":"","format":"standard","meta":{"footnotes":""},"categories":[11],"tags":[],"_links":{"self":[{"href":"https:\/\/blog.polityka.pl\/passent\/wp-json\/wp\/v2\/posts\/1021"}],"collection":[{"href":"https:\/\/blog.polityka.pl\/passent\/wp-json\/wp\/v2\/posts"}],"about":[{"href":"https:\/\/blog.polityka.pl\/passent\/wp-json\/wp\/v2\/types\/post"}],"author":[{"embeddable":true,"href":"https:\/\/blog.polityka.pl\/passent\/wp-json\/wp\/v2\/users\/4"}],"replies":[{"embeddable":true,"href":"https:\/\/blog.polityka.pl\/passent\/wp-json\/wp\/v2\/comments?post=1021"}],"version-history":[{"count":3,"href":"https:\/\/blog.polityka.pl\/passent\/wp-json\/wp\/v2\/posts\/1021\/revisions"}],"predecessor-version":[{"id":1164,"href":"https:\/\/blog.polityka.pl\/passent\/wp-json\/wp\/v2\/posts\/1021\/revisions\/1164"}],"wp:attachment":[{"href":"https:\/\/blog.polityka.pl\/passent\/wp-json\/wp\/v2\/media?parent=1021"}],"wp:term":[{"taxonomy":"category","embeddable":true,"href":"https:\/\/blog.polityka.pl\/passent\/wp-json\/wp\/v2\/categories?post=1021"},{"taxonomy":"post_tag","embeddable":true,"href":"https:\/\/blog.polityka.pl\/passent\/wp-json\/wp\/v2\/tags?post=1021"}],"curies":[{"name":"wp","href":"https:\/\/api.w.org\/{rel}","templated":true}]}}