
{"id":1027,"date":"2011-09-04T23:18:45","date_gmt":"2011-09-04T21:18:45","guid":{"rendered":"http:\/\/passent.blog.polityka.pl\/?p=1027"},"modified":"2011-11-22T15:17:16","modified_gmt":"2011-11-22T13:17:16","slug":"biala-flaga","status":"publish","type":"post","link":"https:\/\/blog.polityka.pl\/passent\/2011\/09\/04\/biala-flaga\/","title":{"rendered":"Bia\u0142a flaga"},"content":{"rendered":"<p>Prezydent na Jasnej G\u00f3rze, premier w ko\u015bciele w Wilnie, w podr\u00f3\u017cy s\u0142u\u017cbowej modli si\u0119 i przyjmuje komuni\u0119. Rozumiem, \u017ce politycy maj\u0105 swoje przekonania religijne, ale czy mogli by je uprawia\u0107 prywatnie? Rozumiem tak\u017ce, \u017ce w przypadku prezydenta chodzi\u0142o o udzia\u0142 w do\u017cynkach, a w przypadku premiera \u2013 o mo\u017cliwo\u015b\u0107 spotkania z Polakami na Litwie, rozumiem\u00a0\u00a0 tak\u017ce, \u017ce mamy kampani\u0119 wyborcz\u0105 i pokaza\u0107 si\u0119 w ko\u015bciele nie zaszkodzi, a jednak mam wra\u017cenie, \u017ce widzia\u0142em bia\u0142\u0105 flag\u0119\u2026<\/p>\n<p>Okre\u015blenie \u201epolityka bia\u0142ej flagi\u201d jest zr\u0119cznie u\u017cyte przez Jaros\u0142awa Kaczy\u0144skiego \u2013 przemawia do dumy i aspiracji Polak\u00f3w. Kiedy prezes PiS m\u00f3wi o polityce bia\u0142ej flagi, o uleg\u0142o\u015bci w stosunkach mi\u0119dzynarodowych i w kraju, to nie bardzo wiadomo o co chodzi, ale chyba chodzi o to, \u017ce Tusk jest mi\u0119czakiem, na wszystko si\u0119 zgodzi, byle tylko pozwoli\u0107 mu gra\u0107 w pi\u0142k\u0119. Chwyt z bia\u0142\u0105 flag\u0105 jest dobry, ale przy bli\u017cszym zastanowieniu nieuzasadniony.<\/p>\n<p>Wobec kogo Tusk kapituluje w kraju? On nie tyle kapituluje, co schodzi z linii, unika konfrontacji. Najbogatsi? Nie obni\u017cy\u0142 im podatku jak premier Kaczy\u0144ski. Media? \u017byje z nimi w zgodzie, nie zlikwidowa\u0142 ulgi podatkowej dla tw\u00f3rc\u00f3w (w tym dziennikarzy), ale wi\u0119kszych koncesji\u00a0 nie widz\u0119. Ko\u015bci\u00f3\u0142? Owszem (patrz wy\u017cej), ale bez przesady, komisja maj\u0105tkowa zlikwidowana, jej ustalenia pozostaj\u0105 w mocy, rz\u0105d trzyma si\u0119 raczej z boku. Zwi\u0105zkowcy, ci \u2018prawdziwi\u2019, z pod znaku \u2018S\u2019, s\u0105 z rz\u0105du niezadowoleni, ale raczej ze wzgl\u0119d\u00f3w politycznych ni\u017c zwi\u0105zkowych. Wojsko? I tutaj Tusk jest elastyczny, wydatki na obronno\u015b\u0107 nie rosn\u0105, na razie lobby wojskowe dosta\u0142o genera\u0142a Skrzypczaka na os\u0142od\u0119 (wyj\u0105tkowo niezr\u0119czne posuni\u0119cie).<\/p>\n<p>W polityce zagranicznej \u2013 podobnie, nie b\u0119d\u0119 teraz rozwija\u0142 tematu, powiem tylko jedno: wyjazd Tuska na Litw\u0119 mia\u0142 miejsce w kontek\u015bcie \u2018bia\u0142ej flagi\u2019 \u2013 polski premier pokazuje, \u017ce ojczyzna pami\u0119ta o rodakach. Nie b\u0119dzie Litwin plu\u0142 nam w twarz\u2026 Zw\u0142aszcza przed wyborami. Jeszcze jedno zr\u0119czne posuni\u0119cie Tuska \u2013 pokaza\u0142 Litwinom i Polakom, \u017ce nie z nami takie numery. A \u017ce sprawy polsko \u2013 litewskie s\u0105 trudne, to si\u0119 jeszcze nie raz oka\u017ce. A polskie\u00a0 aspiracje, \u017ceby by\u0107 liderem w regionie, nie wszystkim si\u0119 podobaj\u0105.<\/p>\n<p>Prezes Kaczy\u0144ski kluczy w sprawie debaty. Najpierw m\u00f3wi\u0142, \u017ce tylko w siedzibie PiS, teraz godzi si\u0119 na miejsce neutralne, ale ma jaki\u015b nowy pomys\u0142 z &#8222;niezale\u017cnym producentem&#8221;, kt\u00f3ry debat\u0119 wyprodukuje. Czy sztaby uzgodni\u0105 kto jest &#8222;neutralnym producentem&#8221;?<\/p>\n<p>Najwa\u017cniejszy warunek Kaczy\u0144skiego, \u017ceby Tusk przed debat\u0105 zrezygnowa\u0142 z polityki \u2018bia\u0142ej flagi\u2019 to kpina. Ciekawe w jaki spos\u00f3b mo\u017cna &#8222;porzuci\u0107\u201d bia\u0142\u0105 flag\u0119? Wali\u0107 pi\u0119\u015bci\u0105 w st\u00f3\u0142 na Kremlu, albo w Bia\u0142ym Domu, obra\u017ca\u0107 si\u0119 na Bruksel\u0119, zaprowadzi\u0107 polskie porz\u0105dki na Litwie, podnie\u015b\u0107 podatki? To\u017c to wszystko mrzonki. Czegokolwiek by Tusk nie zrobi\u0142 \u2013 Kaczy\u0144ski i tak b\u0119dzie niezadowolony, bo tak rozumie rol\u0119 opozycji, ma do tego prawo. Tusk nie ma wi\u0119c po co kl\u0119ka\u0107 na grochu przed prezesem, zak\u0142ada\u0107 w\u0142osiennicy,\u00a0 ani upokarza\u0107 si\u0119 w inny spos\u00f3b. Dobrze by jednak zrobi\u0142, gdyby niekt\u00f3re decyzje lepiej uzasadnia\u0142. Na pprzyk\u0142ad nominacja gen. Skrzypczaka powinna by\u0107 publicznie uzasadniona, powiedzmy\u00a0przez rzecznika rz\u0105du, albo na wsp\u00f3lnej konferencji prasowej. A tak wysz\u0142o na to, \u017ce zostali\u015bmy zlekcewa\u017ceni, w\u0142adza zachowa\u0142a si\u0119 arogancko,\u00a0 premier wci\u0105gn\u0105\u0142 bia\u0142\u0105 flag\u0119 przed genera\u0142em, a mo\u017ce nawet przed generalicj\u0105.<\/p>\n","protected":false},"excerpt":{"rendered":"<p>Prezydent na Jasnej G\u00f3rze, premier w ko\u015bciele w Wilnie, w podr\u00f3\u017cy s\u0142u\u017cbowej modli si\u0119 i przyjmuje komuni\u0119. Rozumiem, \u017ce politycy maj\u0105 swoje przekonania religijne, ale czy mogli by je uprawia\u0107 prywatnie? Rozumiem tak\u017ce, \u017ce w przypadku prezydenta chodzi\u0142o o udzia\u0142 w do\u017cynkach, a w przypadku premiera \u2013 o mo\u017cliwo\u015b\u0107 spotkania z Polakami na Litwie, rozumiem\u00a0\u00a0 [&hellip;]<\/p>\n","protected":false},"author":4,"featured_media":0,"comment_status":"open","ping_status":"open","sticky":false,"template":"","format":"standard","meta":{"footnotes":""},"categories":[11],"tags":[],"_links":{"self":[{"href":"https:\/\/blog.polityka.pl\/passent\/wp-json\/wp\/v2\/posts\/1027"}],"collection":[{"href":"https:\/\/blog.polityka.pl\/passent\/wp-json\/wp\/v2\/posts"}],"about":[{"href":"https:\/\/blog.polityka.pl\/passent\/wp-json\/wp\/v2\/types\/post"}],"author":[{"embeddable":true,"href":"https:\/\/blog.polityka.pl\/passent\/wp-json\/wp\/v2\/users\/4"}],"replies":[{"embeddable":true,"href":"https:\/\/blog.polityka.pl\/passent\/wp-json\/wp\/v2\/comments?post=1027"}],"version-history":[{"count":4,"href":"https:\/\/blog.polityka.pl\/passent\/wp-json\/wp\/v2\/posts\/1027\/revisions"}],"predecessor-version":[{"id":1160,"href":"https:\/\/blog.polityka.pl\/passent\/wp-json\/wp\/v2\/posts\/1027\/revisions\/1160"}],"wp:attachment":[{"href":"https:\/\/blog.polityka.pl\/passent\/wp-json\/wp\/v2\/media?parent=1027"}],"wp:term":[{"taxonomy":"category","embeddable":true,"href":"https:\/\/blog.polityka.pl\/passent\/wp-json\/wp\/v2\/categories?post=1027"},{"taxonomy":"post_tag","embeddable":true,"href":"https:\/\/blog.polityka.pl\/passent\/wp-json\/wp\/v2\/tags?post=1027"}],"curies":[{"name":"wp","href":"https:\/\/api.w.org\/{rel}","templated":true}]}}