
{"id":1039,"date":"2011-09-14T13:01:44","date_gmt":"2011-09-14T11:01:44","guid":{"rendered":"http:\/\/passent.blog.polityka.pl\/?p=1039"},"modified":"2011-11-22T15:11:07","modified_gmt":"2011-11-22T13:11:07","slug":"stosunek-zaburzony","status":"publish","type":"post","link":"https:\/\/blog.polityka.pl\/passent\/2011\/09\/14\/stosunek-zaburzony\/","title":{"rendered":"Stosunek zaburzony"},"content":{"rendered":"<p><strong>Ko\u015bci\u00f3\u0142 katolicki, kt\u00f3ry za publiczne pieni\u0105dze prowadzi katechez\u0119 w szko\u0142ach, a ostatnio coraz bardziej i w przedszkolach, stara si\u0119 teraz po\u0142o\u017cy\u0107 r\u0119k\u0119 na telewizji publicznej. Widocznie TV Trwam, Radio Maryja i inne to za ma\u0142o<\/strong>.<\/p>\n<p>Przypomnijmy fakty. Swojego czasu artysta, Adam Nergal Darski, podczas wyst\u0119pu, na oczach licznej publiczno\u015bci, podar\u0142 Bibli\u0119 i nazwa\u0142 j\u0105 k\u0142amliw\u0105 ksi\u0119g\u0105. Dla mnie by\u0142 to fakt niesmaczny, godz\u0105cy w uczucia religijne, a tak\u017ce estetyczne. Rwanie i palenie ksi\u0105\u017cek kojarzy mi si\u0119 z Goebbelsem i ciemn\u0105 noc\u0105, kt\u00f3r\u0105 rozja\u015bnia\u0142 p\u0142omie\u0144 ksi\u0105\u017cek palonych przez student\u00f3w w obecno\u015bci ministra propagandy III Rzeszy. Podobne skojarzenia mia\u0142em, kiedy dzia\u0142acze PiS w szesnastu wojew\u00f3dztwach ci\u0119li na kawa\u0142ki broszur\u0119 rz\u0105du czy Platformy.<\/p>\n<p>Jednak s\u0105d uzna\u0142, \u017ce Tergal swoim post\u0119pkiem nie pope\u0142ni\u0142 przest\u0119pstwa z art. 196 KK (obraza uczu\u0107 religijnych), bo \u2013 jak przypomina Katarzyna Wi\u015bniewska w \u201eGW\u201d \u2013 &#8222;by\u0142 swoist\u0105 form\u0105 sztuki w stylistyce grupy Behemoth\u201d. Dla mnie to nie by\u0142a \u017cadna sztuka, tylko po\u017ca\u0142owania godny wybryk. By\u0142o \u2013 min\u0119\u0142o.<\/p>\n<p>Teraz odezwali si\u0119 biskupi, kt\u00f3rym nie podoba si\u0119, \u017ce Nergal jest jurorem w programie muzycznym TVP. \u201eZatrudnianie wyznawcy satanizmu, blu\u017aniercy, cz\u0142owieka bez podstawowej kultury w telewizji publicznej\u00a0 bije wszelkie granice przyzwoito\u015bci\u2026\u201d \u2013 pisze bp W. Mering. Bp S\u0142awoj Leszek G\u0142\u00f3d\u017a pisze do prezesa TVP o \u201ezaburzeniu stosunku do misji spo\u0142ecznej obowi\u0105zuj\u0105cej telewizj\u0119 publiczn\u0105\u201d.<\/p>\n<p>Moim zdaniem \u201estosunek zaburzaj\u0105\u201d biskupi. TVP nie podlega, a w ka\u017cdym razie nie powinna podlega\u0107\u00a0 \u017cadnemu Ko\u015bcio\u0142owi, ma prawo zaprasza\u0107 do wsp\u00f3\u0142pracy ludzi rozmaitych wyzna\u0144 i przekona\u0144. Nawet, je\u017celi Nergal \u2013 Darski obrazi\u0142 uczucia religijne, to zosta\u0142 oczyszczony przez s\u0105d, a poza tym zakaz wyst\u0119powania w TVP nie jest chyba kar\u0105 w kodeksie kanonicznym. Dzisiaj Nergal,\u00a0 a jutro kto\u015b inny mo\u017ce dosta\u0107 szlaban w TVP. Dlatego, chocia\u017c post\u0119pek Nergala by\u0142 niefortunny, to du\u017co wi\u0119ksze zagro\u017cenie widz\u0119\u00a0 w pr\u00f3bach ingerowania przedstawiciel Episkopatu w\u00a0 media publiczne.<\/p>\n<p>Amen.<\/p>\n","protected":false},"excerpt":{"rendered":"<p>Ko\u015bci\u00f3\u0142 katolicki, kt\u00f3ry za publiczne pieni\u0105dze prowadzi katechez\u0119 w szko\u0142ach, a ostatnio coraz bardziej i w przedszkolach, stara si\u0119 teraz po\u0142o\u017cy\u0107 r\u0119k\u0119 na telewizji publicznej. Widocznie TV Trwam, Radio Maryja i inne to za ma\u0142o. Przypomnijmy fakty. Swojego czasu artysta, Adam Nergal Darski, podczas wyst\u0119pu, na oczach licznej publiczno\u015bci, podar\u0142 Bibli\u0119 i nazwa\u0142 j\u0105 k\u0142amliw\u0105 [&hellip;]<\/p>\n","protected":false},"author":4,"featured_media":0,"comment_status":"open","ping_status":"open","sticky":false,"template":"","format":"standard","meta":{"footnotes":""},"categories":[23],"tags":[],"_links":{"self":[{"href":"https:\/\/blog.polityka.pl\/passent\/wp-json\/wp\/v2\/posts\/1039"}],"collection":[{"href":"https:\/\/blog.polityka.pl\/passent\/wp-json\/wp\/v2\/posts"}],"about":[{"href":"https:\/\/blog.polityka.pl\/passent\/wp-json\/wp\/v2\/types\/post"}],"author":[{"embeddable":true,"href":"https:\/\/blog.polityka.pl\/passent\/wp-json\/wp\/v2\/users\/4"}],"replies":[{"embeddable":true,"href":"https:\/\/blog.polityka.pl\/passent\/wp-json\/wp\/v2\/comments?post=1039"}],"version-history":[{"count":6,"href":"https:\/\/blog.polityka.pl\/passent\/wp-json\/wp\/v2\/posts\/1039\/revisions"}],"predecessor-version":[{"id":1044,"href":"https:\/\/blog.polityka.pl\/passent\/wp-json\/wp\/v2\/posts\/1039\/revisions\/1044"}],"wp:attachment":[{"href":"https:\/\/blog.polityka.pl\/passent\/wp-json\/wp\/v2\/media?parent=1039"}],"wp:term":[{"taxonomy":"category","embeddable":true,"href":"https:\/\/blog.polityka.pl\/passent\/wp-json\/wp\/v2\/categories?post=1039"},{"taxonomy":"post_tag","embeddable":true,"href":"https:\/\/blog.polityka.pl\/passent\/wp-json\/wp\/v2\/tags?post=1039"}],"curies":[{"name":"wp","href":"https:\/\/api.w.org\/{rel}","templated":true}]}}