
{"id":105,"date":"2006-08-08T10:16:26","date_gmt":"2006-08-08T08:16:26","guid":{"rendered":"http:\/\/passent.blog.polityka.pl\/?p=105"},"modified":"2006-08-08T10:16:26","modified_gmt":"2006-08-08T08:16:26","slug":"autostrada-donikad","status":"publish","type":"post","link":"https:\/\/blog.polityka.pl\/passent\/2006\/08\/08\/autostrada-donikad\/","title":{"rendered":"Autostrada donik\u0105d"},"content":{"rendered":"<p>&#8222;Wed\u0142ug propozycji obozu rz\u0105dowego modernizacja to\u00a0&#8211; w du\u017cym skr\u00f3cie\u00a0&#8211; autostrady plus kult maryjny&#8221;\u00a0&#8211; pisa\u0142 we wczorajszej (7.VIII) &#8222;Gazecie Wyborczej&#8221; Dariusz Gawin, historyk idei, adiunkt w PAN, zast\u0119pca dyrektora Muzeum Powstania Warszawskiego. Zdaniem adiunkta\u00a0&#8211; dyrektora, autostrady plus kult maryjny &#8222;nie tylko mog\u0105 by\u0107 \u0142\u0105czone, lecz wr\u0119cz powinny by\u0107 \u0142\u0105czone, je\u015bli proces modernizacji ma mie\u0107 og\u00f3lnospo\u0142eczny wymiar&#8221;. Autor twierdzi, \u017ce ob\u00f3z rz\u0105dz\u0105cy &#8222;reprezentuje warto\u015bci ludu rozumianego w sensie spo\u0142ecznym, nie za\u015b politycznym, czyli tych, kt\u00f3rzy s\u0105 gorzej wykszta\u0142ceni, \u017cyj\u0105 na prowincji, s\u0105 biedniejsi od mieszka\u0144c\u00f3w miast, maj\u0105 tradycyjne pogl\u0105dy na rodzin\u0119, religi\u0119 itd. Lud chce opieki\u2026&#8221; Zdaniem autora, po 1989 r. lud zosta\u0142 oszukany i zdradzony, zapanowa\u0142 &#8222;popliberalizm&#8221;, kt\u00f3ry wykluczy\u0142 lud, pozbawi\u0142 go owoc\u00f3w prosperity, oszuka\u0142 etycznie (przez brak rozlicze\u0144), odsun\u0105\u0142 od polityki, przez wmawianie, \u017ce panuj\u0105cy model by\u0142 jedyny mo\u017cliwy.<\/p>\n<p>Teraz mamy now\u0105 w\u0142adz\u0119, kt\u00f3ra jest wra\u017cliwa na niedol\u0119 ludu, \u017ceby ludowi ul\u017cy\u0107 potrzebne jest silne pa\u0144stwo, kt\u00f3re zadba o wszystkich, zaprowadzi modernizacj\u0119 (&#8222;autostrady&#8221;) nie dla wybranych, ale dla og\u00f3\u0142u i uszanuje tradycyjne warto\u015bci (kult maryjny), jakie wyznaje &#8222;lud&#8221;.<\/p>\n<p>Artyku\u0142, podobnie jak Autor, jest bardzo uczony, zawiera miejscami trafne obserwacje, ale konkluzja wydaje mi si\u0119 w\u0105tpliwa. W jakim kraju model zwany skr\u00f3towo &#8222;autostrady plus kult maryjny&#8221; si\u0119 sprawdzi\u0142? W Europie\u00a0&#8211; w \u017cadnym. Za Hitlera by\u0142y autostrady, ale tradycyjny system warto\u015bci zosta\u0142 zburzony. Za Stalina nie by\u0142o ani autostrad ani warto\u015bci.<\/p>\n<p>Po II wojnie nawet w Watykanie katolicyzm ulega ewolucji, zwanej w skr\u00f3cie &#8222;posoborow\u0105&#8221;, w dodatku nie ma tam miejsca na autostrady. W najbardziej katolickich krajach naszego kontynentu \u2013 w Hiszpanii i w Irlandii \u2013 zmiany obyczajowe s\u0105 faktem. W Hiszpanii katolicyzm prze\u017cywa katastrofalny kryzys, wynikaj\u0105cy cz\u0119\u015bciowo z faktu, \u017ce Ko\u015bci\u00f3\u0142 popiera\u0142 dyktatur\u0119 Franco, a cz\u0119\u015bciowo z powodu &#8222;autostrad&#8221;, czyli otwarcia kraju na \u015bwiat w latach 70. Wi\u0119kszo\u015b\u0107 popiera ma\u0142\u017ce\u0144stwa w ramach jednej p\u0142ci i inne bezece\u0144stwa. Do Hiszpanii zjecha\u0142y miliony turyst\u00f3w (w zakazanych przedtem kostiumach bikini), nast\u0105pi\u0142a ofensywa ameryka\u0144skiej kultury masowej, miliony Hiszpan\u00f3w zacz\u0119\u0142y wyje\u017cd\u017ca\u0107 do pracy zagranic\u0119 i zobaczy\u0142y, \u017ce mo\u017cna \u017cy\u0107 inaczej (to nie znaczy\u00a0&#8211; lepiej) ni\u017c pan B\u00f3g przykaza\u0142. Dzi\u015b Hiszpania, wczorajszy bastion tradycji, jest w awangardzie przemian, pigu\u0142ka &#8222;nazajutrz rano&#8221; jest dost\u0119pna za darmo przy6 akceptacji konserwatywnej Partii Ludowej (odpowiednik naszego PiS). Irlandia ma jeszcze surowe przepisy i konserwatywny rz\u0105d, ale widmo kr\u0105\u017cy po Dublinie. Tamtejsze lotnisko przypomina jeden wielki ul z tysi\u0105cami pszcz\u00f3\u0142, w por\u00f3wnaniu z tym Ok\u0119cie, zwane dumnie portem lotniczym im. Fryderyka Chopina, to senna prowincja. W niedziel\u0119 sklepy p\u0119kaj\u0105 w szwach.<\/p>\n<p>Mo\u017ce wi\u0119c model &#8222;autostrady plus kult maryjny&#8221; powi\u00f3d\u0142 si\u0119 w Ameryce \u0141aci\u0144skiej\u00a0&#8211; najbardziej dzi\u015b katolickim kontynencie na \u015bwiecie? Te\u017c nie. W najbardziej zaawansowanych (autostradowo) krajach, jak Chile i Urugwaj, spo\u0142ecze\u0144stwo odwraca si\u0119 od tradycji, rozwodzi si\u0119 na pot\u0119g\u0119, a protestantyzm sieje spustoszenie na kontynencie ewangelizowanym kiedy\u015b przez Hiszpani\u0119 i Portugali\u0119.<\/p>\n<p>Tylko w niekt\u00f3rych krajach arabskich, bogatych w rop\u0119 naftow\u0105 (Iran, Arabia Saudyjska, Kuwejt) mo\u017cna m\u00f3wi\u0107 o udanym (?!) eksperymencie &#8222;autostrady plus kult Allacha&#8221;. Obowi\u0105zuje tam kara \u015bmierci, kobiety kamieniuje si\u0119 za zdrad\u0119, a z\u0142odziejom obcina si\u0119 r\u0119k\u0119. Je\u017celi ten model komu\u015b odpowiada, to \u017cycz\u0119 szerokiej autostrady!<\/p>\n","protected":false},"excerpt":{"rendered":"<p>&#8222;Wed\u0142ug propozycji obozu rz\u0105dowego modernizacja to\u00a0&#8211; w du\u017cym skr\u00f3cie\u00a0&#8211; autostrady plus kult maryjny&#8221;\u00a0&#8211; pisa\u0142 we wczorajszej (7.VIII) &#8222;Gazecie Wyborczej&#8221; Dariusz Gawin, historyk idei, adiunkt w PAN, zast\u0119pca dyrektora Muzeum Powstania Warszawskiego. Zdaniem adiunkta\u00a0&#8211; dyrektora, autostrady plus kult maryjny &#8222;nie tylko mog\u0105 by\u0107 \u0142\u0105czone, lecz wr\u0119cz powinny by\u0107 \u0142\u0105czone, je\u015bli proces modernizacji ma mie\u0107 og\u00f3lnospo\u0142eczny wymiar&#8221;. [&hellip;]<\/p>\n","protected":false},"author":4,"featured_media":0,"comment_status":"open","ping_status":"open","sticky":false,"template":"","format":"standard","meta":{"footnotes":""},"categories":[1],"tags":[],"_links":{"self":[{"href":"https:\/\/blog.polityka.pl\/passent\/wp-json\/wp\/v2\/posts\/105"}],"collection":[{"href":"https:\/\/blog.polityka.pl\/passent\/wp-json\/wp\/v2\/posts"}],"about":[{"href":"https:\/\/blog.polityka.pl\/passent\/wp-json\/wp\/v2\/types\/post"}],"author":[{"embeddable":true,"href":"https:\/\/blog.polityka.pl\/passent\/wp-json\/wp\/v2\/users\/4"}],"replies":[{"embeddable":true,"href":"https:\/\/blog.polityka.pl\/passent\/wp-json\/wp\/v2\/comments?post=105"}],"version-history":[{"count":0,"href":"https:\/\/blog.polityka.pl\/passent\/wp-json\/wp\/v2\/posts\/105\/revisions"}],"wp:attachment":[{"href":"https:\/\/blog.polityka.pl\/passent\/wp-json\/wp\/v2\/media?parent=105"}],"wp:term":[{"taxonomy":"category","embeddable":true,"href":"https:\/\/blog.polityka.pl\/passent\/wp-json\/wp\/v2\/categories?post=105"},{"taxonomy":"post_tag","embeddable":true,"href":"https:\/\/blog.polityka.pl\/passent\/wp-json\/wp\/v2\/tags?post=105"}],"curies":[{"name":"wp","href":"https:\/\/api.w.org\/{rel}","templated":true}]}}