
{"id":1059,"date":"2011-09-25T23:47:35","date_gmt":"2011-09-25T21:47:35","guid":{"rendered":"http:\/\/passent.blog.polityka.pl\/?p=1059"},"modified":"2011-11-22T15:07:59","modified_gmt":"2011-11-22T13:07:59","slug":"wszystko-jest-mozliwe","status":"publish","type":"post","link":"https:\/\/blog.polityka.pl\/passent\/2011\/09\/25\/wszystko-jest-mozliwe\/","title":{"rendered":"Wszystko jest mo\u017cliwe"},"content":{"rendered":"<p>Tradycyjnie ju\u017c PiS dogania Platform\u0119 w sonda\u017cach. Dzisiaj w Homo Homini PO 33 proc., PiS 28 proc. Wynik jest spraw\u0105 otwart\u0105. Zanim Donald Tusk nie wsiad\u0142 do autokaru, kampania Platformy by\u0142a w\u0142a\u015bciwie niewidoczna, rozczarowuj\u0105ca. Opozycja i bliscy jej publicy\u015bci od kilku lat powtarzaj\u0105, \u017ce PO to przede wszystkim pi-ar, \u017ce Tusk i jego otoczenie to mistrzowie pi-ar, \u017ce wszystko co robi\u0105 to pi-ar i tak dalej w tym duchu. A ja ju\u017c przed wyborami prezydenckimi pyta\u0142em, gdzie ten os\u0142awiony pi-ar, bo ja go nie widz\u0119. By\u0107 mo\u017ce o to chodzi, \u017ceby dobry pi-ar by\u0142\u00a0 niewidoczny, jak blizna po operacji, ale gdzie jest ta operacja?<\/p>\n<p>Operacj\u0105 na pewno obliczon\u0105 na kampani\u0119 jest podr\u00f3\u017c premiera autokarem po kraju. Ciekawe, czy sztabowcy Tuska przewidywali, \u017ce na prawie na ka\u017cdym przystanku\u00a0 (przynajmniej w mediach) premier b\u0119dzie przyci\u0105ga\u0142 niezadowolonych i rozgoryczonych? Czy mo\u017cna by\u0142o przewidzie\u0107, \u017ce zwolennicy zostaj\u0105 w domu, a przeciwnicy (w\u015br\u00f3d nich kibice) wychodz\u0105 na ulice? Media szukaj\u0105 dramaturgii, konfliktu, nieszcz\u0119\u015bcia, wi\u0119c jak zako\u0144czy si\u0119 tournee premiera. Czy wyborcy doceni\u0105 jego odwag\u0119, czy te\u017c uznaj\u0105, \u017ce skoro tyle jest \u017cal\u00f3w, to winien jest rz\u0105d i trzeba by\u0142o trzyma\u0107 si\u0119 z daleka od ludzi, pojawia\u0107 si\u0119 tylko na konferencjach prasowych?<\/p>\n<p>Jeszcze jedna obserwacja: w kampanii jest nieobecna polska prezydencja w UE. Opozycja, zgodnie ze swoim prawem, z\u00a0 g\u00f3ry krytykowa\u0142a, \u017ce Tusk i jego ministrowie b\u0119d\u0105 si\u0119 bez przerwy fotografowa\u0107 z mo\u017cnymi tego \u015bwiata, \u017ce na wszelkie sposoby wykorzystaj\u0105 prezydencj\u0119 w kampanii wyborczej. I co? Rz\u0105d prezydencj\u0119 schowa\u0142 do tego stopnia, \u017ce jej w og\u00f3le nie wida\u0107.<\/p>\n<p>Pojawi\u0142o si\u0119 za to nieszcz\u0119\u015bcie, jakim by\u0142a pr\u00f3ba samospalenia naprzeciwko Kancelarii Premiera. Tusk i Kaczy\u0144ski powiedzieli, \u017ce nie b\u0119d\u0105 tej tragedii wykorzystywa\u0107 do cel\u00f3w politycznych, ale junacy PiS\u00a0 &#8211; panowie Kurski, Poremba i inni, tak\u017ce\u00a0 ci z PJN, Kowal, Jakubiak \u2013 nie mogli sobie darowa\u0107, \u017ceby win\u0105 za tragedi\u0119 obci\u0105\u017cy\u0107 rz\u0105d. Ciekawa jest reakcja prezesa PiS. Dam gra dobrego policjanta, ale swoim zuchom pozwala si\u0119gn\u0105\u0107 po pa\u0142k\u0119. Miotanina polityk\u00f3w PJN jest bardziej zrozumia\u0142a \u2013 stoj\u0105, a w\u0142a\u015bciwie le\u017c\u0105, tak nisko w sonda\u017cach, \u017ce \u0142api\u0105 si\u0119 ka\u017cdej okazji. Pawe\u0142 Kowal nawet \u0142adnie m\u00f3wi, \u017ce nie mo\u017cna wok\u00f3\u0142 tej sprawy budowa\u0107 frontu milczenia, ale m\u00f3wi bez sensu, gdy\u017c o wszystkim mo\u017cna dyskutowa\u0107 fair, nie wykorzystuj\u0105c nieszcz\u0119\u015bcia biednego cz\u0142owieka. Platforma mia\u0142a szcz\u0119\u015bcie, \u017ce po li\u015bcie od bohatera dramatu, w Urz\u0119dzie Skarbowym Warszawa \u2013 Praga przeprowadzono kontrol\u0119. Jest to pierwszy znany\u00a0 po\u017cytek z min. Julii Pitery w rz\u0105dzie.<\/p>\n<p>Na koniec: klawiatura sw\u0119dzi, \u017ceby napisa\u0107 kilka s\u0142\u00f3w o roszadzie Putin \u2013 Miedwiediew. Rosja to kraj szach\u00f3w, wi\u0119c roszada nie dziwi, ale figury s\u0105 \u017ca\u0142osne. To jest, niestety, kpina z demokracji, farsa. Zapewne ten niecny zamiar si\u0119 powiedzie, i zgodnie z liter\u0105 (bo nie z duchem) demokracji, Putin zostanie wybrany prezydentem, a partia Jedna Rosja b\u0119dzie mia\u0142a Miedwiediewa za premiera, ale b\u0119dzie to zabieg w fatalnym stylu, po kt\u00f3rym pozostanie niesmak. Roszada pokazuje, jak daleko jeszcze w Rosji do prawdziwej demokracji. Autorzy roszady uwa\u017caj\u0105 zapewne, \u017ce tylko oni gwarantuj\u0105 stabilizacj\u0119 i modernizacj\u0119, ale trudno oprze\u0107 si\u0119 wra\u017ceniu, \u017ce jest to operacja \u201ecel u\u015bwi\u0119ca \u015brodki\u201d. \u015awiat zapewne nie b\u0119dzie protestowa\u0142. Ci,\u00a0 kt\u00f3rzy dzi\u015b rozmawiaj\u0105 z prezydentem Miedwiediewem, jutro b\u0119d\u0105 si\u0119 dogadywa\u0107 z premierem Miedwiediewem, zadowoleni, \u017ce Rosja jest stabilna i przewidywalna, a grunt to spok\u00f3j.<\/p>\n<p>PS.<br \/>\nKALINA: Gratuluj\u0119 etosu rodziny polskich inteligent\u00f3w, a tak\u017ce udanego syna. Brawo!<br \/>\nPAWE\u0141 Bara\u0144ski: Dzi\u0119ki za wsparcie w sprawie roszcze\u0144 m\u0142odego cz\u0142owieka, a tak\u017ce za ciekawe uwagi dot. Studi\u00f3w wy\u017cszych.<br \/>\nET: Ciekawe uwagi nt. Palestyna \u2013 Izrael, porusza Pan aspekty, o kt\u00f3rych sam nie pomy\u015bla\u0142em.<br \/>\nA PISZE: Co mam do powiedzenia nt wywiadu dla pisma \u201ePress\u201d napisa\u0142em w felietonie w bie\u017c\u0105cej, papierowej, \u2018Polityce\u2019.<br \/>\nEMKA: Ch\u0119tnie przeczytam tekst studentki III roku UKSW i odpisz\u0119.<br \/>\nPozdrawiam!<\/p>\n","protected":false},"excerpt":{"rendered":"<p>Tradycyjnie ju\u017c PiS dogania Platform\u0119 w sonda\u017cach. Dzisiaj w Homo Homini PO 33 proc., PiS 28 proc. Wynik jest spraw\u0105 otwart\u0105. Zanim Donald Tusk nie wsiad\u0142 do autokaru, kampania Platformy by\u0142a w\u0142a\u015bciwie niewidoczna, rozczarowuj\u0105ca. Opozycja i bliscy jej publicy\u015bci od kilku lat powtarzaj\u0105, \u017ce PO to przede wszystkim pi-ar, \u017ce Tusk i jego otoczenie to [&hellip;]<\/p>\n","protected":false},"author":4,"featured_media":0,"comment_status":"open","ping_status":"open","sticky":false,"template":"","format":"standard","meta":{"footnotes":""},"categories":[11],"tags":[],"_links":{"self":[{"href":"https:\/\/blog.polityka.pl\/passent\/wp-json\/wp\/v2\/posts\/1059"}],"collection":[{"href":"https:\/\/blog.polityka.pl\/passent\/wp-json\/wp\/v2\/posts"}],"about":[{"href":"https:\/\/blog.polityka.pl\/passent\/wp-json\/wp\/v2\/types\/post"}],"author":[{"embeddable":true,"href":"https:\/\/blog.polityka.pl\/passent\/wp-json\/wp\/v2\/users\/4"}],"replies":[{"embeddable":true,"href":"https:\/\/blog.polityka.pl\/passent\/wp-json\/wp\/v2\/comments?post=1059"}],"version-history":[{"count":3,"href":"https:\/\/blog.polityka.pl\/passent\/wp-json\/wp\/v2\/posts\/1059\/revisions"}],"predecessor-version":[{"id":1153,"href":"https:\/\/blog.polityka.pl\/passent\/wp-json\/wp\/v2\/posts\/1059\/revisions\/1153"}],"wp:attachment":[{"href":"https:\/\/blog.polityka.pl\/passent\/wp-json\/wp\/v2\/media?parent=1059"}],"wp:term":[{"taxonomy":"category","embeddable":true,"href":"https:\/\/blog.polityka.pl\/passent\/wp-json\/wp\/v2\/categories?post=1059"},{"taxonomy":"post_tag","embeddable":true,"href":"https:\/\/blog.polityka.pl\/passent\/wp-json\/wp\/v2\/tags?post=1059"}],"curies":[{"name":"wp","href":"https:\/\/api.w.org\/{rel}","templated":true}]}}