
{"id":1063,"date":"2011-09-29T23:04:02","date_gmt":"2011-09-29T21:04:02","guid":{"rendered":"http:\/\/passent.blog.polityka.pl\/?p=1063"},"modified":"2011-11-22T15:07:26","modified_gmt":"2011-11-22T13:07:26","slug":"barwy-kampanii","status":"publish","type":"post","link":"https:\/\/blog.polityka.pl\/passent\/2011\/09\/29\/barwy-kampanii\/","title":{"rendered":"Barwy kampanii"},"content":{"rendered":"<p>Im bli\u017cej mety \u2013 tym wi\u0119ksze napi\u0119cie. Dwa miesi\u0105ce temu wydawa\u0142o si\u0119, \u017ce Platforma \u201enie ma z kim przegra\u0107\u201d, a teraz PiS \u201esiedzi jej na k\u00f3\u0142ku\u201d, a Palikot podszczypuje. Zgadzam si\u0119 z tymi, kt\u00f3rzy twierdz\u0105, \u017ce w ostatecznym rachunku Janusz Palikot \u2013 odbieraj\u0105c g\u0142osy Platformie \u2013 dzia\u0142a na rzecz PiS. To paradoks, bo Palikot to polityk centrolewicowy, a mimo to swoj\u0105 dzia\u0142alno\u015bci\u0105 przysparza korzy\u015bci prawicy. Jedyna zas\u0142uga tego polityka to ostroga, jak\u0105 da\u0142 lewicy.<\/p>\n<p>W tej kampanii wszystko jest mo\u017cliwe, nawet sp\u00f3r o nieistniej\u0105ce (a w ka\u017cdym razie nieujawnione) nagranie rozmowy telefonicznej braci Kaczy\u0144skich przed katastrof\u0105 w Smole\u0144sku. PiS tak si\u0119 przerazi\u0142, i\u017c nagranie takie istnieje i mo\u017ce zosta\u0107 ujawnione za pi\u0119\u0107 dwunasta, \u017ce od razu zacz\u0105\u0142 je dementowa\u0107 jako fa\u0142szywk\u0119, prowokacj\u0119 etc. A jak sprytnie Platforma to sobie obmy\u015bli\u0142a: podrzuci tekst rozmowy mediom zagranicznym w czasie ciszy wyborczej!<\/p>\n<p>Moi zdaniem to bzdura, na poziomie zamachu termoj\u0105drowego na samolot prezydencki. Takie nagranie, gdyby istnia\u0142o, dawno by ju\u017c ujrza\u0142o \u015bwiat\u0142o dzienne, bo nieszczelno\u015b\u0107 s\u0142u\u017cb jest znana. Poza tym, apatyczni, niemrawi \u201esztabowcy\u201d Platformy nie byliby w stanie czego\u015b takiego wymy\u015bli\u0107, wreszcie \u2013 last, but not least \u2013 zagranie takie obr\u00f3ci\u0142oby\u00a0 si\u0119 przeciwko Platformie, jako chamska prowokacja. Wi\u0119c nie\u00a0 wierz\u0119 w t\u0119 gadk\u0119,\u00a0 moim zdaniem pose\u0142 Hofman i sp\u00f3\u0142ka niepotrzebnie si\u0119 denerwuj\u0105.<\/p>\n<p>Inn\u0105 barw\u0105 tej kampanii ma by\u0107 rzekoma \u201egra na przegran\u0105\u201d. Wed\u0142ug tej \u201eteorii\u201d, prezes Kaczy\u0144ski nie chce wygra\u0107 wybor\u00f3w \u2013 woli zbiera\u0107 si\u0142y i by\u0107 jedyn\u0105 opozycj\u0105 do 2015 roku. Platforma te\u017c rzekomo nie chce wygra\u0107, bo nadchodzi\u00a0 kryzys i w\u0142adza b\u0119dzie zmuszona do niepopularnych decyzji, nie doczeka do nast\u0119pnych wybor\u00f3w, albo je sromotnie przegra. \u2013 Takie rozumowanie to moim zdaniem bzdura. Prezes Kaczy\u0144ski marzy o powrocie do w\u0142adzy, to zreszt\u0105 jego dobre prawo. Tylko wtedy b\u0119dzie m\u00f3g\u0142 podsumowa\u0107 Tuska, Schetyn\u0119, Arabskiego, Nowaka i wszystkich tych, kt\u00f3rzy \u201epowinni znikn\u0105\u0107\u201d z \u017cycia politycznego, zako\u0144czy\u0107 karier\u0119 przed Trybuna\u0142em\u00a0 Stanu, a jeszcze lepiej przed s\u0105dem powszechnym. Moim zdaniem zemsta, pragnienie odwetu, to s\u0105 uczucia, kt\u00f3re trudno od\u0142o\u017cy\u0107, mo\u017cna czeka\u0107 na ich spe\u0142nienie, ale rezygnowa\u0107 z okazji \u2013 nie.<\/p>\n<p>Platforma podobnie \u2013 nie dor\u017cn\u0119\u0142a watahy i wie, co j\u0105 czeka w opozycji. Mariusz Kami\u0144ski, Zbigniew Ziobro, Antoni Macierewicz dobior\u0105 jej si\u0119 do sk\u00f3ry. Platforma nie tylko chce doko\u0144czy\u0107 rozpocz\u0119te dzie\u0142o, odda\u0107 do u\u017cytku wszystko, co dzisiaj jest \u201ew budowie\u201d, ale walczy o w\u0142asn\u0105 sk\u00f3r\u0119. Wybory, kt\u00f3re wydawa\u0142y si\u0119 letnie i przes\u0105dzone, nagle okaza\u0142y si\u0119 dramatyczne i dalekie od rozstrzygni\u0119cia. Kampania, zrazu mizerna, nabra\u0142a rumie\u0144c\u00f3w. R\u00f3\u017cnice programowe, takie jak np. zapowiadane przez PiS (po ew. wygranej) ponowne po\u0142\u0105czenie prokuratury i Ministerstwa Sprawiedliwo\u015bci, ma\u0142o kogo emocjonuj\u0105, chodzi raczej o wyb\u00f3r, kierunek og\u00f3lny \u2013 Polska godno\u015bciowa, narodowa, socjalna, nieufna, podejrzliwa, niech\u0119tna, kusz\u0105ca kiboli, przekonana o w\u0142asnej cnocie, si\u0119gaj\u0105ca do g\u0142\u0119bokich kieszeni, przyko\u015bcielna i zapatrzona wstecz, albo Polska pragmatyczna, zgodna, tolerancyjna,\u00a0 kosmopolityczna, op\u0142ywowa, unikaj\u0105ca konflikt\u00f3w w kraju i zagranic\u0105.<\/p>\n<p>Obie te Polski istniej\u0105 obok siebie, s\u0105 pe\u0142ne wzajemnej niech\u0119ci, do tego stopnia, \u017ce ju\u017c nawet duchowie\u0144stwo zaczyna skaka\u0107 sobie od oczu, biskup odsy\u0142a ksi\u0119dza do okulisty, \u017ceby dojrza\u0142 Szatana.\u00a0 A wydawa\u0142o si\u0119, \u017ce zaczyna by\u0107 normalnie\u2026<\/p>\n<p>PS.<br \/>\nMANYK: Korespondencj\u0119 do mnie prosz\u0119 skierowa\u0107 poczt\u0105 na adres Redakcji, lub elektronicznie na adres <a href=\"mailto:Internet@polityka.com.pl\">Internet@polityka.com.pl<\/a>. Pozdrawiam!<\/p>\n","protected":false},"excerpt":{"rendered":"<p>Im bli\u017cej mety \u2013 tym wi\u0119ksze napi\u0119cie. Dwa miesi\u0105ce temu wydawa\u0142o si\u0119, \u017ce Platforma \u201enie ma z kim przegra\u0107\u201d, a teraz PiS \u201esiedzi jej na k\u00f3\u0142ku\u201d, a Palikot podszczypuje. Zgadzam si\u0119 z tymi, kt\u00f3rzy twierdz\u0105, \u017ce w ostatecznym rachunku Janusz Palikot \u2013 odbieraj\u0105c g\u0142osy Platformie \u2013 dzia\u0142a na rzecz PiS. To paradoks, bo Palikot to [&hellip;]<\/p>\n","protected":false},"author":4,"featured_media":0,"comment_status":"open","ping_status":"open","sticky":false,"template":"","format":"standard","meta":{"footnotes":""},"categories":[11],"tags":[],"_links":{"self":[{"href":"https:\/\/blog.polityka.pl\/passent\/wp-json\/wp\/v2\/posts\/1063"}],"collection":[{"href":"https:\/\/blog.polityka.pl\/passent\/wp-json\/wp\/v2\/posts"}],"about":[{"href":"https:\/\/blog.polityka.pl\/passent\/wp-json\/wp\/v2\/types\/post"}],"author":[{"embeddable":true,"href":"https:\/\/blog.polityka.pl\/passent\/wp-json\/wp\/v2\/users\/4"}],"replies":[{"embeddable":true,"href":"https:\/\/blog.polityka.pl\/passent\/wp-json\/wp\/v2\/comments?post=1063"}],"version-history":[{"count":3,"href":"https:\/\/blog.polityka.pl\/passent\/wp-json\/wp\/v2\/posts\/1063\/revisions"}],"predecessor-version":[{"id":1152,"href":"https:\/\/blog.polityka.pl\/passent\/wp-json\/wp\/v2\/posts\/1063\/revisions\/1152"}],"wp:attachment":[{"href":"https:\/\/blog.polityka.pl\/passent\/wp-json\/wp\/v2\/media?parent=1063"}],"wp:term":[{"taxonomy":"category","embeddable":true,"href":"https:\/\/blog.polityka.pl\/passent\/wp-json\/wp\/v2\/categories?post=1063"},{"taxonomy":"post_tag","embeddable":true,"href":"https:\/\/blog.polityka.pl\/passent\/wp-json\/wp\/v2\/tags?post=1063"}],"curies":[{"name":"wp","href":"https:\/\/api.w.org\/{rel}","templated":true}]}}