
{"id":1078,"date":"2011-10-05T23:29:28","date_gmt":"2011-10-05T21:29:28","guid":{"rendered":"http:\/\/passent.blog.polityka.pl\/?p=1078"},"modified":"2011-11-22T15:05:11","modified_gmt":"2011-11-22T13:05:11","slug":"wojna-nieprzypadkowa","status":"publish","type":"post","link":"https:\/\/blog.polityka.pl\/passent\/2011\/10\/05\/wojna-nieprzypadkowa\/","title":{"rendered":"Wojna nieprzypadkowa"},"content":{"rendered":"<p>Jaros\u0142aw Kaczy\u0144ski za wszelk\u0105 cen\u0119 chce wygra\u0107 wybory \u2013 to zrozumia\u0142e, ale \u017ceby tak\u017ce za cen\u0119 stosunk\u00f3w polsko \u2013 niemieckich,\u00a0 to ju\u017c przesada.\u00a0 Nie wystarczy mu ju\u017c wojna polsko \u2013 polska, kt\u00f3r\u0105 na zmian\u0119 roznieca i wygasza. Potrzebna\u00a0 te\u017c jest wojna polsko \u2013 niemiecka, \u017ceby o\u017cywi\u0107 nastroje antyniemieckie w Polsce, straszy\u0107 Niemcami, mobilizowa\u0107 elektorat narodowo \u2013 \u201epatriotyczny\u201d. \u201ePatriotyczny\u201d bior\u0119 w cudzys\u0142\u00f3w, bo prawdziwy patriotyzm powinien odwo\u0142ywa\u0107 si\u0119 do rozumu, a nie tylko do instynkt\u00f3w. Insynuowanie, \u017ce Angela Merkel nie zosta\u0142a kanclerzem na skutek zbiegu okoliczno\u015bci, przypadkowo, \u017ce kto \u015bmie w to w\u0105tpi\u0107\u00a0 nie jest polskim dziennikarzem tylko niemieckim, wygra\u017canie Erice Steinbach, \u017ce nie zostanie wpuszczona do Polski (pomimo Schengen i swobody ruchu granicznego w UE) \u2013 wszystko to brednie, niestety, szkodliwe. Od kiedy to dziennikarz niemiecki jest gorszy od polskiego? Korespondentka \u201eTageszeitung\u201d w Polsce, Gabrielle Lesser, jest na przyk\u0142ad znakomita. Prasa niemiecka \u2013 od \u201eFAZ\u201d do \u201eDer Spiegel\u201d &#8211; ma si\u0119 czym pochwali\u0107.<\/p>\n<p>Wszystko to\u00a0 zosta\u0142o podchwycone przez media niemieckie, dotar\u0142o\u00a0 do kanclerz Merkel i musi oznacza\u0107, \u017ce gdyby na czele polskiego rz\u0105du stan\u0105\u0142 Kaczy\u0144ski, to stosunki z naszym najwa\u017cniejszym sojusznikiem w Europie uleg\u0142yby pogorszeniu. Nie s\u0105dz\u0119, \u017ceby inni politycy z CDU\/CSU wybaczyli to Kaczy\u0144skiemu, a z SPD w og\u00f3le nie jest mu po drodze. Wynajmowanie adwokata, kt\u00f3ry b\u0119dzie poci\u0105ga\u0142 do odpowiedzialno\u015bci media dziennikarzy niemieckich za\u00a0 nieprawdziw\u0105 interpretacj\u0119 s\u0142\u00f3w prezesa, to farsa. Komorowski ma racj\u0119 \u2013 Kaczy\u0144ski powinien przeprosi\u0107, ale w\u0105tpi\u0119, \u017ceby to zrobi\u0142. Na pewno nie przed wyborami.<\/p>\n<p>Jaros\u0142aw Kaczy\u0144ski albo nie rozumie co m\u00f3wi, albo wy\u017cej stawia w\u0142asny interes wyborczy od interesu Polski, kt\u00f3ry polega na dobrych, w miar\u0119 wzajemnych,\u00a0 stosunkach z\u00a0 RFN \u2013 i to zawsze, nie tylko teraz, przed ustalaniem bud\u017cetu Unii Europejskiej.\u00a0 Dobre stosunki polsko \u2013 niemieckie wa\u017cniejsze s\u0105 od ambicji prezesa PiS i jakiegokolwiek innego polityka. Kaczy\u0144ski, do niedawna mi\u0142y starszy pan, zn\u00f3w si\u0119 miota, straszy Niemcami i niemieckimi mediami, rozstawia dziennikarzy po k\u0105tach. Zaczyna prowadzi\u0107 polityk\u0119 kadrow\u0105 w TVN i ausgerechnet red. Sobieniowski ma si\u0119 trzyma\u0107 z daleka od kampanii czy od problematyki polsko-niemieckiej. Wygaduj\u0105c takie g\u0142upstwa, prezes Kaczy\u0144ski potwierdza, \u017ce jest cz\u0142owiekiem niepowa\u017cnym. Je\u017celi doda\u0107 do tego, co m\u00f3wi\u0142a o stosunkach polsko-niemieckich p. Fotyga (ekspansjonizm niemiecki), co prezes m\u00f3wi\u0142 o \u201ezakamuflowanej opcji niemieckiej\u201d, co ob\u00f3z PiS ma do pokazania w stosunkach z Rosj\u0105, to wieje groz\u0105. Pani Fotyga i pan Waszczykowski dobrze to wiedz\u0105, ale broni\u0105 prezesa, bo ich los zale\u017cy od jego widzimisi\u0119. Wi\u0119c Fotyga m\u00f3wi, \u017ce prezes mia\u0142 racj\u0119, a Waszczykowski, \u017ce to zosta\u0142o powiedziane w ferworze kampanii i po wyborach zostanie zapomniane. A przecie\u017c\u00a0 dobr\u0105 pami\u0119\u0107 ma nie tylko prezes Kaczy\u0144ski.<\/p>\n<p>W stosunkach mi\u0119dzynarodowych wyb\u00f3r PiS oznacza\u0142by dla Polski cofni\u0119cie o kilka lat i w konsekwencji kilka lat chudych. \u201eMedia niemieckie\u201d to synteza tego, co prezesowi nie s\u0142u\u017cy \u2013 wolne media i odwieczny germa\u0144ski wr\u00f3g.\u00a0 A \u017ce wyb\u00f3r Angeli Merkel nie by\u0142 przypadkowy? Za to wyb\u00f3r Bronis\u0142awa Komorowskiego by\u0142. Kto jest wybrany przypadkowo, a kto nie \u2013 o tym decyduje prezes.<\/p>\n<p>Apeluj\u0119 wi\u0119c do blogowicz\u00f3w \u2013 g\u0142osujcie, i to nie przypadkowo!<\/p>\n","protected":false},"excerpt":{"rendered":"<p>Jaros\u0142aw Kaczy\u0144ski za wszelk\u0105 cen\u0119 chce wygra\u0107 wybory \u2013 to zrozumia\u0142e, ale \u017ceby tak\u017ce za cen\u0119 stosunk\u00f3w polsko \u2013 niemieckich,\u00a0 to ju\u017c przesada.\u00a0 Nie wystarczy mu ju\u017c wojna polsko \u2013 polska, kt\u00f3r\u0105 na zmian\u0119 roznieca i wygasza. Potrzebna\u00a0 te\u017c jest wojna polsko \u2013 niemiecka, \u017ceby o\u017cywi\u0107 nastroje antyniemieckie w Polsce, straszy\u0107 Niemcami, mobilizowa\u0107 elektorat narodowo [&hellip;]<\/p>\n","protected":false},"author":4,"featured_media":0,"comment_status":"open","ping_status":"open","sticky":false,"template":"","format":"standard","meta":{"footnotes":""},"categories":[11],"tags":[],"_links":{"self":[{"href":"https:\/\/blog.polityka.pl\/passent\/wp-json\/wp\/v2\/posts\/1078"}],"collection":[{"href":"https:\/\/blog.polityka.pl\/passent\/wp-json\/wp\/v2\/posts"}],"about":[{"href":"https:\/\/blog.polityka.pl\/passent\/wp-json\/wp\/v2\/types\/post"}],"author":[{"embeddable":true,"href":"https:\/\/blog.polityka.pl\/passent\/wp-json\/wp\/v2\/users\/4"}],"replies":[{"embeddable":true,"href":"https:\/\/blog.polityka.pl\/passent\/wp-json\/wp\/v2\/comments?post=1078"}],"version-history":[{"count":3,"href":"https:\/\/blog.polityka.pl\/passent\/wp-json\/wp\/v2\/posts\/1078\/revisions"}],"predecessor-version":[{"id":1150,"href":"https:\/\/blog.polityka.pl\/passent\/wp-json\/wp\/v2\/posts\/1078\/revisions\/1150"}],"wp:attachment":[{"href":"https:\/\/blog.polityka.pl\/passent\/wp-json\/wp\/v2\/media?parent=1078"}],"wp:term":[{"taxonomy":"category","embeddable":true,"href":"https:\/\/blog.polityka.pl\/passent\/wp-json\/wp\/v2\/categories?post=1078"},{"taxonomy":"post_tag","embeddable":true,"href":"https:\/\/blog.polityka.pl\/passent\/wp-json\/wp\/v2\/tags?post=1078"}],"curies":[{"name":"wp","href":"https:\/\/api.w.org\/{rel}","templated":true}]}}