
{"id":1084,"date":"2011-10-14T22:44:39","date_gmt":"2011-10-14T20:44:39","guid":{"rendered":"http:\/\/passent.blog.polityka.pl\/?p=1084"},"modified":"2011-11-22T15:00:29","modified_gmt":"2011-11-22T13:00:29","slug":"sprawy-nie-tylko-personalne","status":"publish","type":"post","link":"https:\/\/blog.polityka.pl\/passent\/2011\/10\/14\/sprawy-nie-tylko-personalne\/","title":{"rendered":"Sprawy nie tylko personalne"},"content":{"rendered":"<p>EWA KOPACZ na stanowisko Marsza\u0142ka Sejmu? Wida\u0107, \u017ce Donald Tusk ma teraz pe\u0142ni\u0119 w\u0142adzy i przestawia figury na szachownicy jak chce. Pierwsza kobieta \u2013 marsza\u0142ek, osoba nr 2 w pa\u0144stwie, to niew\u0105tpliwie\u00a0 krok naprz\u00f3d. Nie w\u0105tpi\u0119, \u017ce poradzi sobie na tym stanowisku. To dzielna i twarda osoba. B\u0119dzie absolutnie lojalna wobec premiera, z jej strony Tusk nie musi obawia\u0107 si\u0119 zagro\u017cenia. Kandydatura ta ma jednak pewn\u0105 wad\u0119: nie pozwala pani minister doko\u0144czy\u0107,\u00a0 lub przynajmniej kontynuowa\u0107\u00a0\u00a0 swojej reformy s\u0142u\u017cby zdrowia.\u00a0 Awans na marsza\u0142ka to w pewnym stopniu nagroda za niedoko\u0144czone dzie\u0142o, a mo\u017ce i za lojalno\u015b\u0107.\u00a0 By\u0107 mo\u017ce dla s\u0142u\u017cby zdrowia to nawet dobrze, \u017ce na jej czele stanie Bartosz Ar\u0142ukowicz \u2013 cz\u0142owiek nie mniej energiczny i z do\u015bwiadczeniem.\u00a0 Ten ruch Kopacz-Ar\u0142ukowicz do z\u0142udzenia przypomina przesuwanie figur, bia\u0142e (Tusk) umacniaj\u0105 swoj\u0105 pozycj\u0119. Nic dziwnego, \u017ce Jaros\u0142aw Kaczy\u0144ski (\u201eczarne\u201d) nazywa to \u201ekpin\u0105\u201d. A co ma powiedzie\u0107? Na razie mo\u017ce by\u0107 tylko komentatorem.<\/p>\n<p>JANUSZ PALIKOT nieoczekiwanie sta\u0142 si\u0119 figur\u0105 pierwszoplanow\u0105.\u00a0 Spo\u015br\u00f3d rozmaitych komentarzy (\u201eefemeryda\u201d, \u201ehappening\u201d, \u201ebohater jednego sezonu\u201d) najbardziej odpowiada mi opinia prof. Janusza Czapi\u0144skiego, \u017ce sukces Palikota zapowiada rewolucj\u0119 \u015bwiatopogl\u0105dowo \u2013 obyczajow\u0105 w naszym spo\u0142ecze\u0144stwie. Nie jestem entuzjast\u0105 Palikota, ale w swoim obecnym wcieleniu odgrywa rol\u0119 pozytywn\u0105, 10 procent g\u0142os\u00f3w, jakie zebra\u0142 ( przy frekwencji prawie 50 proc., to oznacza\u00a0 5 procent uprawnionych do g\u0142osowania), \u015bwiadczy, \u017ce zwolennicy pa\u0144stwa \u015bwieckiego, r\u00f3wnouprawnienia mniejszo\u015bci, nie s\u0105 ju\u017c nic nie znacz\u0105cym marginesem, kt\u00f3ry raz do roku spotyka si\u0119 na manifie. Sukces Palikota na pewno o\u015bmieli zwolennik\u00f3w sekularyzacji Pa\u0144stwa, cho\u0107by w szko\u0142ach, gdzie doprowadzenie do nauczania etyki stanowi prawdziw\u0105 gehenn\u0119.<\/p>\n<p>RUCH W MEDIACH\u00a0 jest nie mniej pasjonuj\u0105cy ni\u017c ruch w polityce. Sprzeda\u017c TVN to wydarzenie donios\u0142e. Chyba PiS ma powody do zadowolenia, bo TVN\/TVN 24 ju\u017c nie b\u0119dzie taki sam. Bez wzgl\u0119du na to, kt\u00f3ry koncern mi\u0119dzynarodowy kupi ITI,\u00a0 jego telewizja na pewno nie b\u0119dzie odgrywa\u0142a\u00a0 takiej roli, jak\u0105 odgrywa w Polsce TVN \u2013 p\u00f3\u0142 komercja, p\u00f3\u0142 \u201emisja\u201d.\u00a0 Wielkie koncerny przede wszystkim\u00a0 licz\u0105 s\u0142upki, kto z siedzib\u0105 w Los Angeles albo w Zurichu b\u0119dzie tolerowa\u0142 tyle deficytowej\u00a0 publicystyki, debat, dyskusji? W TVN te\u017c licz\u0105, TVN 24 jest przedsi\u0119wzi\u0119ciem dochodowym, ale poza tym sta\u0142 si\u0119 instytucj\u0105 na polskiej scenie, tak jak kiedy\u015b, w latach 60. sta\u0142a si\u0119 ni\u0105 \u201ePolityka\u201d. Sprzeda\u017c TVN jest wydarzeniem politycznym donios\u0142ej wagi, za ma\u0142o si\u0119 o tym m\u00f3wi.<\/p>\n<p>\u201eRZECZPOSPOLITA\u201d\u00a0 sprywatyzowana\u00a0 &#8211; to drugie wielkie wydarzenie w mediach. O\u015bwiadczenie nowego w\u0142a\u015bciciela, Grzegorza Hajdarowicza,\u00a0 jest dosy\u0107 enigmatyczne. Je\u017celi prawd\u0105 jest, \u017ce nowym redaktorem naczelnym zostanie Tomasz Wr\u00f3blewski, to mo\u017cna si\u0119 spodziewa\u0107 pisma konserwatywnego i liberalnego, zw\u0142aszcza w dziedzinie gospodarczej,\u00a0 ale mniej\u00a0 partyjnego i jednostronnego ni\u017c dotychczas.\u00a0 Oby!<\/p>\n<p>PS. Lewy Polak: dzi\u0119ki za uznanie, \u017ce poziom bloga ostatnio wzr\u00f3s\u0142. Je\u015bli to prawda &#8211; to zas\u0142uga wszystkich blogowicz\u00f3w.<\/p>\n","protected":false},"excerpt":{"rendered":"<p>EWA KOPACZ na stanowisko Marsza\u0142ka Sejmu? Wida\u0107, \u017ce Donald Tusk ma teraz pe\u0142ni\u0119 w\u0142adzy i przestawia figury na szachownicy jak chce. Pierwsza kobieta \u2013 marsza\u0142ek, osoba nr 2 w pa\u0144stwie, to niew\u0105tpliwie\u00a0 krok naprz\u00f3d. Nie w\u0105tpi\u0119, \u017ce poradzi sobie na tym stanowisku. To dzielna i twarda osoba. B\u0119dzie absolutnie lojalna wobec premiera, z jej strony [&hellip;]<\/p>\n","protected":false},"author":4,"featured_media":0,"comment_status":"open","ping_status":"open","sticky":false,"template":"","format":"standard","meta":{"footnotes":""},"categories":[11],"tags":[],"_links":{"self":[{"href":"https:\/\/blog.polityka.pl\/passent\/wp-json\/wp\/v2\/posts\/1084"}],"collection":[{"href":"https:\/\/blog.polityka.pl\/passent\/wp-json\/wp\/v2\/posts"}],"about":[{"href":"https:\/\/blog.polityka.pl\/passent\/wp-json\/wp\/v2\/types\/post"}],"author":[{"embeddable":true,"href":"https:\/\/blog.polityka.pl\/passent\/wp-json\/wp\/v2\/users\/4"}],"replies":[{"embeddable":true,"href":"https:\/\/blog.polityka.pl\/passent\/wp-json\/wp\/v2\/comments?post=1084"}],"version-history":[{"count":4,"href":"https:\/\/blog.polityka.pl\/passent\/wp-json\/wp\/v2\/posts\/1084\/revisions"}],"predecessor-version":[{"id":1147,"href":"https:\/\/blog.polityka.pl\/passent\/wp-json\/wp\/v2\/posts\/1084\/revisions\/1147"}],"wp:attachment":[{"href":"https:\/\/blog.polityka.pl\/passent\/wp-json\/wp\/v2\/media?parent=1084"}],"wp:term":[{"taxonomy":"category","embeddable":true,"href":"https:\/\/blog.polityka.pl\/passent\/wp-json\/wp\/v2\/categories?post=1084"},{"taxonomy":"post_tag","embeddable":true,"href":"https:\/\/blog.polityka.pl\/passent\/wp-json\/wp\/v2\/tags?post=1084"}],"curies":[{"name":"wp","href":"https:\/\/api.w.org\/{rel}","templated":true}]}}