
{"id":1088,"date":"2011-10-21T12:04:00","date_gmt":"2011-10-21T10:04:00","guid":{"rendered":"http:\/\/passent.blog.polityka.pl\/?p=1088"},"modified":"2011-11-22T14:59:38","modified_gmt":"2011-11-22T12:59:38","slug":"za-glosem-serca","status":"publish","type":"post","link":"https:\/\/blog.polityka.pl\/passent\/2011\/10\/21\/za-glosem-serca\/","title":{"rendered":"Za g\u0142osem serca"},"content":{"rendered":"<p>Przej\u015bcie pos\u0142a S\u0142awomira Kopyci\u0144skiego nazajutrz po wyborach z SLD do Palikota to \u017cenada, zjawisko po\u017ca\u0142owania godne. SLD, cho\u0107 grozi mu degradacja\u00a0 klubu do ko\u0142a poselskiego, ma\u00a0 jedno na pociech\u0119: \u017ce pozby\u0142o si\u0119 pos\u0142a bez charakteru. Na oczach ca\u0142ego kraju, w przede wszystkim swoich wyborc\u00f3w, pose\u0142 Kopyci\u0144ski pope\u0142ni\u0142 harakiri. Jeszcze we wrze\u015bniu by\u0142o mu daleko do Palikota, wygadywa\u0142 na niego okropne rzeczy, a kilka tygodni p\u00f3\u017aniej, na konferencji prasowej wynosi\u0142 go pod niebiosa.\u00a0 Jak tak mo\u017cna? Czy ludzie nie maj\u0105 wstydu? Przecie\u017c nawet rozsta\u0107 si\u0119 trzeba umie\u0107. Palikot du\u017co moralizuje, m\u00f3wi o pa\u0144stwie obywatelskim itp., ale c\u00f3\u017c to za obywatel\u00a0 ten Kopyci\u0144ski?<!--more--><br \/>\nPoszed\u0142 drog\u0105 utart\u0105 przez Bartosza Ar\u0142ukowicza, ale ten przynajmniej m\u00f3g\u0142 dorobi\u0107 sobie alibi, \u017ce Napieralski go marginalizowa\u0142. Ale Kopyci\u0144ski nie ma alibi. Najzwyczajniej w \u015bwiecie ucieka z ton\u0105cego okr\u0119tu SLD na pok\u0142ad Palikota. Mo\u017ce kto\u015b powiedzie\u0107, \u017ce nikt nie ma obowi\u0105zku i\u015b\u0107 na dno z parti\u0105, kt\u00f3ra urz\u0105dzi\u0142a mu i sfinansowa\u0142a kampani\u0119, ale gdyby to nast\u0105pi\u0142o po jakim\u015b czasie, po jakiej\u015b pr\u00f3bie, jak\u0105 podj\u0105\u0142 Kopyci\u0144ski \u017ceby ratowa\u0107 swoj\u0105 parti\u0119. Ale\u017c gdzie tam. Kiedy okaza\u0142o si\u0119, \u017ce SLD do\u0142uje, pose\u0142 przeni\u00f3s\u0142 si\u0119 do RPP i tam zamierza realizowa\u0107 swoje lewicowe idea\u0142y. Jakie to idea\u0142y ma na my\u015bli pose\u0142 Kopyci\u0144ski? Lojalno\u015b\u0107? Solidarno\u015b\u0107? S\u0142owno\u015b\u0107? To wszystko zosta\u0142o przez niego podeptane.<br \/>\nPisz\u0119 o tym, chocia\u017c pos. Kopyci\u0144ski ani mnie zi\u0119bi, ani grzeje.\u00a0 Jeszcze jeden m\u0142ody cwaniak, kt\u00f3ry nie przejmuje si\u0119 zasadami. Niestety, nie on pierwszy ani ostatni. Trwa sezon na pozyskiwanie, przejmowanie, transfery, odbywaj\u0105 si\u0119 zakulisowe rozmowy. Kiedy chodzi i rozmowy powa\u017cne, o budowanie koalicji, o wsparcie bez wchodzenia do koalicji \u2013 to wszystko ma sens, to jest polityka, \u201emy\u00a0 poprzemy wasz projekt ustawy\u201d, a wy nam w zamian dacie stanowisko przewodnicz\u0105cego komisji \u2013 to rozumiem.\u00a0 \u0141\u0105czymy si\u0119 w sprawie KRUS, w obronie krzy\u017ca, czy B\u00f3g wie co. To s\u0105 taktyczne sojusze. Nawet gdyby do Palikota przesz\u0142a Joanna Senyszyn, to bym to zrozumia\u0142 \u2013 nigdy nie ba\u0142a si\u0119 walczy\u0107 z pa\u0144stwem wyznaniowym i czuje si\u0119 ideowo bli\u017csza Palikotowi, w jego dzisiejszej, bezbo\u017cnej krucjacie.<br \/>\nAle pose\u0142\u00a0S\u0142awomir Kopyci\u0144ski zadba\u0142 tylko o siebie i zachowa\u0142 si\u0119 w spos\u00f3b \u017ca\u0142osny, kt\u00f3ry przyczynia si\u0119 do degradacji polskiej polityki, kiedy ludzie maj\u0105 polityk\u00f3w za nic. Podobnie jak ci politycy PiS, kt\u00f3rzy recytuj\u0105 identyczn\u0105, co do s\u0142owa, formu\u0142\u0119, \u017ce ich partii potrzebny jest spok\u00f3j, g\u0142\u0119boka mobilizacja, czy modernizacja, i o \u017cadnej\u00a0 zmianie na stanowisku prezesa nie ma mowy. Doro\u015bli ludzie potarzaj\u0105 jak ma\u0142e dzieci za pani\u0105 nauczycielk\u0105. \u017benada.<br \/>\nPS. Jasny Gwint: Je\u017celi Pan\u00a0 tak nie odpowiada \u201ePolityka\u201d i gospodarz bloga, to dlaczego Pan si\u0119 tutaj tak m\u0119czy?<br \/>\nPS.PS. Jeden z Bloger\u00f3w, kt\u00f3ry w swoich postach przypomina zbanowanego S\u0142awomirskiego, skar\u017cy si\u0119 na \u201ecenzur\u0119 na blogu\u201d.\u00a0 Po co si\u0119\u00a0 tu m\u0119czy\u0107 i z uporem powraca\u0107, skoro inne, bardziej go\u015bcinne i pozbawione \u201ecenzury\u201d blogi s\u0105 na wyci\u0105gni\u0119cie r\u0119ki?\u00a0 Zamiast m\u0119czy\u0107 si\u0119 z nami, ludzie &#8211;\u00a0 pod\u0105\u017cajcie za g\u0142osem serca!<\/p>\n","protected":false},"excerpt":{"rendered":"<p>Przej\u015bcie pos\u0142a S\u0142awomira Kopyci\u0144skiego nazajutrz po wyborach z SLD do Palikota to \u017cenada, zjawisko po\u017ca\u0142owania godne. SLD, cho\u0107 grozi mu degradacja\u00a0 klubu do ko\u0142a poselskiego, ma\u00a0 jedno na pociech\u0119: \u017ce pozby\u0142o si\u0119 pos\u0142a bez charakteru. Na oczach ca\u0142ego kraju, w przede wszystkim swoich wyborc\u00f3w, pose\u0142 Kopyci\u0144ski pope\u0142ni\u0142 harakiri. Jeszcze we wrze\u015bniu by\u0142o mu daleko do [&hellip;]<\/p>\n","protected":false},"author":4,"featured_media":0,"comment_status":"open","ping_status":"open","sticky":false,"template":"","format":"standard","meta":{"footnotes":""},"categories":[11],"tags":[],"_links":{"self":[{"href":"https:\/\/blog.polityka.pl\/passent\/wp-json\/wp\/v2\/posts\/1088"}],"collection":[{"href":"https:\/\/blog.polityka.pl\/passent\/wp-json\/wp\/v2\/posts"}],"about":[{"href":"https:\/\/blog.polityka.pl\/passent\/wp-json\/wp\/v2\/types\/post"}],"author":[{"embeddable":true,"href":"https:\/\/blog.polityka.pl\/passent\/wp-json\/wp\/v2\/users\/4"}],"replies":[{"embeddable":true,"href":"https:\/\/blog.polityka.pl\/passent\/wp-json\/wp\/v2\/comments?post=1088"}],"version-history":[{"count":6,"href":"https:\/\/blog.polityka.pl\/passent\/wp-json\/wp\/v2\/posts\/1088\/revisions"}],"predecessor-version":[{"id":1145,"href":"https:\/\/blog.polityka.pl\/passent\/wp-json\/wp\/v2\/posts\/1088\/revisions\/1145"}],"wp:attachment":[{"href":"https:\/\/blog.polityka.pl\/passent\/wp-json\/wp\/v2\/media?parent=1088"}],"wp:term":[{"taxonomy":"category","embeddable":true,"href":"https:\/\/blog.polityka.pl\/passent\/wp-json\/wp\/v2\/categories?post=1088"},{"taxonomy":"post_tag","embeddable":true,"href":"https:\/\/blog.polityka.pl\/passent\/wp-json\/wp\/v2\/tags?post=1088"}],"curies":[{"name":"wp","href":"https:\/\/api.w.org\/{rel}","templated":true}]}}