
{"id":109,"date":"2006-08-14T09:28:38","date_gmt":"2006-08-14T07:28:38","guid":{"rendered":"http:\/\/passent.blog.polityka.pl\/?p=109"},"modified":"2006-08-14T10:04:00","modified_gmt":"2006-08-14T08:04:00","slug":"swiat-jest-piekny","status":"publish","type":"post","link":"https:\/\/blog.polityka.pl\/passent\/2006\/08\/14\/swiat-jest-piekny\/","title":{"rendered":"\u015awiat jest pi\u0119kny"},"content":{"rendered":"<p><font size=\"2\">Poprzedni m\u00f3j wpis (&#8222;<a href=\"http:\/\/passent.blog.polityka.pl\/?p=108\" target=\"_blank\">Polskie piek\u0142o<\/a>&#8222;) by\u0142 gorzki i przygn\u0119biaj\u0105cy, wywo\u0142a\u0142 znakomite komentarze, za kt\u00f3re dzi\u0119kowa\u0142em wczoraj. Dzisiaj\u00a0&#8211; dla odmiany\u00a0&#8211; co\u015b lekkiego i pogodnego, chocia\u017c &#8222;ci\u0105gle pada&#8221;. \u017boliborz jest dzi\u015b pi\u0119kny, jak rzadko\u00a0&#8211; mo\u017ce dlatego, \u017ce wi\u0119kszo\u015b\u0107 mieszka\u0144c\u00f3w wyjecha\u0142a na d\u0142ugi weekend. Park im. \u017beromskiego odnowiony pi\u0119knie (trzeba przyzna\u0107, \u017ce za czas\u00f3w, kiedy prezydentem stolicy by\u0142 im\u0107 pan Lech Kaczy\u0144ski, a jego brat i premier w jednej osobie te\u017c mieszka na \u017boliborzu, wi\u0119c jestem dobrej my\u015bli). Dooko\u0142a parku nowe ogrodzenie, wewn\u0105trz ro\u015blinno\u015b\u0107 zadbana, bajecznie kolorowa (sierpie\u0144\u00a0&#8211; wszystko kwitnie), na szcz\u0119\u015bcie do parku nie wolno wprowadza\u0107 ps\u00f3w (s\u0105siednie uliczki to jeden wielki psi wychodek), dzi\u0119ki czemu chocia\u017c po parku mo\u017cna spacerowa\u0107 z zamkni\u0119tymi oczami. Id\u0105c &#8222;na s\u0142uch&#8221; mo\u017cna doj\u015b\u0107 do rewelacyjnego placu zabaw dla dzieci i dla wnuk\u00f3w. Dooko\u0142a kwitnie prywatna inicjatywa, czyli ten niesprawiedliwy wolny rynek. Naprzeciwko wej\u015bcia na plac zabaw powsta\u0142a kawiarenka z my\u015bl\u0105 o dzieciach (specjalno\u015b\u0107 &#8211;\u00a0lizaki i cukierki, dentystycznie zab\u00f3jcze), przed ni\u0105 sprzedawca szklanej waty, a w s\u0105siednim warzywniaku, do niedawna smutnym jak Pow\u0105zki, pojawi\u0142y si\u0119 ciastka, lemoniady, napoje\u00a0&#8211; wszystko z my\u015bl\u0105 o dzieciach (i o portfelu). Co prawda kawiarenka powsta\u0142a w lokalu po zbankrutowanej kwiaciarni, ale za to Plac Wilsona ca\u0142y w kwiatach\u00a0&#8211; wszystko dzi\u0119ki rumianym na buziach kwiaciarkom, podgrzewanym od zewn\u0105trz przez s\u0142oneczko, a od wewn\u0105trz przez wysokokaloryczn\u0105 zawarto\u015b\u0107 termos\u00f3w. <\/font><\/p>\n<p><font size=\"2\">Na smutnym dotychczas Placu Inwalid\u00f3w szykuje si\u0119 powa\u017cna zmiana\u00a0&#8211; w miejsce beznadziejnego sklepu spo\u017cywczego a la PRL i zlikwidowanej, niestety, drogerii, ma powsta\u0107 prawdziwa restauracja, jak wie\u015b\u0107 niesie, zak\u0142adana przez ludzi z do\u015bwiadczeniem w bran\u017cy z Kazimierza nad Wis\u0142\u0105, gdzie &#8222;\u017cywienie zbiorowe&#8221; jest dobrze postawione. Odchodz\u0105ca od placu ulica Czarnieckiego, jak ca\u0142a okolica, prze\u017cywa prawdziwy renesans, co drugi domek jest po remoncie\u00a0&#8211; coraz \u0142adniejsze dachy, coraz lepsze okna, coraz mnie zapyzia\u0142ych nor, coraz wi\u0119cej znanych firm oraz m\u0142odych, pi\u0119knych (i zamo\u017cnych) mieszka\u0144c\u00f3w. Wida\u0107 tak\u017ce pierwsze objawy troski nie tylko o to, co w\u0142asne, ale i o urod\u0119 ulicy. Na starych uliczkach Brodzi\u0144skiego, Wyspia\u0144skiego, Lelewela mieszka\u0144cy strzyg\u0105 trawniki, sadz\u0105 kwiaty, krzaki i drzewka, a i w miejscach publicznych, jak np. przy Cytadeli, niewidoczna r\u0119ka dba latem o ziele\u0144, a zim\u0105 posypuje \u015bcie\u017cki piaskiem. \u017boliborz staje si\u0119 coraz pi\u0119kniejszy, zw\u0142aszcza w dni wolne, jak wczoraj, 13 sierpnia, kiedy przez ulice nie przelewaj\u0105 si\u0119 tysi\u0105ce u\u017cytkownik\u00f3w metra, a jezdnie nie s\u0105 oparkowane bez ko\u0144ca przez tysi\u0105ce samochod\u00f3w, kt\u00f3re mo\u017cna trzyma\u0107 na ulicach za darmo nawet ca\u0142y dzie\u0144, bo nasza nieudolna w\u0142adza nie zainstalowa\u0142a od lat parkometr\u00f3w, tylko demaskuje korupcj\u0119 i uk\u0142ady. <\/font><\/p>\n<p><font size=\"2\">Sama w\u0142adza te\u017c jednak si\u0119 zmienia\u00a0&#8211; w urz\u0119dzie dzielnicowym zabudowano podw\u00f3rze, otwieraj\u0105c pi\u0119kn\u0105 sal\u0119 obs\u0142ugi interesant\u00f3w. Odbiera\u0142em tam niedawno nowy dow\u00f3d osobisty, Francja\u00a0&#8211; elegancja. Niestety, data urodzenia w nowym dowodzie stara jak zawsze&#8230; <\/font><font size=\"2\">Po wyj\u015bciu z urz\u0119du, nastr\u00f3j mi si\u0119 jednak poprawi\u0142. Patrz\u0105c na kwiaty, odnowion\u0105 ulic\u0119 S\u0142owackiego, now\u0105 stacj\u0119 metra, pomy\u015bla\u0142em, \u017ce zbyt cz\u0119sto grzebiemy si\u0119 w brudach, zbyt rzadko mamy chwil\u0119 i ochot\u0119, by podziwia\u0107 to, co pi\u0119kne. Wszak Polska to nie tylko lustracja i kastracja. Za du\u017co smutku, za ma\u0142o rado\u015bci. Za du\u017co z\u0142o\u015bliwo\u015bci i pogr\u00f3\u017cek, za rzadko przekazujemy sobie znak pokoju. Gdy ze swojego roweru patrz\u0119 na kolorowy, letni \u017boliborz, przypominam sobie my\u015bl artysty: <\/font><\/p>\n<blockquote><p><font size=\"2\">Malarstwo to jest taki gruczo\u0142, kt\u00f3ry wydaje si\u0119 zb\u0119dny, ale gdy go wyci\u0105\u0107\u00a0&#8211; organizm usycha.<\/font><font size=\"2\"> <\/font><\/p><\/blockquote>\n<p><font size=\"2\">Wystarczy odwr\u00f3ci\u0107 si\u0119 ty\u0142em do polityki, \u017ceby zobaczy\u0107, jaki \u015bwiat jest pi\u0119kny.<\/font><font size=\"2\"> <\/font><font size=\"2\"><\/p>\n<blockquote>\n<p \/><\/blockquote>\n<p><\/font><\/p>\n","protected":false},"excerpt":{"rendered":"<p>Poprzedni m\u00f3j wpis (&#8222;Polskie piek\u0142o&#8222;) by\u0142 gorzki i przygn\u0119biaj\u0105cy, wywo\u0142a\u0142 znakomite komentarze, za kt\u00f3re dzi\u0119kowa\u0142em wczoraj. Dzisiaj\u00a0&#8211; dla odmiany\u00a0&#8211; co\u015b lekkiego i pogodnego, chocia\u017c &#8222;ci\u0105gle pada&#8221;. \u017boliborz jest dzi\u015b pi\u0119kny, jak rzadko\u00a0&#8211; mo\u017ce dlatego, \u017ce wi\u0119kszo\u015b\u0107 mieszka\u0144c\u00f3w wyjecha\u0142a na d\u0142ugi weekend. Park im. \u017beromskiego odnowiony pi\u0119knie (trzeba przyzna\u0107, \u017ce za czas\u00f3w, kiedy prezydentem stolicy by\u0142 [&hellip;]<\/p>\n","protected":false},"author":4,"featured_media":0,"comment_status":"open","ping_status":"open","sticky":false,"template":"","format":"standard","meta":{"footnotes":""},"categories":[1],"tags":[],"_links":{"self":[{"href":"https:\/\/blog.polityka.pl\/passent\/wp-json\/wp\/v2\/posts\/109"}],"collection":[{"href":"https:\/\/blog.polityka.pl\/passent\/wp-json\/wp\/v2\/posts"}],"about":[{"href":"https:\/\/blog.polityka.pl\/passent\/wp-json\/wp\/v2\/types\/post"}],"author":[{"embeddable":true,"href":"https:\/\/blog.polityka.pl\/passent\/wp-json\/wp\/v2\/users\/4"}],"replies":[{"embeddable":true,"href":"https:\/\/blog.polityka.pl\/passent\/wp-json\/wp\/v2\/comments?post=109"}],"version-history":[{"count":0,"href":"https:\/\/blog.polityka.pl\/passent\/wp-json\/wp\/v2\/posts\/109\/revisions"}],"wp:attachment":[{"href":"https:\/\/blog.polityka.pl\/passent\/wp-json\/wp\/v2\/media?parent=109"}],"wp:term":[{"taxonomy":"category","embeddable":true,"href":"https:\/\/blog.polityka.pl\/passent\/wp-json\/wp\/v2\/categories?post=109"},{"taxonomy":"post_tag","embeddable":true,"href":"https:\/\/blog.polityka.pl\/passent\/wp-json\/wp\/v2\/tags?post=109"}],"curies":[{"name":"wp","href":"https:\/\/api.w.org\/{rel}","templated":true}]}}