
{"id":1099,"date":"2011-11-01T19:28:47","date_gmt":"2011-11-01T17:28:47","guid":{"rendered":"http:\/\/passent.blog.polityka.pl\/?p=1099"},"modified":"2011-11-22T14:57:13","modified_gmt":"2011-11-22T12:57:13","slug":"ziobro-do-kata-czy-za-drzwi","status":"publish","type":"post","link":"https:\/\/blog.polityka.pl\/passent\/2011\/11\/01\/ziobro-do-kata-czy-za-drzwi\/","title":{"rendered":"Ziobro do k\u0105ta czy za drzwi?"},"content":{"rendered":"<p>Zbigniew Ziobro ma syna \u2013 to wspania\u0142a i najwa\u017cniejsza dla niego wiadomo\u015b\u0107 (moje gratulacje!), ale obawiam si\u0119, \u017ce nast\u0119pne b\u0119d\u0105 gorsze. List Ziobry do prezesa Kaczy\u0144skiego, w kt\u00f3rym wzywa on do przerwania atak\u00f3w pod jego adresem, za to co m\u00f3wi\u0142 mediom o potrzebie otwarcia i demokratyzacji PiS, na pewno by\u0142 pomy\u015blany jako prowokacja i tak zosta\u0142 odebrany przez adresata. Prezes upokorzy\u0142 wiceprezesa partii, nie przyj\u0105\u0142 go na rozmowie, nie ustosunkowa\u0142 si\u0119 do krytyki, a los Ziobry z\u0142o\u017cy\u0142 w r\u0119ce Karola Karskiego \u2013 rzecznika dyscypliny PiS. Oczywi\u015bcie, decydowa\u0107 b\u0119dzie nie Karski, ale szef szef\u00f3w. W \u015brod\u0119,\u00a02 XI, rada polityczna PiS ma dyskutowa\u0107 o losie Ziobry, a mo\u017ce po prostu przyklepa\u0107 decyzj\u0119 prezesa..<\/p>\n<p>Wiele wskazuje na to, \u017ce Ziobro i jego otoczenie (m.in. pp. Kurski, Mularczyk, Cyma\u0144ski, Kempa, w sumie ok.. 20-30 os\u00f3b) licz\u0105 na to, \u017ce prezes\u00a0 ich usunie z partii, tak jak post\u0119powa\u0142 wobec pp.\u00a0 Kluzik-Rostkowskiej, Jakubiak, Migalskiego i innych. Jako usuni\u0119ci, nie braliby na siebie odpowiedzialno\u015bci za roz\u0142am w partii, ale roz\u0142am jest ju\u017c faktem. To, \u017ce wi\u0119kszo\u015b\u0107 zn\u00f3w opowie si\u0119 po stronie prezesa i jego najbli\u017cszych, pp. Lipi\u0144skiego, B\u0142aszczaka, Hofmana etc, nie zmienia faktu, \u017ce PiS ju\u017c nie b\u0119dzie tym, czym by\u0142 dotychczas. By\u0142 siln\u0105 opozycj\u0105, zdoby\u0142 prawie 30 proc. g\u0142os\u00f3w w wyborach parlamentarnych, to wynik, o jakim wiele partii w Polsce i zagranic\u0105\u00a0 mo\u017ce marzy\u0107 (cho\u0107by upad\u0142e SLD), ale dla opozycji wewn\u0105trzpartyjnej w PiS to za ma\u0142o. Cz\u0119\u015b\u0107 polityk\u00f3w i komentator\u00f3w uwa\u017ca, \u017ce PiS pod tym prezesem nigdy ju\u017c by wybor\u00f3w nie wygra\u0142o.\u00a0 Nie jestem pewien, ale ja zwyci\u0119stwa PiS nie pragn\u0119, natomiast cz\u0119\u015b\u0107 polityk\u00f3w tej partii, z\u0142akniona w\u0142adzy, nie mo\u017ce si\u0119 doczeka\u0107.<!--more--><\/p>\n<p>Co dalej? W ca\u0142ej tej awanturze nie m\u00f3wi si\u0119 ani s\u0142owa o r\u00f3\u017cnicach programowych pomi\u0119dzy \u201ezakonem\u201d a ziobrystami. Ziobro twierdzi, \u017ce mo\u017ce okaza\u0107 si\u0119 konieczne istnienie dw\u00f3ch partii prawicowych, jednej \u201ecentrowej\u201d, a drugiej \u201enarodowej\u201d. Ale who is who nie wiadomo \u2013 czy Ziobro to kierunek \u201ecentrowy\u201d czy \u201enarodowy\u201d. Do kt\u00f3rego nurtu zaliczy\u0107 prezesa?<br \/>\nWida\u0107, \u017ce w ca\u0142ym tym zamieszaniu nie chodzi o kierunek strategiczny, o przysz\u0142y kszta\u0142t Polski, lecz o rz\u0105d dusz i szabel na prawicy. Nawet tak elokwentni politycy, jak Kurski i Cyma\u0144ski, a tak\u017ce ludzie prezesa \u2013 Czarnecki, B\u0142aszczak, Hofman \u2013 o meritum nie m\u00f3wi\u0105, tylko o formach, o tym, \u017ce Ziobro upubliczni\u0142 list zanim dotar\u0142 do adresata itp., \u017ce trzeba by\u0142o dyskretnie, na ucho, wewn\u0105trz partii,\u00a0 bla, bla, bla.<\/p>\n<p>W \u015brod\u0119 powinno si\u0119 okaza\u0107, co zdecydowa\u0142 prezes i jego ludzie \u2013 Ziobro do k\u0105ta,\u00a0 za drzwi czy wyrzucony ze szko\u0142y prezesa? Tak czy owak dobrze si\u0119 sta\u0142o, \u017ce w PiS dochodzi do rozliczenia po przegranych wybor\u00f3w. Szkoda tylko, \u017ce nie merytorycznie.<\/p>\n<p>W drugiej, znacznie bardziej przegranej partii, los Napieralskiego wydaje si\u0119 przes\u0105dzony, ale symptomy s\u0105 podobne jak w PiS, tyle, \u017ce bardziej dyskretne. Padaj\u0105 nazwiska, kt\u00f3re nie kojarz\u0105 si\u0119 z \u017cadnym programem. W odr\u00f3\u017cnieniu od opozycji prawicowej, kt\u00f3ra si\u0119 dzieli, SLD nie ma ju\u017c si\u0119 na co dzieli\u0107, lewica jest ju\u017c i tak\u00a0 podzielona. To dla Donalda Tuska i Platformy znakomita sytuacja. Dodatkowa premia za wygrane wybory.<\/p>\n","protected":false},"excerpt":{"rendered":"<p>Zbigniew Ziobro ma syna \u2013 to wspania\u0142a i najwa\u017cniejsza dla niego wiadomo\u015b\u0107 (moje gratulacje!), ale obawiam si\u0119, \u017ce nast\u0119pne b\u0119d\u0105 gorsze. List Ziobry do prezesa Kaczy\u0144skiego, w kt\u00f3rym wzywa on do przerwania atak\u00f3w pod jego adresem, za to co m\u00f3wi\u0142 mediom o potrzebie otwarcia i demokratyzacji PiS, na pewno by\u0142 pomy\u015blany jako prowokacja i tak [&hellip;]<\/p>\n","protected":false},"author":4,"featured_media":0,"comment_status":"open","ping_status":"open","sticky":false,"template":"","format":"standard","meta":{"footnotes":""},"categories":[11],"tags":[],"_links":{"self":[{"href":"https:\/\/blog.polityka.pl\/passent\/wp-json\/wp\/v2\/posts\/1099"}],"collection":[{"href":"https:\/\/blog.polityka.pl\/passent\/wp-json\/wp\/v2\/posts"}],"about":[{"href":"https:\/\/blog.polityka.pl\/passent\/wp-json\/wp\/v2\/types\/post"}],"author":[{"embeddable":true,"href":"https:\/\/blog.polityka.pl\/passent\/wp-json\/wp\/v2\/users\/4"}],"replies":[{"embeddable":true,"href":"https:\/\/blog.polityka.pl\/passent\/wp-json\/wp\/v2\/comments?post=1099"}],"version-history":[{"count":4,"href":"https:\/\/blog.polityka.pl\/passent\/wp-json\/wp\/v2\/posts\/1099\/revisions"}],"predecessor-version":[{"id":1141,"href":"https:\/\/blog.polityka.pl\/passent\/wp-json\/wp\/v2\/posts\/1099\/revisions\/1141"}],"wp:attachment":[{"href":"https:\/\/blog.polityka.pl\/passent\/wp-json\/wp\/v2\/media?parent=1099"}],"wp:term":[{"taxonomy":"category","embeddable":true,"href":"https:\/\/blog.polityka.pl\/passent\/wp-json\/wp\/v2\/categories?post=1099"},{"taxonomy":"post_tag","embeddable":true,"href":"https:\/\/blog.polityka.pl\/passent\/wp-json\/wp\/v2\/tags?post=1099"}],"curies":[{"name":"wp","href":"https:\/\/api.w.org\/{rel}","templated":true}]}}