
{"id":1112,"date":"2011-11-12T23:19:56","date_gmt":"2011-11-12T21:19:56","guid":{"rendered":"http:\/\/passent.blog.polityka.pl\/?p=1112"},"modified":"2011-11-22T14:54:54","modified_gmt":"2011-11-22T12:54:54","slug":"niepodlegla-i-kolorowa","status":"publish","type":"post","link":"https:\/\/blog.polityka.pl\/passent\/2011\/11\/12\/niepodlegla-i-kolorowa\/","title":{"rendered":"Niepodleg\u0142a i kolorowa"},"content":{"rendered":"<p>Nie mam \u017cadnych dobrych skojarze\u0144, kiedy s\u0142ysz\u0119 o ONR \u2013 Obozie Narodowo\u2013Radykalnym, Falandze, M\u0142odzie\u017cy Wszechpolskiej. Odmieniaj\u0105 przez wszystkie przypadki s\u0142owa takie, jak patriotyzm i nar\u00f3d, z marsowymi minami skanduj\u0105 \u201eB\u00f3g, Honor, Ojczyzna\u201d, podczas gdy ich protopla\u015bci walczyli z \u017cydo-sanacj\u0105, szanta\u017cowali profesor\u00f3w, urz\u0105dzali getta \u0142awkowe\u00a0 etc. W dodatku obro\u015bli jeszcze w kiboli, co w sumie nie budzi \u017cadnej mojej sympatii, tylko najgorsze skojarzenia. Ich idol \u2013 Roman Dmowski \u2013 nie zas\u0142uguje na pomnik, przy kt\u00f3rym si\u0119 gromadz\u0105 i podpalaj\u0105 samochody medi\u00f3w. Po II wojnie has\u0142a Dmowskiego brzmi\u0105 inaczej ni\u017c po I wojnie. Tym nie mniej trudno narodowcom odm\u00f3wi\u0107 prawa do legalnej demonstracji, dop\u00f3ki nie g\u0142osz\u0105 hase\u0142 sprzecznych z prawem. W\u015br\u00f3d \u201enarodowc\u00f3w\u201d nie brak by\u0142o praworz\u0105dnych obywateli, w tym ca\u0142ych rodzin, kt\u00f3re chcia\u0142y zamanifestowa\u0107 sw\u00f3j patriotyzm bez awantur. Ich problemem jest jak odci\u0105\u0107 si\u0119 od zakwefionych bandyt\u00f3w.<!--more--><\/p>\n<p>Lepiej rozumiem organizator\u00f3w \u201ekolorowej niepodleg\u0142ej\u201d, kt\u00f3rzy maj\u0105 do\u015b\u0107 tego, \u017ce spadkobiercy ONR i w og\u00f3le radykalna prawica opanowa\u0142a ulice, a lewica siedzi cicho jak mysz pod miot\u0142\u0105, co najwy\u017cej roztrz\u0105sa kwestie filozoficzne na elitarnych seminariach. Tym nie mniej trudno mi poj\u0105\u0107, dlaczego lewica postanowi\u0142a zablokowa\u0107 marsz narodowc\u00f3w, zamiast zorganizowa\u0107 sw\u00f3j kolorowy wiec w innym miejscu, np. w Ogrodzie Saskim czy na Placu Defilad. A ju\u017c zaproszenie awanturnik\u00f3w z zagranicy by\u0142o niestosowne i da\u0142o Kaczy\u0144skiemu pretekst do oskar\u017cenia, \u017ce Niemcy zostali zaproszeni do bicia Polak\u00f3w. Organizatorzy \u201ekolorowej niepodleg\u0142ej\u201d potrafili\u00a0 przeciwstawi\u0107 si\u0119 narodowcom \u2013 to dobrze, ale niepotrzebnie dostarczyli argumenty swoim krytykom, zbieraj\u0105c si\u0119 na trasie innego pochodu.<\/p>\n<p>Ciekawy by\u0142 tak\u017ce punkt widzenia ministra Millera w TVN 24: Jego zdaniem, jak na skal\u0119 konfliktu &#8211; nic strasznego si\u0119 nie wydarzy\u0142o, w\u015br\u00f3d os\u00f3b postronnych nie by\u0142o pokrzywdzonych, straty miasta s\u0105 niewielkie, ale \u017ale si\u0119 sta\u0142o, \u017ce \u015bwi\u0119to niepodleg\u0142o\u015bci zosta\u0142o sprofanowane. Ja bym powiedzia\u0142 jednak wi\u0119cej \u2013 \u017ale si\u0119 dzieje, \u017ce konflikty przenosz\u0105 si\u0119 na ulice, \u017ce bandyci atakuj\u0105 policj\u0119, niszcz\u0105 mienie, stwarzaj\u0105 zagro\u017cenie dla innych. \u0141obuzeria czuje si\u0119 bezkarna, funkcjonariusze pa\u0144stwowi, w tym policjanci,\u00a0 nie ciesz\u0105 si\u0119 nale\u017cytym respektem. Nie rozumiem dlaczego w\u0142adze miasta wyda\u0142y zezwolenie na dwie przeciwstawne demonstracje tak blisko siebie. Zgadzam si\u0119 z uwagami dotycz\u0105cymi stylu pracy policji, kt\u00f3ra \u2013 w obawie przed zarzutami o nadmierne u\u017cycie przemocy \u2013 wykazywa\u0142a ogromn\u0105 cierpliwo\u015b\u0107. Wszystko to wymaga szybkich decyzji, mo\u017ce modyfikacji prawa, bo Euro 2012 tu\u017c tu\u017c.<\/p>\n","protected":false},"excerpt":{"rendered":"<p>Nie mam \u017cadnych dobrych skojarze\u0144, kiedy s\u0142ysz\u0119 o ONR \u2013 Obozie Narodowo\u2013Radykalnym, Falandze, M\u0142odzie\u017cy Wszechpolskiej. Odmieniaj\u0105 przez wszystkie przypadki s\u0142owa takie, jak patriotyzm i nar\u00f3d, z marsowymi minami skanduj\u0105 \u201eB\u00f3g, Honor, Ojczyzna\u201d, podczas gdy ich protopla\u015bci walczyli z \u017cydo-sanacj\u0105, szanta\u017cowali profesor\u00f3w, urz\u0105dzali getta \u0142awkowe\u00a0 etc. W dodatku obro\u015bli jeszcze w kiboli, co w sumie nie [&hellip;]<\/p>\n","protected":false},"author":4,"featured_media":0,"comment_status":"open","ping_status":"open","sticky":false,"template":"","format":"standard","meta":{"footnotes":""},"categories":[11],"tags":[],"_links":{"self":[{"href":"https:\/\/blog.polityka.pl\/passent\/wp-json\/wp\/v2\/posts\/1112"}],"collection":[{"href":"https:\/\/blog.polityka.pl\/passent\/wp-json\/wp\/v2\/posts"}],"about":[{"href":"https:\/\/blog.polityka.pl\/passent\/wp-json\/wp\/v2\/types\/post"}],"author":[{"embeddable":true,"href":"https:\/\/blog.polityka.pl\/passent\/wp-json\/wp\/v2\/users\/4"}],"replies":[{"embeddable":true,"href":"https:\/\/blog.polityka.pl\/passent\/wp-json\/wp\/v2\/comments?post=1112"}],"version-history":[{"count":4,"href":"https:\/\/blog.polityka.pl\/passent\/wp-json\/wp\/v2\/posts\/1112\/revisions"}],"predecessor-version":[{"id":1137,"href":"https:\/\/blog.polityka.pl\/passent\/wp-json\/wp\/v2\/posts\/1112\/revisions\/1137"}],"wp:attachment":[{"href":"https:\/\/blog.polityka.pl\/passent\/wp-json\/wp\/v2\/media?parent=1112"}],"wp:term":[{"taxonomy":"category","embeddable":true,"href":"https:\/\/blog.polityka.pl\/passent\/wp-json\/wp\/v2\/categories?post=1112"},{"taxonomy":"post_tag","embeddable":true,"href":"https:\/\/blog.polityka.pl\/passent\/wp-json\/wp\/v2\/tags?post=1112"}],"curies":[{"name":"wp","href":"https:\/\/api.w.org\/{rel}","templated":true}]}}