
{"id":1115,"date":"2011-11-17T00:02:56","date_gmt":"2011-11-16T22:02:56","guid":{"rendered":"http:\/\/passent.blog.polityka.pl\/?p=1115"},"modified":"2011-12-09T13:52:31","modified_gmt":"2011-12-09T11:52:31","slug":"bomba-w-gore-2","status":"publish","type":"post","link":"https:\/\/blog.polityka.pl\/passent\/2011\/11\/17\/bomba-w-gore-2\/","title":{"rendered":"Bomba w g\u00f3r\u0119"},"content":{"rendered":"<p>W pi\u0105tek w po\u0142udnie Donald Tusk wyg\u0142osi expose. Jego tre\u015b\u0107, podobnie jak i sk\u0142ad nowego\/starego\u00a0 rz\u0105du, trzymana by\u0142a w tajemnicy, ale jednak to i owo przeciek\u0142o. Wygl\u0105da na to, \u017ce premier zapowie pakiet reform,\u00a0 ci\u0119\u0107 wydatk\u00f3w oraz si\u0119gnie do kieszeni obywateli, ale stopniowo, krok po kroku, jak to jest w jego zwyczaju. Musi uspokoi\u0107 opini\u0119 zagraniczn\u0105, inwestor\u00f3w, agencje ratingowe, ale jednocze\u015bnie nie si\u0119ga\u0107 po \u015brodki drastyczne, \u017ceby nie sp\u0142oszy\u0107 rynk\u00f3w i nie zak\u0142\u00f3ci\u0107 spokoju w kraju.\u00a0 Wiele ujawni\u0142 min. Rostowski &#8211; liczy si\u0119 ze spowolnieniem tempa wzrostu, zapowiada stopniowe podwy\u017cszenie wieku emerytalnego, ograniczenie dodatk\u00f3w rodzinnych, likwidacj\u0119 wsp\u00f3lnego rozliczania podatku\u00a0 przez\u00a0 ma\u0142\u017ce\u0144stwa, likwidacj\u0119 tzw koszt\u00f3w uzysku, z kt\u00f3rych korzystaj\u0105 m.in. autorzy, tw\u00f3rcy, dziennikarze, zmiany w systemie ubezpiecze\u0144 rolnik\u00f3w, ewentualny wzrost podatk\u00f3w itp.<!--more--><\/p>\n<p>Na razie spo\u0142ecze\u0144stwo jest cierpliwe, a opozycja tak zagubiona, \u017ce\u00a0 rz\u0105d mo\u017ce liczy\u0107 na wyrozumia\u0142o\u015b\u0107, przynajmniej do czasu. Tusk sprytnie przemilcza\u0142 bolesne posuni\u0119cia w czasie kampanii wyborczej, ale trudno si\u0119 dziwi\u0107. Odezwa\u0142 si\u0119 jednak prezydent Komorowski, kt\u00f3ry zaznaczy\u0142 sw\u00f3j sprzeciw wobec oszcz\u0119dzaniu na polityce rodzinnej. Moim zdaniem korekty sprzyjaj\u0105ce dzietno\u015bci s\u0105 celowe, ale niekoniecznie w formie dodatk\u00f3w rodzinnych na pierwsze i drugie dziecko. Te pieni\u0105dze powinny i\u015b\u0107 na \u017c\u0142obki, przedszkola, a wi\u0119c u\u0142atwienia w wychowywaniu i edukacji, a\u00a0 nie na wyp\u0142aty do kieszeni rodzic\u00f3w.\u00a0\u00a0<!--more--><\/p>\n<p>Zmiany w sk\u0142adzie Rady Ministr\u00f3w\u00a0 nie b\u0119d\u0105 tak rewelacyjne, jak oczekiwano. Koalicja pozostaje ta sama. Trzon rz\u0105du\u00a0 ten sam (Pawlak, Rostowski, Sikorski, Siemoniak, Sawicki, Zdrojewski). Najwi\u0119ksze zmiany to rozwini\u0119cie skrzyde\u0142 \u2013 lewicowy Bartosz Ar\u0142ukowicz na \u201eZdrowie\u201d, a konserwatywny Gowin na \u201eSprawiedliwo\u015b\u0107\u201d. Ta ostatnia zmiana nie budzi mojego zachwytu (Gowin nie jest prawnikiem), ale mo\u017ce odsuni\u0119cie go od funkcji w Sejmie u\u0142atwi przeprowadzenie zmian w sferze \u201enadbudowy\u201d (dotycz\u0105cych zwi\u0105zk\u00f3w partnerskich, zap\u0142odnienia in vitro i tego kalibru spraw). Swoj\u0105 drog\u0105 ciekawe b\u0119dzie obserwowanie\u00a0 Jaros\u0142awa Gowina w roli ministra, a wi\u0119c cz\u0142owieka d\u017awigaj\u0105cego odpowiedzialno\u015b\u0107. Jego pozycja, podobnie jak Ar\u0142ukowicza wzro\u015bnie. Na zagro\u017cony odcinek transportu kandyduje zaufany premiera, S\u0142awomir Nowak. B\u0119dzie mia\u0142 \u0142atwy dost\u0119p do premiera, ale czy to wystarczaj\u0105ce kwalifikacje? \u2013 Nie wiem. Niejasna jest\u00a0 kandydatura W\u0142adys\u0142awa Kosiniaka-Kamysza na ministra Pracy.\u00a0 Trzydzie\u015bci lat to chyba nie jest wystarczaj\u0105cy atut. Teoretycznie ten resort\u00a0 to domena PSL, ale odpowiedzialno\u015b\u0107 za pomy\u0142k\u0119 spadnie na szefa rz\u0105du. Micha\u0142 Boni jako minister administracji i cyfryzacji oraz Joanna Mucha jako minister Sportu nie powinni budzi\u0107 emocji, cho\u0107 na czele resortu sportu nie przypominam sobie nikogo tak dobrego jak W\u0142odzimierz Reczek.<\/p>\n<p>Tusk pozostaje niekwestionowanym arbitrem.\u00a0 Grzegorza Schetyn\u0119 przewiduje podobno na szefa Komisji Spraw Zagranicznych Sejmu \u2013 stanowisko wa\u017cne, ale dla niego to ewidentny boczny tor. Pozwoli mu zdoby\u0107 do\u015bwiadczenie w sprawach zagranicznych, co mo\u017ce mu w przysz\u0142o\u015bci pom\u00f3c w walce o wysokie stanowisko \u2013 je\u017celi t\u0119 przysz\u0142o\u015b\u0107 b\u0119dzie mia\u0142.<\/p>\n<p>Tusk ponownie obejmuje w\u0142adz\u0119. Cztery lata temu mia\u0142 przeciwko sobie siln\u0105 opozycj\u0119, ale dobr\u0105 sytuacj\u0119 gospodarcz\u0105, teraz odwrotnie &#8211; w kraju \u201enie ma z kim przegra\u0107\u201d, przynajmniej do czasu ewentualnej katastrofy gospodarczej (odpuka\u0107!), ale widmo kr\u0105\u017cy po Europie. Kurs Tuska na dalsz\u0105 integracj\u0119 jest s\u0142uszny, bo kryzys minie, a Europa mo\u017ce nam uciec. Ale to,\u00a0 co dzieje si\u0119 w Europie, jest tak nieprzewidywalne, \u017ce ca\u0142a zr\u0119czno\u015b\u0107 Tuska mo\u017ce nie wystarczy\u0107. Bomba posz\u0142a w g\u00f3r\u0119, ale gonitwa rozgrywa si\u0119 jak gdyby w ciemno\u015bci \u2013 \u0142atwo si\u0119 potkn\u0105\u0107.<\/p>\n","protected":false},"excerpt":{"rendered":"<p>W pi\u0105tek w po\u0142udnie Donald Tusk wyg\u0142osi expose. Jego tre\u015b\u0107, podobnie jak i sk\u0142ad nowego\/starego\u00a0 rz\u0105du, trzymana by\u0142a w tajemnicy, ale jednak to i owo przeciek\u0142o. Wygl\u0105da na to, \u017ce premier zapowie pakiet reform,\u00a0 ci\u0119\u0107 wydatk\u00f3w oraz si\u0119gnie do kieszeni obywateli, ale stopniowo, krok po kroku, jak to jest w jego zwyczaju. Musi uspokoi\u0107 opini\u0119 [&hellip;]<\/p>\n","protected":false},"author":4,"featured_media":0,"comment_status":"open","ping_status":"open","sticky":false,"template":"","format":"standard","meta":{"footnotes":""},"categories":[11],"tags":[],"_links":{"self":[{"href":"https:\/\/blog.polityka.pl\/passent\/wp-json\/wp\/v2\/posts\/1115"}],"collection":[{"href":"https:\/\/blog.polityka.pl\/passent\/wp-json\/wp\/v2\/posts"}],"about":[{"href":"https:\/\/blog.polityka.pl\/passent\/wp-json\/wp\/v2\/types\/post"}],"author":[{"embeddable":true,"href":"https:\/\/blog.polityka.pl\/passent\/wp-json\/wp\/v2\/users\/4"}],"replies":[{"embeddable":true,"href":"https:\/\/blog.polityka.pl\/passent\/wp-json\/wp\/v2\/comments?post=1115"}],"version-history":[{"count":5,"href":"https:\/\/blog.polityka.pl\/passent\/wp-json\/wp\/v2\/posts\/1115\/revisions"}],"predecessor-version":[{"id":1217,"href":"https:\/\/blog.polityka.pl\/passent\/wp-json\/wp\/v2\/posts\/1115\/revisions\/1217"}],"wp:attachment":[{"href":"https:\/\/blog.polityka.pl\/passent\/wp-json\/wp\/v2\/media?parent=1115"}],"wp:term":[{"taxonomy":"category","embeddable":true,"href":"https:\/\/blog.polityka.pl\/passent\/wp-json\/wp\/v2\/categories?post=1115"},{"taxonomy":"post_tag","embeddable":true,"href":"https:\/\/blog.polityka.pl\/passent\/wp-json\/wp\/v2\/tags?post=1115"}],"curies":[{"name":"wp","href":"https:\/\/api.w.org\/{rel}","templated":true}]}}