
{"id":1118,"date":"2011-11-18T22:43:58","date_gmt":"2011-11-18T20:43:58","guid":{"rendered":"http:\/\/passent.blog.polityka.pl\/?p=1118"},"modified":"2011-12-09T13:52:12","modified_gmt":"2011-12-09T11:52:12","slug":"referat-i-dyskusja","status":"publish","type":"post","link":"https:\/\/blog.polityka.pl\/passent\/2011\/11\/18\/referat-i-dyskusja\/","title":{"rendered":"Referat i dyskusja"},"content":{"rendered":"<p>Referat i dyskusja to by\u0142y \u017celazne punkty porz\u0105dku dziennego niezliczonych zebra\u0144 w czasie naszej m\u0142odo\u015bci. Teraz to si\u0119 nazywa \u201eexpose i debata\u201d. (Notabene pose\u0142 Bury z PSL zabawnie akcentuje s\u0142owo expose\u00a0 na drug\u0105 sylab\u0119, \u201eexPOse\u201d, ale to jedyne, co zapami\u0119ta\u0142em z jego g\u0142osu).<\/p>\n<p>Referat premiera Tuska mia\u0142\u00a0 jedn\u0105 s\u0142abo\u015b\u0107: zbyt \u201eksi\u0119gowy\u201d charakter. Zapowiada\u0142 d\u0142ugo oczekiwane ci\u0119cia i reformy, w tym zr\u00f3wnanie i przed\u0142u\u017cenie wieku emerytalnego kobiet i m\u0119\u017cczyzn oraz zdecydowan\u0105 polityk\u0119 proeuropejsk\u0105, ale zabrak\u0142o mi troch\u0119 szerszej wizji, ba, odrobiny emocji, wszystko by\u0142o jakie\u015b takie administracyjne, \u017cadnej literatury. \u017beby chocia\u017c zapowiedzia\u0142 krew, pot i \u0142zy! Zabrak\u0142o mi zaskoczenia, niespodzianki, czego\u015b porywaj\u0105cego. To przem\u00f3wienie na pewno nie wejdzie\u00a0 do antologii wielkich m\u00f3w sejmowych.<!--more--><\/p>\n<p>Prezes Kaczy\u0144ski te\u017c nie zaskoczy\u0142. M\u00f3wi\u0142 \u2013 jak to on &#8211; bez kartki, ale mo\u017ce to dlatego, \u017ce zna sw\u00f3j repertuar na pami\u0119\u0107: \u201ewarto by\u0107 Polakiem\u201d, \u201e nie\u201d dla euro, pakiet klimatyczny to jak przegrana wojna (teraz mo\u017cna wytargowa\u0107 wi\u0119cej), nie zaciska\u0107 pasa, nie ogranicza\u0107 konsumpcji, nie atakowa\u0107 polskiej\u00a0 rodziny, zadba\u0107 o stracone pokolenie. Co robi\u0107? \u201eOdnowi\u0107 system podatkowy\u201d, repolonizowa\u0107 polskie banki, si\u0119gn\u0105\u0107 do g\u0142\u0119bokich kieszeni, przygotowa\u0107 polski bud\u017cet, budowa\u0107 mieszkania dla mniej zarabiaj\u0105cych, rozwi\u0105za\u0107 NFZ, wywindowa\u0107 uniwersytety na li\u015bcie peki\u0144skiej i uczonych\u00a0 na li\u015bcie filadelfijskiej, walczy\u0107 z korupcj\u0105, \u201ebezczelnym uw\u0142aszczaniem nomenklatury\u201d itp. Normalny zestaw og\u00f3lnik\u00f3w, demagogii i pobo\u017cnych \u017cycze\u0144, jaki przys\u0142uguje opozycji, ale prezes jest w formie, wszystko pami\u0119ta i kojarzy jak trzeba.<\/p>\n<p>Prezes Kaczy\u0144ski nie zapomnia\u0142 o \u201eha\u0144bie smole\u0144skiej\u201d, ani o wsi (\u201eatak na polsk\u0105 wie\u015b\u201d), zadba\u0142 o prawic\u0119 narodowo \u2013 katolick\u0105, m\u00f3wi\u0142 o \u201dbezczelnych, brutalnych atakach na krzy\u017c\u201d\u00a0 i o\u00a0 \u201eniebywa\u0142ej prowokacji\u201d skrajnej lewicy 11 listopada, upomnia\u0142 si\u0119 o wolno\u015b\u0107 s\u0142owa, kt\u00f3rej nie ma\u00a0 w g\u0142\u00f3wnym nurcie medi\u00f3w, zach\u0119ca\u0142 do odwagi (?) w polityce zagranicznej, nie ba\u0107 si\u0119 silniejszych, pot\u0119pi\u0142 rz\u0105d za \u201eniebywa\u0142y serwilizm\u201d wobec Rosji. Zapowiedzia\u0142 utworzenie centrum interwencyjnego pod kierownictwem Zofii Romaszewskiej, co jest nawi\u0105zaniem do podobnej\u00a0 inicjatywy przed 1989 rokiem, a wi\u0119c w ustroju \u201emi\u0119kkiego totalitaryzmu\u201d.\u00a0 Za to wszystko Jaros\u0142aw Kaczy\u0144ski zosta\u0142 nagrodzony owacj\u0105 na stoj\u0105co przez pos\u0142\u00f3w PIS. Pos\u0142anka Kempa w swoim wyst\u0105pieniu doda\u0142a\u00a0 do tego troch\u0119 jadu i z\u0142o\u015bliwo\u015bci pod adresem premiera Tuska (\u201enikt si\u0119 z panem nie liczy\u201d, \u201ejest pan w karcie da\u0144\u201d). W sumie, stary, dobry PiS, dawno nie s\u0142yszany, bo zaj\u0119ty kolejn\u0105 schizm\u0105 w swoich szeregach.<\/p>\n<p>Przem\u00f3wienie Kaczy\u0144skiego by\u0142o dok\u0142adnym przeciwie\u0144stwem referatu Donalda Tuska \u2013 du\u017co emocji i slogan\u00f3w, ma\u0142o liczb i konkret\u00f3w, du\u017co krzy\u017ca i Polski, ma\u0142o rachunk\u00f3w i detali. Tuskowi przyda\u0142aby si\u0119 odrobina emocji, a Kaczy\u0144skiemu \u2013 dobry ksi\u0119gowy, kt\u00f3ry by policzy\u0142, za co awansowa\u0107 uniwersytety i budowa\u0107 tanie mieszkania.<\/p>\n<p>Pose\u0142 Palikot tak\u017ce m\u00f3wi\u0142 z temperamentem i bez kartki. Zwr\u00f3ci\u0142\u00a0 si\u0119 do \u201ePani Marsza\u0142kini\u201d. Zarzuci\u0142 premierowi, \u017ce \u201enie ma pomys\u0142u na Polsk\u0119\u201d, jak pogoni\u0107 \u201et\u0142uste koty\u201d, podnie\u015b\u0107 z kolan biednych o burzonych, jak budowa\u0107 kapita\u0142 ludzki, wzmacnia\u0107 zaufanie spo\u0142eczne, kt\u00f3re jest w Polsce bardzo niskie (\u201ewi\u0119\u017a religijna nie tworzy wi\u0119zi spo\u0142ecznej\u201d), da\u0107 ma\u0142ym i\u00a0 \u015brednim przedsi\u0119biorcom prawo do b\u0142\u0119d\u00f3w, mniej restrykcji, , zlikwidowa\u0107 Senat i powiaty,\u00a0 zmniejszy\u0107 liczb\u0119 pos\u0142\u00f3w, po\u0142\u0105czy\u0107 ZUS i KRUS. Nie brak\u0142o z\u0142o\u015bliwo\u015bci pod adresem Tuska: To nie jest rz\u0105d dla Polski,\u00a0 tylko rz\u0105d dla Platformy, \u201eskasowa\u0142 Schetyn\u0119 \u2013 musia\u0142 dowarto\u015bciowa\u0107 Gowina, funkcjonariusza ko\u015bcio\u0142a katolickiego\u201d.<\/p>\n<p>W sumie Kaczy\u0144ski i Palikot zapowiedzieli, \u017ce b\u0119d\u0105 g\u0142osowa\u0107 przeciwko votum zaufania dla rz\u0105du, ale ich g\u0142osy by\u0142y ciekawe, z temperamentem, bardziej przypomina\u0142y publicystyk\u0119, mo\u017ce nawet felietony, ale dobrze \u017ce pad\u0142y i by\u0142y transmitowane na \u017cywo &#8211; nie w \u017cadnej konspiracji, ale w mediach g\u0142\u00f3wnego nurtu, w kt\u00f3rych podobno nie ma wolno\u015bci s\u0142owa.<\/p>\n","protected":false},"excerpt":{"rendered":"<p>Referat i dyskusja to by\u0142y \u017celazne punkty porz\u0105dku dziennego niezliczonych zebra\u0144 w czasie naszej m\u0142odo\u015bci. Teraz to si\u0119 nazywa \u201eexpose i debata\u201d. (Notabene pose\u0142 Bury z PSL zabawnie akcentuje s\u0142owo expose\u00a0 na drug\u0105 sylab\u0119, \u201eexPOse\u201d, ale to jedyne, co zapami\u0119ta\u0142em z jego g\u0142osu). Referat premiera Tuska mia\u0142\u00a0 jedn\u0105 s\u0142abo\u015b\u0107: zbyt \u201eksi\u0119gowy\u201d charakter. Zapowiada\u0142 d\u0142ugo oczekiwane [&hellip;]<\/p>\n","protected":false},"author":4,"featured_media":0,"comment_status":"open","ping_status":"open","sticky":false,"template":"","format":"standard","meta":{"footnotes":""},"categories":[11],"tags":[],"_links":{"self":[{"href":"https:\/\/blog.polityka.pl\/passent\/wp-json\/wp\/v2\/posts\/1118"}],"collection":[{"href":"https:\/\/blog.polityka.pl\/passent\/wp-json\/wp\/v2\/posts"}],"about":[{"href":"https:\/\/blog.polityka.pl\/passent\/wp-json\/wp\/v2\/types\/post"}],"author":[{"embeddable":true,"href":"https:\/\/blog.polityka.pl\/passent\/wp-json\/wp\/v2\/users\/4"}],"replies":[{"embeddable":true,"href":"https:\/\/blog.polityka.pl\/passent\/wp-json\/wp\/v2\/comments?post=1118"}],"version-history":[{"count":6,"href":"https:\/\/blog.polityka.pl\/passent\/wp-json\/wp\/v2\/posts\/1118\/revisions"}],"predecessor-version":[{"id":1216,"href":"https:\/\/blog.polityka.pl\/passent\/wp-json\/wp\/v2\/posts\/1118\/revisions\/1216"}],"wp:attachment":[{"href":"https:\/\/blog.polityka.pl\/passent\/wp-json\/wp\/v2\/media?parent=1118"}],"wp:term":[{"taxonomy":"category","embeddable":true,"href":"https:\/\/blog.polityka.pl\/passent\/wp-json\/wp\/v2\/categories?post=1118"},{"taxonomy":"post_tag","embeddable":true,"href":"https:\/\/blog.polityka.pl\/passent\/wp-json\/wp\/v2\/tags?post=1118"}],"curies":[{"name":"wp","href":"https:\/\/api.w.org\/{rel}","templated":true}]}}