
{"id":119,"date":"2006-08-29T07:14:37","date_gmt":"2006-08-29T05:14:37","guid":{"rendered":"http:\/\/passent.blog.polityka.pl\/?p=119"},"modified":"2006-08-29T07:21:41","modified_gmt":"2006-08-29T05:21:41","slug":"nie-ma-jak-pompa","status":"publish","type":"post","link":"https:\/\/blog.polityka.pl\/passent\/2006\/08\/29\/nie-ma-jak-pompa\/","title":{"rendered":"Nie ma jak pompa"},"content":{"rendered":"<p>W\u0105tpliw\u0105 sensacj\u0105 ko\u0144ca ubieg\u0142ego tygodnia by\u0142 artyku\u0142 bli\u017cej nieznanego Tomasza Pompowskiego pt. \u201eAkta bezpieki kryj\u0105 wielko\u015b\u0107 i s\u0142abo\u015b\u0107 dawnej opozycji\u201d, zaopatrzony nadtytu\u0142em: \u201ePublicysta \u2018Dziennika\u2019 dotar\u0142 do niepublikowanych dokument\u00f3w SB i wyja\u015bnia o co chodzi przeciwnikom ustawy lustracyjnej\u201d.\u00a0 Tytu\u0142 artyku\u0142u m\u00f3g\u0142by r\u00f3wnie dobrze brzmie\u0107 \u201e\u0141ajdacy z \u2018Solidarno\u015bci\u2019\u201d. Znawca dziej\u00f3w opozycji, jeden z najpowa\u017cniejszych historyk\u00f3w PRL, prof. Andrzej Friszke, nazwa\u0142 ten artyku\u0142 \u201e\u0142ajdackim\u201d. Zainteresowany o co chodzi przeciwnikom ustawy lustracyjnej, takim jak Zbigniew Romaszewski, Krzysztof Piesiewicz, W\u0142adys\u0142aw Frasyniuk, Adam Michnik, Andrzej Romanowski i inni, a tak\u017ce powodowany niezdrow\u0105 ciekawo\u015bci\u0105, si\u0119gn\u0105\u0142em po \u00f3w \u201e\u0142ajdacki\u201d artyku\u0142.<\/p>\n<p>Jest to jedna wielka kloaka, w kt\u00f3rej p\u0142ywaj\u0105:\u00a0\u201elegenda opozycji\u201d, \u201eniezwykle popularny dzia\u0142acz \u2018Solidarno\u015bci\u2019&#8221;, \u201eznany opozycjonista\u201d, \u201ejeden z\u00a0 bohater\u00f3w \u2018S\u2019\u201d, a tak\u017ce liczni m\u0142odzi i naiwni dzia\u0142acze i dzia\u0142aczki (bo kobiet \u2018Pompa\u2019 tez nie oszcz\u0119dza) opozycji antykomunistycznej i \u2013 moim zdaniem \u2013 dzisiejszej r\u00f3wnie\u017c, gdy\u017c autor pisze wr\u0119cz o \u201edzia\u0142aczu podziemia, kt\u00f3ry wsp\u00f3\u0142rz\u0105dzi dzi\u015b parti\u0105 z drugim, o kt\u00f3rym w latach 80. m\u00f3wi\u0142 za jego plecami, \u017ce to \u2018ci\u0119\u017cki idiota, \u015bmierdz\u0105cy le\u0144 i p\u2026\u00a0 h\u2026\u2019\u201d. Artyku\u0142 opakowany jest w mow\u0119 \u2013 traw\u0119 o bohaterskich dzia\u0142aczach opozycji, kt\u00f3rzy \u2013 jak wszyscy \u2013 mieli swoje s\u0142abostki obyczajowe, nie\u015bwiadomi tego, \u017ce bezpieka wszystko rejestruje, zapisuje, fotografuje, a potem szanta\u017cuje i wr\u0119cz nimi kieruje. Trzy czwarte artyku\u0142u zajmuje jednak p\u0142awienie si\u0119 w kloace opozycji, w kt\u00f3rym to szambie autor porusza si\u0119 z sadystyczn\u0105 rozkosz\u0105,\u00a0jak ryba w wodzie.<\/p>\n<p>Oto niekt\u00f3re wyczyny dzia\u0142aczy \u2018S\u2019 spisane przez \u2018Pomp\u0119\u2019 z akt esbecji:<\/p>\n<p>* orgie seksualne,<br \/>\n* regularne uprawiania seksu z psychicznie chor\u0105,<br \/>\n* zdradzanie \u017cony i uprawianie seksu na \u0142awce w parku,<br \/>\n* zabawy z prostytutkami,<br \/>\n* nieopanowane zap\u0119dy homoseksualne wobec \u015bpi\u0105cego delegata na I Zjazd \u2018S\u2019,<br \/>\n* okradanie mieszka\u0144, w kt\u00f3rych si\u0119 ukrywali ludzie podziemia\u2019,<br \/>\n* defraudacja pieni\u0119dzy \u2018S\u2019,<br \/>\n* \u201echlanie\u201d w\u00f3dki,<br \/>\n* donoszenie esbecji,<br \/>\n* \u201ezapluwanie si\u0119\u201d we wzajemnym opluwaniu,<br \/>\n* donoszenie rynsztokowym j\u0119zykiem i inne przewiny.<\/p>\n<p>Wniosek? \u201ePrezes IPN Janusz Kurtyka potwierdza opini\u0119 (w domy\u015ble \u2013 red. Pompowskiego z \u201eDziennika\u201d \u2013 Pass), \u017ce udost\u0119pnienie akt SB musi doprowadzi\u0107 do napisania najnowszej historii Polski na nowo\u201d. Tak brzmi ostatnie zdanie artyku\u0142u. Dlaczego nale\u017cy napisa\u0107 histori\u0119 od nowa? Moim zdanie dlatego, \u017ceby zdegradowa\u0107 Wa\u0142\u0119s\u0119, Kuronia, Michnika, Mazowieckiego, Borusewicza, Bujaka, Geremka,\u00a0 Frasyniuka, KOR oraz\u00a0 innych z\u0142odziei i homoseksualist\u00f3w, cz\u0142onk\u00f3w wczorajszej \u0142\u017ce-elity,\u00a0a na ich miejsce wpisa\u0107 nowych, prawdziwych bohater\u00f3w (nazwiska i imiona znane Blogowiczom). \u201eDziennik\u201d nie ukrywa swoich intencji \u2013 wyra\u017ca je w nadtytule: Przeciwnicy ustawy lustracyjnej maj\u0105 si\u0119 czego ba\u0107. O co im chodzi? O to, \u017ceby ratowa\u0107 w\u0142asny ty\u0142ek.<\/p>\n<p>Nawet weterani konferencji prasowych rzecznika stanu wojennego, czytelnicy \u201e\u017bo\u0142nierza Wolno\u015bci\u201d, s\u0142uchacze radiowej \u201eJedynki\u201d i telewizyjnego \u201eDziennika\u201d ze spikerami w mundurach, nie b\u0119d\u0105 w stanie przytoczy\u0107 \u017cadnego tekstu z okresu stanu wojennego, kt\u00f3ry w \u201eobrzygiwaniu\u201d (\u017ce pos\u0142u\u017cymy si\u0119 okre\u015bleniem zapo\u017cyczonym od W\u0142adys\u0142awa Bartoszewskiego) opozycji\u00a0r\u00f3wna\u0142by si\u0119 artyku\u0142owi red. Pompowskiego w \u201eDzienniku\u201d.<\/p>\n<p>Przed nastaniem IV RP istnia\u0142y pewne autorytety, pewien wz\u00f3r moralny. Stanowili go ludzie, kt\u00f3rzy obalili socjalizm, kt\u00f3rym\u00a0wszyscy \u2013 tak\u017ce my, kt\u00f3rym zabrak\u0142o odwagi i wyobra\u017ani \u2013 zawdzi\u0119czamy wolno\u015b\u0107. Teraz okazuje si\u0119, \u017ce to wszystko byli \u0142ajdacy, a porz\u0105dni s\u0105 ci, kt\u00f3rzy zrywaj\u0105 z nich maski bohater\u00f3w, obna\u017caj\u0105 legend\u0119 opozycji, po to \u017ceby pozosta\u0142o pobojowisko, na kt\u00f3rym mo\u017cna b\u0119dzie zbudowa\u0107 nowe pomniki. Zgadnijcie \u2013 czyje?<\/p>\n","protected":false},"excerpt":{"rendered":"<p>W\u0105tpliw\u0105 sensacj\u0105 ko\u0144ca ubieg\u0142ego tygodnia by\u0142 artyku\u0142 bli\u017cej nieznanego Tomasza Pompowskiego pt. \u201eAkta bezpieki kryj\u0105 wielko\u015b\u0107 i s\u0142abo\u015b\u0107 dawnej opozycji\u201d, zaopatrzony nadtytu\u0142em: \u201ePublicysta \u2018Dziennika\u2019 dotar\u0142 do niepublikowanych dokument\u00f3w SB i wyja\u015bnia o co chodzi przeciwnikom ustawy lustracyjnej\u201d.\u00a0 Tytu\u0142 artyku\u0142u m\u00f3g\u0142by r\u00f3wnie dobrze brzmie\u0107 \u201e\u0141ajdacy z \u2018Solidarno\u015bci\u2019\u201d. Znawca dziej\u00f3w opozycji, jeden z najpowa\u017cniejszych historyk\u00f3w PRL, prof. [&hellip;]<\/p>\n","protected":false},"author":4,"featured_media":0,"comment_status":"open","ping_status":"open","sticky":false,"template":"","format":"standard","meta":{"footnotes":""},"categories":[1],"tags":[],"_links":{"self":[{"href":"https:\/\/blog.polityka.pl\/passent\/wp-json\/wp\/v2\/posts\/119"}],"collection":[{"href":"https:\/\/blog.polityka.pl\/passent\/wp-json\/wp\/v2\/posts"}],"about":[{"href":"https:\/\/blog.polityka.pl\/passent\/wp-json\/wp\/v2\/types\/post"}],"author":[{"embeddable":true,"href":"https:\/\/blog.polityka.pl\/passent\/wp-json\/wp\/v2\/users\/4"}],"replies":[{"embeddable":true,"href":"https:\/\/blog.polityka.pl\/passent\/wp-json\/wp\/v2\/comments?post=119"}],"version-history":[{"count":0,"href":"https:\/\/blog.polityka.pl\/passent\/wp-json\/wp\/v2\/posts\/119\/revisions"}],"wp:attachment":[{"href":"https:\/\/blog.polityka.pl\/passent\/wp-json\/wp\/v2\/media?parent=119"}],"wp:term":[{"taxonomy":"category","embeddable":true,"href":"https:\/\/blog.polityka.pl\/passent\/wp-json\/wp\/v2\/categories?post=119"},{"taxonomy":"post_tag","embeddable":true,"href":"https:\/\/blog.polityka.pl\/passent\/wp-json\/wp\/v2\/tags?post=119"}],"curies":[{"name":"wp","href":"https:\/\/api.w.org\/{rel}","templated":true}]}}