
{"id":1198,"date":"2011-11-27T18:26:12","date_gmt":"2011-11-27T16:26:12","guid":{"rendered":"http:\/\/passent.blog.polityka.pl\/?p=1198"},"modified":"2011-12-09T13:51:12","modified_gmt":"2011-12-09T11:51:12","slug":"starosci-ty-nad-poziomy","status":"publish","type":"post","link":"https:\/\/blog.polityka.pl\/passent\/2011\/11\/27\/starosci-ty-nad-poziomy\/","title":{"rendered":"Staro\u015bci, ty nad poziomy!"},"content":{"rendered":"<p>Podczas kiedy m\u0142odzi podpalaj\u0105 kominiarki i bohatersko podpalaj\u0105 wozy transmisyjne, ludzie starsi podsumowuj\u0105 sw\u00f3j dorobek. Pierwszy, to Wojciech Fangor (89), nestor polskich malarzy i grafik\u00f3w, kt\u00f3rego plakaty pokaza\u0142a w tych dniach galeria TEST w Warszawie, na Placu Konstytucji.\u00a0\u00a0 Wystawa przepi\u0119kna, a starszych widz\u00f3w chwytaj\u0105ca chyba za gard\u0142o. <!--more--><\/p>\n<p>Krytyk Mariusz Knorowski, w katalogu wystawy nazywa plakat do filmu \u201eMury Malapagi\u201d \u201emanifestem\u201d, czy nawet \u201eaktem za\u0142o\u017cycielskim\u201d polskiej szko\u0142y plakatu. Nie zapominajmy, \u017ce dzie\u0142o to powsta\u0142o w \u015brodku stalinizmu. Obecny na wystawie Wojciech Fangor opowiedzia\u0142 mi (po wernisa\u017cu, ju\u017c przy pierogach\u2026) , \u017ce plakat ten zam\u00f3wi\u0142a u niego moja ciotka, Anna Prawinowa, kt\u00f3ra w\u00f3wczas pracowa\u0142a w Centrali Wynajmu Film\u00f3w. Fangor, Henryk Tomaszewski, Waldemar \u015awierzy, Julian Pa\u0142ka, Franciszek Starowieyski, Stanis\u0142aw Zamecznik \u2013 to ludzie, kt\u00f3rych dzi\u0119ki Prawinowej pozna\u0142em w m\u0142odo\u015bci. Z Fangorem utrzymuj\u0119 nadal kontakt, kt\u00f3ry jest dla mnie zaszczytem. Wojtku, oby\u015b nam \u017cy\u0142 i tworzy\u0142 jeszcze d\u0142ugie lata! Fangor jest zaanga\u017cowany w projekt dekoracji II linii metra \u2013 i oby ten projekt sta\u0142 si\u0119 faktem! Na wystawie ogl\u0105damy s\u0142ynne plakaty Fangora, polityczne, spo\u0142eczne, i \u2013 oczywi\u015bcie \u2013 filmowe, m.in. \u201eStrze\u017c si\u0119 tajemnicy pa\u0144stwowej\u201d (z autoportretem Autora), plakat z okazji Dnia Kobiet 8 marca 1953 roku, plakaty filmowe \u201eNa dnie\u201d, \u201eTaks\u00f3wka nr 3886\u201d z Michelem Simonem w roli g\u0142\u00f3wnej, V \u015awiatowy Festiwal M\u0142odzie\u017cy i Student\u00f3w (1955), \u201eZbrodnia i kara\u201d \u2013 film francuski z Marin\u0105 Vlady i Jean Gabin, \u201ePicasso\u201d, \u201eOstatnia walka Apacza\u201d, \u201ePopi\u00f3\u0142 i Diament\u201d, \u201eRashomon\u201d \u2013 w sumie przepi\u0119kna wystawa. To jeden z tych artyst\u00f3w najstarszego pokolenia, kt\u00f3ry przetrwa\u0142 \u201esystemy\u201d, by\u0142 wielki i jest wielki. Na wernisa\u017cu by\u0142 t\u0142um wielbicieli Mistrza, ka\u017cdy chcia\u0142 mu z\u0142o\u017cy\u0107 ho\u0142d. Wojciechowi Fangorowi gratuluj\u0119, a wszystkich zach\u0119cam i ostrzegam, \u017ce wystawa wisi tylko do 12 grudnia!!!<\/p>\n<p>Gratuluj\u0119 tak\u017ce Januszowi G\u0142owackiemu \u2013 to tak\u017ce ju\u017c nie m\u0142odzieniec, (jeste\u015bmy r\u00f3wie\u015bnikami), ale \u201eG\u0142owa\u201d jest najm\u0142odszy z najstarszych. Ten wieczny ch\u0142opiec\u00a0 otrzyma\u0142 nagrod\u0119 im. Czes\u0142awa Mi\u0142osza, ustanowion\u0105 pi\u0119\u0107 lat temu przez Ambasad\u0119 Ameryka\u0144sk\u0105\u00a0\u00a0 w Warszawie za wk\u0142ad w porozumienie i zrozumienie obu naszych narod\u00f3w. Z tej okazji ambasador Lee Einstein zaprosi\u0142 \u201etout le monde\u201d na uroczysto\u015b\u0107 wr\u0119czenia i przyj\u0119cie, kt\u00f3re przypomnia\u0142o dawne lata, kiedy to ambasador John Davis i jego ma\u0142\u017conka Helen znali wszystkich. Janusza G\u0142owackiego zna ca\u0142a Polska,\u00a0 a na przyj\u0119ciu by\u0142a po\u0142owa.\u00a0 Dzi\u0119kuj\u0105c za nagrod\u0119, Laureat powiedzia\u0142, \u017ce g\u0142\u0119boko gardzi wszystkimi nagrodami, kt\u00f3rych nie otrzyma\u0142, i wysoko ceni wszystkie, kt\u00f3re dosta\u0142. Spo\u015br\u00f3d wszystkiego, co G\u0142owacki napisa\u0142, najbardziej lubi\u0119 i podziwiam ksi\u0105\u017ck\u0119 \u201eZ G\u0142owy\u201d. Janusz \u2013 brawo!<\/p>\n<p>Poniewa\u017c jednak nie pisz\u0119 ju\u017c felieton\u00f3w Bywalca, jeszcze kilka s\u0142\u00f3w o sprawach politycznych. Postulat przywr\u00f3cenia kary \u015bmierci przez Jaros\u0142awa Kaczy\u0144skiego, uwa\u017cam za zwyk\u0142a demagogi\u0119. Prezes wie, \u017ce pocz\u0105wszy od Rady Europy (kt\u00f3rej jeste\u015b cz\u0142onkiem), wszystkie instytucje i pa\u0144stwa unijne porzuci\u0142y kar\u0119 \u015bmierci. Kaczy\u0144ski mimo to chce j\u0105 o\u017cywi\u0107, \u017ceby wypa\u015b\u0107 bardziej surowo od szeryfa Ziobry i rzuci\u0107 jaki\u015b och\u0142ap tym wyborcom, kt\u00f3rzy s\u0105 z\u0142aknieni krwi.<\/p>\n<p>PZPN \u2013 to ju\u017c szkoda s\u0142\u00f3w. Je\u017celi po EURO 2012 po\u0142\u0105czone si\u0142y prokuratury i odnowy nie rozp\u0119dz\u0105 tego towarzystwa, to przysz\u0142o\u015b\u0107 polskiej pi\u0142ki przegramy do zera. Prezes Lato powinien zosta\u0107 posadzony na \u0142awce rezerwowych. Jego poprzednik, kt\u00f3ry odchodzi\u0142 w nies\u0142awie, p. Listkiewicz, wygl\u0105da dzi\u015b na d\u017centelmena i Europejczyka. Wysoki S\u0105dzie \u2013 czas na kuratora. Pani minister Mucha b\u0119dzie mia\u0142a pod wiatr, zobaczymy, jak d\u0142ugo utrzyma si\u0119 przy pi\u0142ce.<br \/>\nPomys\u0142 Bronis\u0142awa Komorowskiego, \u017ceby w przysz\u0142ym roku wsp\u00f3lnie p\u00f3j\u015b\u0107 w cywilizowanym, patriotycznym pochodzie jedno\u015bci, gor\u0105co popieram, ale \u2013 jak pisa\u0142 Wiech \u2013 my\u015bl\u0119, \u017ce w\u0105tpi\u0119. Kibolopatrioci z pod znaku ONR, M\u0142odzie\u017cy Wszechpolskiej etc. na to nie pozwol\u0105. Im potrzebny jest konflikt, kt\u00f3ry doprowadzi do rz\u0105d\u00f3w silnej, oczywi\u015bcie prawej, r\u0119ki. Nie b\u0119d\u0105 szli pod r\u0119k\u0119 z przypadkowym prezydentem. Ufam, \u017ce Krytyka Polityczna si\u0119 otrz\u0105\u015bnie z nieproszonych (?) go\u015bci, a tak\u017ce pow\u015bci\u0105gnie Antif\u0119, bo dorobek Krytyki jest zbyt wielki, \u017ceby zosta\u0142 rozszarpany na ulicy, ale w pow\u015bci\u0105gliwo\u015b\u0107 kibolopatriot\u00f3w nie wierz\u0119. Oni nie maj\u0105 do stracenia tego dorobku, jaki ma Krytyka Polityczna. Dlatego chc\u0105 j\u0105 wzi\u0105\u0107 za gard\u0142o, odcinaj\u0105c do subwencji.<\/p>\n","protected":false},"excerpt":{"rendered":"<p>Podczas kiedy m\u0142odzi podpalaj\u0105 kominiarki i bohatersko podpalaj\u0105 wozy transmisyjne, ludzie starsi podsumowuj\u0105 sw\u00f3j dorobek. Pierwszy, to Wojciech Fangor (89), nestor polskich malarzy i grafik\u00f3w, kt\u00f3rego plakaty pokaza\u0142a w tych dniach galeria TEST w Warszawie, na Placu Konstytucji.\u00a0\u00a0 Wystawa przepi\u0119kna, a starszych widz\u00f3w chwytaj\u0105ca chyba za gard\u0142o.<\/p>\n","protected":false},"author":4,"featured_media":0,"comment_status":"open","ping_status":"open","sticky":false,"template":"","format":"standard","meta":{"footnotes":""},"categories":[1],"tags":[],"_links":{"self":[{"href":"https:\/\/blog.polityka.pl\/passent\/wp-json\/wp\/v2\/posts\/1198"}],"collection":[{"href":"https:\/\/blog.polityka.pl\/passent\/wp-json\/wp\/v2\/posts"}],"about":[{"href":"https:\/\/blog.polityka.pl\/passent\/wp-json\/wp\/v2\/types\/post"}],"author":[{"embeddable":true,"href":"https:\/\/blog.polityka.pl\/passent\/wp-json\/wp\/v2\/users\/4"}],"replies":[{"embeddable":true,"href":"https:\/\/blog.polityka.pl\/passent\/wp-json\/wp\/v2\/comments?post=1198"}],"version-history":[{"count":3,"href":"https:\/\/blog.polityka.pl\/passent\/wp-json\/wp\/v2\/posts\/1198\/revisions"}],"predecessor-version":[{"id":1215,"href":"https:\/\/blog.polityka.pl\/passent\/wp-json\/wp\/v2\/posts\/1198\/revisions\/1215"}],"wp:attachment":[{"href":"https:\/\/blog.polityka.pl\/passent\/wp-json\/wp\/v2\/media?parent=1198"}],"wp:term":[{"taxonomy":"category","embeddable":true,"href":"https:\/\/blog.polityka.pl\/passent\/wp-json\/wp\/v2\/categories?post=1198"},{"taxonomy":"post_tag","embeddable":true,"href":"https:\/\/blog.polityka.pl\/passent\/wp-json\/wp\/v2\/tags?post=1198"}],"curies":[{"name":"wp","href":"https:\/\/api.w.org\/{rel}","templated":true}]}}