
{"id":1202,"date":"2011-11-29T23:34:22","date_gmt":"2011-11-29T21:34:22","guid":{"rendered":"http:\/\/passent.blog.polityka.pl\/?p=1202"},"modified":"2011-12-09T13:50:41","modified_gmt":"2011-12-09T11:50:41","slug":"sikorski-za-a-nawet-przeciw","status":"publish","type":"post","link":"https:\/\/blog.polityka.pl\/passent\/2011\/11\/29\/sikorski-za-a-nawet-przeciw\/","title":{"rendered":"Sikorski: Za, a nawet przeciw"},"content":{"rendered":"<p>\u017beby by\u0142 jasno\u015b\u0107: jestem \u201eza\u201d przem\u00f3wieniem ministra Sikorskiego w Berlinie, i jestem przeciw jego stanowisku w sprawie kary \u015bmierci.<\/p>\n<p>Przem\u00f3wienie w Berlinie by\u0142o donios\u0142e. Miejsce i audytorium wybrane s\u0142usznie \u2013 to by\u0142o przem\u00f3wienie o Europie, w kt\u00f3rej Niemcy s\u0105 najsilniejsze i ponosz\u0105 najwi\u0119ksz\u0105 odpowiedzialno\u015b\u0107, tam wyst\u0105pienie polskiego ministra mog\u0142o liczy\u0107 na najszersze echo. By\u0142o to pierwsze, programowe, wyst\u0105pienie polskiego ministra spraw zagranicznych po wyborach. By\u0142a to tak\u017ce jasna, zdecydowana odpowied\u017a Polski na wyzwanie wobec jakiego stoi Europa, wypowied\u017a przemy\u015blana, koherentna, wa\u017cny wk\u0142ad do trwaj\u0105cej debaty \u201equo vadis Unio\u201d. Mo\u017cna si\u0119 spiera\u0107 o szczeg\u00f3\u0142y (to s\u0105 podobno tezy do dyskusji), cho\u0107 czasu pozosta\u0142o ma\u0142o, ale wida\u0107, \u017ce Polska my\u015bli, ma swoj\u0105 polityk\u0119 zagraniczn\u0105 i jej wyb\u00f3r jest jasny: wobec katastrofalnego zagro\u017cenia strefy euro, a co za tym idzie \u2013 Unii Europejskiej \u2013 Polska jest za ucieczka do przodu, wi\u0119cej, a nie mniej integracji.<!--more--><\/p>\n<p>Z przem\u00f3wienia Sikorskiego wynika jasno, \u017ce Unia przesta\u0142a by\u0107 sterowna, liczenie na rozs\u0105dek wszystkich 27 pa\u0144stw jest nierealne, nie mo\u017ce istnie\u0107 wsp\u00f3lna waluta przy braku wsp\u00f3lnej polityki finansowej, wsp\u00f3lne granice, przy braku wsp\u00f3lnej polityki imigracyjnej, wsp\u00f3lne zaciskanie pasa, podczas kiedy niekt\u00f3rzy go raczej popuszczaj\u0105 ni\u017c zaciskaj\u0105, Nike mo\u017ce by\u0107 korzy\u015bci ze wsp\u00f3lnoty bez scedowania na ni\u0105 cz\u0119\u015bci decyzji.<\/p>\n<p>Jaki Polska ma wyb\u00f3r? Albo z Uni\u0105, albo w samotno\u015bci pomi\u0119dzy Rosj\u0105 a Niemcami, w Europie nacjonalizm\u00f3w i konflikt\u00f3w, licz\u0105c na to, \u017ce Ameryka nas nie opu\u015bci. Kierunek Sikorskiego rozumiem tak: cos za co\u015b, federacja ekonomiczna, przy zachowaniu autonomii w dziedzinie to\u017csamo\u015bci i stanowienia podatk\u00f3w, \u015bci\u015blejsza kontrola Unii nad krajami, kt\u00f3re nie spe\u0142niaj\u0105 wymaga\u0144 bud\u017cetowych, a chc\u0105 korzysta\u0107 ze wsparcia.<\/p>\n<p>Oskar\u017canie z tego powodu Sikorskiego o zdrad\u0119 stanu, z\u0142amanie Konstytucji, wniosek o Trybuna\u0142 Stanu, z\u0142amanie przysi\u0119gi, budow\u0119 IV Rzeszy i inne grzechy g\u0142\u00f3wne, wydaje si\u0119 nieporozumieniem, a w\u0142a\u015bciwie populistycznym graniem na dumie narodowej i patriotyzmie rodak\u00f3w. Ja bym raczej liczy\u0142 na powa\u017cn\u0105 debat\u0119 w Sejmie (chocia\u017c pod gro\u017ab\u0105 trybuna\u0142u Stanu trudno dyskutowa\u0107) i w mediach \u2013 co, ile mamy oferowa\u0107, na ile gotowi jeste\u015bmy scedowa\u0107 nasze uprawnienia na wsp\u00f3lnot\u0119,\u00a0 i czego, ile bezpiecze\u0144stwa\u00a0 oczekujemy w zamian. Europa jest troch\u0119 jak ubezpieczenie na \u017cycie \u2013 jakiej oczekujemy polisy i ile chcemy za ni\u0105 zap\u0142aci\u0107?<\/p>\n<p>Natomiast\u00a0 wypowied\u017a Rados\u0142awa Sikorskiego\u00a0\u00a0 \u201eza\u201d kar\u0105 \u015bmierci mi si\u0119 nie podoba. Pisa\u0142em kilkakrotnie, \u017ce jestem \u201eprzeciw\u201d i nie b\u0119d\u0119 powtarza\u0142 powszechnie znanych argument\u00f3w zwolennik\u00f3w i przeciwnik\u00f3w. Pozwol\u0119 sobie jednak zwr\u00f3ci\u0107 uwag\u0119, \u017ce taki przekonany Europejczyk jak Rados\u0142aw Sikorski, chce integrowa\u0107 si\u0119 z Europ\u0105, kt\u00f3ra ju\u017c dawno wyrzek\u0142a si\u0119 kary \u015bmierci, a w Radzie Europy, kt\u00f3rej jeste\u015bmy cz\u0142onkiem, obowi\u0105zuje jej zakaz. Co\u015b mi tu nie gra. Nie mog\u0119 zrozumie\u0107, jak taki inteligentny i bywa\u0142y cz\u0142owiek jak Sikorski mo\u017ce akceptowa\u0107 kar\u0119 \u015bmierci. Mam tylko jedno,\u00a0 nie\u0142adne podejrzenie: wi\u0119kszo\u015b\u0107 wyborc\u00f3w popiera \u201eKS\u201d, a elektorat \u2013 rzecz \u015bwi\u0119ta.<\/p>\n","protected":false},"excerpt":{"rendered":"<p>\u017beby by\u0142 jasno\u015b\u0107: jestem \u201eza\u201d przem\u00f3wieniem ministra Sikorskiego w Berlinie, i jestem przeciw jego stanowisku w sprawie kary \u015bmierci. Przem\u00f3wienie w Berlinie by\u0142o donios\u0142e. Miejsce i audytorium wybrane s\u0142usznie \u2013 to by\u0142o przem\u00f3wienie o Europie, w kt\u00f3rej Niemcy s\u0105 najsilniejsze i ponosz\u0105 najwi\u0119ksz\u0105 odpowiedzialno\u015b\u0107, tam wyst\u0105pienie polskiego ministra mog\u0142o liczy\u0107 na najszersze echo. By\u0142o to [&hellip;]<\/p>\n","protected":false},"author":4,"featured_media":0,"comment_status":"open","ping_status":"open","sticky":false,"template":"","format":"standard","meta":{"footnotes":""},"categories":[1],"tags":[],"_links":{"self":[{"href":"https:\/\/blog.polityka.pl\/passent\/wp-json\/wp\/v2\/posts\/1202"}],"collection":[{"href":"https:\/\/blog.polityka.pl\/passent\/wp-json\/wp\/v2\/posts"}],"about":[{"href":"https:\/\/blog.polityka.pl\/passent\/wp-json\/wp\/v2\/types\/post"}],"author":[{"embeddable":true,"href":"https:\/\/blog.polityka.pl\/passent\/wp-json\/wp\/v2\/users\/4"}],"replies":[{"embeddable":true,"href":"https:\/\/blog.polityka.pl\/passent\/wp-json\/wp\/v2\/comments?post=1202"}],"version-history":[{"count":3,"href":"https:\/\/blog.polityka.pl\/passent\/wp-json\/wp\/v2\/posts\/1202\/revisions"}],"predecessor-version":[{"id":1214,"href":"https:\/\/blog.polityka.pl\/passent\/wp-json\/wp\/v2\/posts\/1202\/revisions\/1214"}],"wp:attachment":[{"href":"https:\/\/blog.polityka.pl\/passent\/wp-json\/wp\/v2\/media?parent=1202"}],"wp:term":[{"taxonomy":"category","embeddable":true,"href":"https:\/\/blog.polityka.pl\/passent\/wp-json\/wp\/v2\/categories?post=1202"},{"taxonomy":"post_tag","embeddable":true,"href":"https:\/\/blog.polityka.pl\/passent\/wp-json\/wp\/v2\/tags?post=1202"}],"curies":[{"name":"wp","href":"https:\/\/api.w.org\/{rel}","templated":true}]}}