
{"id":1205,"date":"2011-12-04T18:12:50","date_gmt":"2011-12-04T16:12:50","guid":{"rendered":"http:\/\/passent.blog.polityka.pl\/?p=1205"},"modified":"2011-12-09T13:50:22","modified_gmt":"2011-12-09T11:50:22","slug":"pozar-w-europie","status":"publish","type":"post","link":"https:\/\/blog.polityka.pl\/passent\/2011\/12\/04\/pozar-w-europie\/","title":{"rendered":"Po\u017car w Europie"},"content":{"rendered":"<p>W 1976 roku Mieczys\u0142aw Rakowski by\u0142 z kolejn\u0105 wizyt\u0105 w RFN, gdzie zjad\u0142 kolacj\u0119 z by\u0142ym kanclerzem Willy Brandtem. Po spotkaniu Rakowski by\u0142 zaniepokojony, \u017ce Zachodnia Europa si\u0119 jednoczy, a Polska pozostanie poza Europ\u0105, wtedy Moskwa umocni swoje panowanie w regionie. Dzisiaj, 35 lat p\u00f3\u017aniej, sytuacja jest podobna , Polska \u2013 i s\u0142usznie &#8211; kurczowo\u00a0 trzyma si\u0119 Europy, cho\u0107 s\u0105 innej natury. Je\u017celi dobrze us\u0142ysza\u0142em przez radio, to ekonomista, dr Grabowski por\u00f3wna\u0142 sytuacj\u0119 w Europie do po\u017caru w budynku. Parter ju\u017c si\u0119 pali, a kraje, kt\u00f3re s\u0105 wy\u017cej, maj\u0105 do wyboru \u2013 albo skaka\u0107 (w nieznane), albo ucieka\u0107 na wy\u017csze pi\u0119tra, gdzie ogie\u0144 i tak je dosi\u0119gnie.<!--more--><\/p>\n<p>Dobrego wyboru nie ma \u2013\u00a0 skaczemy, bo w przeciwnym razie\u00a0 &#8211; zginiemy. Skok\u00a0 nie jest przyjemny, oznacza dalsze ograniczenie tradycyjnie rozumianej suwerenno\u015bci, p\u0142acenie za cudze b\u0142\u0119dy (zar\u00f3wno tw\u00f3rc\u00f3w euro, jak i tych, kt\u00f3rzy systematycznie oszukiwali Europ\u0119). Ale trzeba pami\u0119ta\u0107, \u017ce Europa wykupi\u0142a Polsk\u0119 z cywilizacyjnego zaniedbania i skutk\u00f3w absurdalnej gospodarki. Dzisiaj Polska musi z jednej strony okaza\u0107 wielkoduszno\u015b\u0107 wobec tych pa\u0144stw cz\u0142onkowskich, kt\u00f3re w du\u017cym stopniu podwa\u017cy\u0142y zaufanie do projektu europejskiego, jak i liczy\u0107 na zaufanie ze strony Francji, Niemiec, tych, kt\u00f3rzy b\u0119d\u0105 wsp\u00f3\u0142decydowa\u0107 o miejscu takich pa\u0144stw jak Polska \u2013 czy b\u0119dziemy si\u0119 w Unii liczy\u0107, czy te\u017c b\u0119dziemy czerwon\u0105 latarni\u0105 unijnego poci\u0105gu. Jeden z dzia\u0142aczy PiS straszy\u0142 dzisiaj, \u017ce niezale\u017cno\u015b\u0107 Polski w zjednoczonej Europie mo\u017ce przypomina\u0107 niezale\u017cno\u015b\u0107 stanu Indiana w USA, lub Bawarii w RFN. Mnie to nie przera\u017ca. Zw\u0142aszcza podoba mi si\u0119 Bawaria. Polska \u2013 Bawari\u0105 Europy? A co w tym strasznego?<\/p>\n<p>Wyst\u0105pienie min. Sikorskiego rozumiem jako dramatyczny apel \u201eRatujcie siebie i nas!\u201d. Intuicja mi podpowiada, \u017ce szczyt Unii 8\/9 grudnia, na koniec polskiej prezydencji, podejmie decyzje w s\u0142usznym kierunku, tj. pog\u0142\u0119biaj\u0105c integracj\u0119, powi\u0119kszaj\u0105c kompetencje\u00a0 czynnik\u00f3w unijnych, stawiaj\u0105c kolejny krok w kierunku federacyjnym, ale wszystko to mo\u017ce by\u0107 za ma\u0142o.<\/p>\n<p>Na razie prawicowa cz\u0119\u015b\u0107 opozycji nie zaproponowa\u0142a innej, swojej polityki wobec Unii, zamiast tego odmienia na wszelkie sposoby s\u0142owa \u201esuwerenno\u015b\u0107, patriotyzm, zdrada, Trybuna\u0142 Stanu\u201d etc. S\u0142usznie kto\u015b przypomnia\u0142 na naszym blogu s\u0142owa Leszka Millera: Kaczy\u0144ski uparcie znosi chrust do ogniska, kt\u00f3rym chce podpali\u0107 polsk\u0105 racj\u0119 stanu.<\/p>\n<p>Zamiast programu b\u0119dzie Marsz Niepodleg\u0142o\u015bci 13 grudnia. Oczywi\u015bcie, ka\u017cdy ma prawo demonstrowa\u0107, ale inicjatywa PiS ma cele inne ni\u017c Niepodleg\u0142o\u015b\u0107:\u00a0 przede wszystkim przykry\u0107 bezradno\u015b\u0107 w sprawach europejskich, pokaza\u0107 dysydentom ze Sprawiedliwej Polski jakie t\u0142umy p\u00f3jd\u0105 za parti\u0105 Kaczy\u0144skiego, zakrzycze\u0107 kolejny roz\u0142am w PiS, demonstrowa\u0107 przeciwko Jaruzelskiemu, Kiszczakowi, Tuskowi, Sikorskiemu oraz innym zdrajcom. Jest to zabieg, delikatnie m\u00f3wi\u0105c, obrzydliwy, przy pomocy kt\u00f3rego dyskredytuje si\u0119 zar\u00f3wno autor\u00f3w stanu wojennego, jak i jego przeciwnik\u00f3w. To jest post\u0119powanie niegodne. Chocia\u017c zainteresowani si\u0119 nie obra\u017c\u0105 \u2013 Jaruzelski jest przekonany, \u017ce ratowa\u0142 Polsk\u0119 przed inwazj\u0105 z Moskwy, a Tusk, \u017ce\u00a0 stara si\u0119 ocali\u0107 Polsk\u0119 w Europie.\u00a0 A co stara si\u0119 wynie\u015b\u0107 z po\u017caru Jaros\u0142aw Kaczy\u0144ski? &#8211; Siebie.<\/p>\n","protected":false},"excerpt":{"rendered":"<p>W 1976 roku Mieczys\u0142aw Rakowski by\u0142 z kolejn\u0105 wizyt\u0105 w RFN, gdzie zjad\u0142 kolacj\u0119 z by\u0142ym kanclerzem Willy Brandtem. Po spotkaniu Rakowski by\u0142 zaniepokojony, \u017ce Zachodnia Europa si\u0119 jednoczy, a Polska pozostanie poza Europ\u0105, wtedy Moskwa umocni swoje panowanie w regionie. Dzisiaj, 35 lat p\u00f3\u017aniej, sytuacja jest podobna , Polska \u2013 i s\u0142usznie &#8211; kurczowo\u00a0 [&hellip;]<\/p>\n","protected":false},"author":4,"featured_media":0,"comment_status":"open","ping_status":"open","sticky":false,"template":"","format":"standard","meta":{"footnotes":""},"categories":[1],"tags":[],"_links":{"self":[{"href":"https:\/\/blog.polityka.pl\/passent\/wp-json\/wp\/v2\/posts\/1205"}],"collection":[{"href":"https:\/\/blog.polityka.pl\/passent\/wp-json\/wp\/v2\/posts"}],"about":[{"href":"https:\/\/blog.polityka.pl\/passent\/wp-json\/wp\/v2\/types\/post"}],"author":[{"embeddable":true,"href":"https:\/\/blog.polityka.pl\/passent\/wp-json\/wp\/v2\/users\/4"}],"replies":[{"embeddable":true,"href":"https:\/\/blog.polityka.pl\/passent\/wp-json\/wp\/v2\/comments?post=1205"}],"version-history":[{"count":3,"href":"https:\/\/blog.polityka.pl\/passent\/wp-json\/wp\/v2\/posts\/1205\/revisions"}],"predecessor-version":[{"id":1213,"href":"https:\/\/blog.polityka.pl\/passent\/wp-json\/wp\/v2\/posts\/1205\/revisions\/1213"}],"wp:attachment":[{"href":"https:\/\/blog.polityka.pl\/passent\/wp-json\/wp\/v2\/media?parent=1205"}],"wp:term":[{"taxonomy":"category","embeddable":true,"href":"https:\/\/blog.polityka.pl\/passent\/wp-json\/wp\/v2\/categories?post=1205"},{"taxonomy":"post_tag","embeddable":true,"href":"https:\/\/blog.polityka.pl\/passent\/wp-json\/wp\/v2\/tags?post=1205"}],"curies":[{"name":"wp","href":"https:\/\/api.w.org\/{rel}","templated":true}]}}