
{"id":1223,"date":"2011-12-11T23:41:51","date_gmt":"2011-12-11T22:41:51","guid":{"rendered":"http:\/\/passent.blog.polityka.pl\/?p=1223"},"modified":"2011-12-11T23:41:51","modified_gmt":"2011-12-11T22:41:51","slug":"ta-ostatnia-niedziela%e2%80%a6-2","status":"publish","type":"post","link":"https:\/\/blog.polityka.pl\/passent\/2011\/12\/11\/ta-ostatnia-niedziela%e2%80%a6-2\/","title":{"rendered":"Ta ostatnia niedziela\u2026"},"content":{"rendered":"<p>Dzisiejsza niedziela, jak prawie ka\u017cda, zacz\u0119\u0142a si\u0119 dla mnie od wys\u0142uchania programu Moniki Olejnik, \u201eSi\u00f3dmy dzie\u0144 tygodnia\u201d, w Radiu Zet. Wszystko mi si\u0119 podoba\u0142o, z wyj\u0105tkiem wypowiedzi  Tomasza Na\u0142\u0119cza, \u017ce \u201egenera\u0142 jest umieraj\u0105cy i wkr\u00f3tce stanie przed innym s\u0105dem\u201d. Nie rozumiem, jak mo\u017cna m\u00f3wi\u0107 publicznie, przez radio, \u017ce inny cz\u0142owiek jest umieraj\u0105cy?!<\/p>\n<p><!--more--><\/p>\n<p>\u017beby w ten spos\u00f3b wyra\u017ca\u0142 si\u0119 profesor, doradca prezydenta RP? To\u017c to jest wypowied\u017a na poziomie najgorszych tabloid\u00f3w: \u201eDoradca prezydenta: Genera\u0142 jest umieraj\u0105cy\u201d. Obrzydliwe! A je\u017celi tych s\u0142\u00f3w s\u0142ucha\u0142 sam genera\u0142, lub jego rodzina? Je\u017celi maniery prof. Na\u0142\u0119cza si\u0119 rozpowszechni\u0105, to kiedy wybije nasza godzina, ka\u017cdy z nas (tak\u017ce prof. Na\u0142\u0119cz) b\u0119dzie m\u00f3g\u0142 dowiedzie\u0107 si\u0119, \u017ce wyrok \u015bmierci jest ju\u017c na niego wydany (to niby ka\u017cdy wie) i b\u0119dzie wkr\u00f3tce wykonany. Nie\u0142adnie, Panie Profesorze!<\/p>\n<p>P\u00f3\u017aniej mia\u0142em jednak dobry dzie\u0144. Przeczyta\u0142em o przygotowaniach do \u201emarszu niepodleg\u0142o\u015bci\u201d PiS i pomy\u015bla\u0142em, \u017ce nasz kraj jest jednak szcz\u0119\u015bliwy. Wol\u0119 marsz PiS od marszu setek tysi\u0119cy oburzonych, zubo\u017ca\u0142ych, bezrobotnych i zdesperowanych. Widocznie w Polsce nie jest jeszcze tak \u017ale, skoro ulice nale\u017c\u0105 do patriot\u00f3w (?), a  nie do os\u00f3b \u0142akn\u0105cych chleba i wolno\u015bci, demokracji, jak w Rosji, czy pracy, jak w Hiszpanii. Je\u015bli z tego punktu widzenia spojrze\u0107 na marsz przeciwko Tuskowi i Sikorskiemu, to nie warto si\u0119 nim przejmowa\u0107. Wyb\u00f3r daty 13 grudnia \u015bwiadczy jak najgorzej o organizatorach.<\/p>\n<p>W dobry nastr\u00f3j wprowadzi\u0142a mnie r\u00f3wnie\u017c uroczysto\u015b\u0107 rozdania Nagr\u00f3d Kisiela, przyznawanych przez tygodnik \u201eWprost\u201d. Najpierw akademia ku czci Stefana Kisielewskiego w stulecie jego urodzin, a potem nagrody. Laureatki znakomite: El\u017cbieta  Bie\u0144kowska (polityka), Krystyna Janda (przedsi\u0119biorczo\u015b\u0107) i Janina Paradowska (publicystyka). Jak kto\u015b s\u0142usznie zauwa\u017cy\u0142 &#8211; nie ma drugiej kobiety w Polsce, kt\u00f3ra by wydawa\u0142a wi\u0119cej (i lepiej) pieni\u0119dzy ni\u017c min. Bie\u0144kowska. Krystyna Janda wspaniale prowadzi dwie kariery: wielkiej aktorki i w\u0142a\u015bcicielki teatru \u201ePolonia\u201d, a nawet dw\u00f3ch (\u201eOch \u2013 teatr\u201d). W \u201ePolonii\u201d by\u0142em na przedstawieniu trzech jednoakt\u00f3wek Czechowa z udzia\u0142em Jandy, Jerzego Stuhra oraz Ignacego Gogolewskiego, tak \u015bmiesznym, \u017ce nie mog\u0142em wytrzyma\u0107 ze \u015bmiechu i s\u0105dzi\u0142em, \u017ce nie dotrwam do ko\u0144ca. A \u201eBia\u0142a bluzka\u201d w \u201eOch-teatrze\u201d \u2013 triumf autorki i aktorki. Wreszcie Janina Paradowska (publicystyka) \u2013 nagroda jak najbardziej zas\u0142u\u017cona. Z Paradowsk\u0105  mo\u017cna si\u0119 zgadza\u0107, lub nie, ale wszyscy j\u0105 czytaj\u0105, a ju\u017c politycy nie mog\u0105 bez niej \u017cy\u0107. Tylko pozazdro\u015bci\u0107. Brawo, Pani Krystyno! Brawo Pani Janino! Brawo Pani Minister! (Minister Bie\u0144kowskiej nie mam przyjemno\u015bci zna\u0107, wi\u0119c nie pisz\u0119 po imieniu).<\/p>\n<p>W drodze powrotnej odda\u0142em si\u0119 lekturze artyku\u0142u Rafa\u0142a Kalukina \u201ePOLITYKA przeciw polityce\u201d w tygodniku \u201eWprost\u201d. Rzecz dotyczy historii z przed lat trzydziestu \u2013 roz\u0142am w \u00f3wczesnej \u201ePolityce\u201d po wprowadzeniu stanu wojennego. Kto odszed\u0142 \u2013 kto pozosta\u0142 i dlaczego.  Kalukin to dobry, rzetelny dziennikarz \u2013 odtworzy\u0142 histori\u0119 starannie, bezstronnie, rzeczowo. Ja  w og\u00f3le lubi\u0119 ten gatunek dziennikarstwa \u2013 reporta\u017c z historii najnowszej. Narodzi\u0142 si\u0119 chyba w Stanach, gdzie Carl Bernstein i Bob Woodward opisali afer\u0119 Watergate, a przedtem Dawid Halberstam opisa\u0142  kulisy rz\u0105du Kennedy\u2019ego (\u201eThe Best and the Brightest\u201d). I potem ju\u017c posz\u0142o\u2026 Dobrze, \u017ce kto\u015b jeszcze w Polsce podtrzymuje ten gatunek, bo reporta\u017c \u015bledczy ju\u017c chyba skona\u0142.<\/p>\n<p>Na tym ju\u017c chyba koniec niedzieli &#8211; oby do wtorku, kiedy w \u015bwietle pochodni zobaczymy kreta w marszu.<\/p>\n","protected":false},"excerpt":{"rendered":"<p>Dzisiejsza niedziela, jak prawie ka\u017cda, zacz\u0119\u0142a si\u0119 dla mnie od wys\u0142uchania programu Moniki Olejnik, \u201eSi\u00f3dmy dzie\u0144 tygodnia\u201d, w Radiu Zet. Wszystko mi si\u0119 podoba\u0142o, z wyj\u0105tkiem wypowiedzi Tomasza Na\u0142\u0119cza, \u017ce \u201egenera\u0142 jest umieraj\u0105cy i wkr\u00f3tce stanie przed innym s\u0105dem\u201d. Nie rozumiem, jak mo\u017cna m\u00f3wi\u0107 publicznie, przez radio, \u017ce inny cz\u0142owiek jest umieraj\u0105cy?!<\/p>\n","protected":false},"author":4,"featured_media":0,"comment_status":"open","ping_status":"open","sticky":false,"template":"","format":"standard","meta":{"footnotes":""},"categories":[1],"tags":[],"_links":{"self":[{"href":"https:\/\/blog.polityka.pl\/passent\/wp-json\/wp\/v2\/posts\/1223"}],"collection":[{"href":"https:\/\/blog.polityka.pl\/passent\/wp-json\/wp\/v2\/posts"}],"about":[{"href":"https:\/\/blog.polityka.pl\/passent\/wp-json\/wp\/v2\/types\/post"}],"author":[{"embeddable":true,"href":"https:\/\/blog.polityka.pl\/passent\/wp-json\/wp\/v2\/users\/4"}],"replies":[{"embeddable":true,"href":"https:\/\/blog.polityka.pl\/passent\/wp-json\/wp\/v2\/comments?post=1223"}],"version-history":[{"count":4,"href":"https:\/\/blog.polityka.pl\/passent\/wp-json\/wp\/v2\/posts\/1223\/revisions"}],"predecessor-version":[{"id":1227,"href":"https:\/\/blog.polityka.pl\/passent\/wp-json\/wp\/v2\/posts\/1223\/revisions\/1227"}],"wp:attachment":[{"href":"https:\/\/blog.polityka.pl\/passent\/wp-json\/wp\/v2\/media?parent=1223"}],"wp:term":[{"taxonomy":"category","embeddable":true,"href":"https:\/\/blog.polityka.pl\/passent\/wp-json\/wp\/v2\/categories?post=1223"},{"taxonomy":"post_tag","embeddable":true,"href":"https:\/\/blog.polityka.pl\/passent\/wp-json\/wp\/v2\/tags?post=1223"}],"curies":[{"name":"wp","href":"https:\/\/api.w.org\/{rel}","templated":true}]}}