
{"id":1228,"date":"2011-12-13T22:46:09","date_gmt":"2011-12-13T21:46:09","guid":{"rendered":"http:\/\/passent.blog.polityka.pl\/?p=1228"},"modified":"2011-12-13T22:46:09","modified_gmt":"2011-12-13T21:46:09","slug":"wojna-polsko-kaczynska","status":"publish","type":"post","link":"https:\/\/blog.polityka.pl\/passent\/2011\/12\/13\/wojna-polsko-kaczynska\/","title":{"rendered":"Wojna polsko &#8211; kaczy\u0144ska"},"content":{"rendered":"<p>Trzydzie\u015bci lat min\u0119\u0142o i\u00a0 mamy wojn\u0119 polsko \u2013 kaczy\u0144sk\u0105.<\/p>\n<p>Prezes PiS w otoczeniu kilku tysi\u0119cy swoich zwolennik\u00f3w urz\u0105dzili tak modn\u0105 dzi\u015b rekonstrukcj\u0119, zmieniaj\u0105c wojn\u0119 polsko \u2013 jaruzelsk\u0105 w wojn\u0119 polsko \u2013 sikorsk\u0105. Do samego wydarzenia, to jest do manifestacji, nie przyk\u0142ada\u0142bym wielkiego znaczenia. Oczekiwa\u0142em, \u017ce we\u017amie w\u00a0 niej udzia\u0142 kilkadziesi\u0105t, a nie kilka tysi\u0119cy uczestnik\u00f3w. Prezes chyba\u00a0 jest zawiedziony.<\/p>\n<p>W kraju demokratycznym, pokojowa demonstracja i wiec pod pomnikiem marsza\u0142ka Pi\u0142sudskiego nie s\u0105 niczym niezwyk\u0142ym. To w lepszym tonie ni\u017c walka krzy\u017cem przed Pa\u0142acem Prezydenckim. Nie pierwsza to i nie ostatnia demonstracja. Ze strony Jaros\u0142awa Kaczy\u0144skiego jest to akt desperacji, czuje si\u0119 on wzi\u0119ty w dwa ognie. Z jednej strony ma przeciwko sobie centrum (Platforma) i lewic\u0119. Z drugiej, prawej\u00a0 \u2013 Ziobr\u0119 i Marka Jurka, kt\u00f3rzy zapowiadaj\u0105 blisk\u0105 wsp\u00f3\u0142prac\u0119, a mo\u017ce nawet utworzenie jednej partii. Nie mo\u017cna ju\u017c nawet liczy\u0107 na biskup\u00f3w.<\/p>\n<p>W tej sytuacji prezes czuje si\u0119 osaczony. Jego klub parlamentarny topnieje, jego mit genialnego stratega jest ju\u017c kwestionowany nie tylko przez \u201euk\u0142ad\u201d,\u00a0 ale i przez wczorajszych dworzan. Nic dziwnego, \u017ce prezes pr\u0119\u017cy musku\u0142y, wyprowadza ludzi na ulic\u0119, stara si\u0119 ich mobilizowa\u0107, wzywa do walki. Przeciwko komu ludzie prezesa manifestuj\u0105 w rocznic\u0119 stanu wojennego? Przeciwko Bre\u017cniewowi i Jaruzelskiemu? \u2013 Nie, tych ju\u017c nie ma. A wi\u0119c przeciwko nowym sprzedawczykom, kt\u00f3rzy z \u201eobcej\u201d (jak powiedzia\u0142) inspiracji\u00a0 zagra\u017caj\u0105 Polsce. Has\u0142a w rodzaju \u201ePo naszym trupie\u201d, \u201eTu jest Polska\u201d, \u201ePrecz z komun\u0105\u201d, \u201eHerr Tusk i Herr Sikorski\u201d, chyba jednak nie \u201eobudz\u0105 Polski\u201d. Prezes zako\u0144czy\u0142 swoje przem\u00f3wienie wezwaniem \u201eObud\u017a si\u0119, Polsko!\u201d. Dla niego normalny, demokratyczny, europejski kraj, kt\u00f3rego gospodarka si\u0119 rozwija, w kt\u00f3rym panuje kruchy, bo kruchy, ale jednak spok\u00f3j spo\u0142eczny, kt\u00f3ry pe\u0142ni prezydencj\u0119 w Unii Europejskiej i stara si\u0119 nie utraci\u0107 znaczenia w szybko zmieniaj\u0105cej si\u0119 Europie, kt\u00f3ry zaczyna bolesny\u00a0 proces reform \u2013 taki kraj \u015bpi.<\/p>\n<p>Czym\u017ce wi\u0119c mia\u0142oby by\u0107 owo wymarzone przebudzenie?\u00a0 Co PiS ma do zaproponowania, poza tym, \u017ceby Polska by\u0142a Polsk\u0105? Bojkot prezydenta i rz\u0105du, legalnie wybranych w\u0142adz, ignorowanie zmian w Europie, odrzucenie solidarno\u015bci z krajami naszego kontynentu, zamro\u017cenie stosunk\u00f3w z Rosj\u0105, a w kraju marsze bezrobotnych, oburzonych, bezdomnych g\u0142odnych. Taka katastrofa by\u0142aby bardzo przyjemna. Do tego wojna z uk\u0142adem, awantura o Smole\u0144sk, trybuna\u0142 dla Tuska, Sikorskiego i innych Targowiczan, pacho\u0142k\u00f3w Rosji i Niemiec,\u00a0 sprawc\u00f3w zamachu, kt\u00f3rzy maj\u0105 na r\u0119kach krew prezydenta. To nie jest \u017caden program. Tej pustki nie zag\u0142uszy \u017cadna manifestacja. W tym sensie prezes toczy wojn\u0119 polsko \u2013 Kaczy\u0144sk\u0105.<\/p>\n<p>Jeszcze kilka miesi\u0119cy, a 1 sierpnia\u00a0\u00a0 Prawo i Sprawiedliwo\u015b\u0107 zorganizuje manifestacj\u0119 przeciwko okupantom, kt\u00f3rzy rozsiedli si\u0119 na Zamku, w Belwederze, w Alejach Ujazdowskich i na Wiejskiej.\u00a0 B\u0119dzie to godne uczczenie Powstania Warszawskiego.<\/p>\n","protected":false},"excerpt":{"rendered":"<p>Trzydzie\u015bci lat min\u0119\u0142o i\u00a0 mamy wojn\u0119 polsko \u2013 kaczy\u0144sk\u0105. Prezes PiS w otoczeniu kilku tysi\u0119cy swoich zwolennik\u00f3w urz\u0105dzili tak modn\u0105 dzi\u015b rekonstrukcj\u0119, zmieniaj\u0105c wojn\u0119 polsko \u2013 jaruzelsk\u0105 w wojn\u0119 polsko \u2013 sikorsk\u0105. Do samego wydarzenia, to jest do manifestacji, nie przyk\u0142ada\u0142bym wielkiego znaczenia. Oczekiwa\u0142em, \u017ce we\u017amie w\u00a0 niej udzia\u0142 kilkadziesi\u0105t, a nie kilka tysi\u0119cy uczestnik\u00f3w. [&hellip;]<\/p>\n","protected":false},"author":4,"featured_media":0,"comment_status":"open","ping_status":"open","sticky":false,"template":"","format":"standard","meta":{"footnotes":""},"categories":[1],"tags":[],"_links":{"self":[{"href":"https:\/\/blog.polityka.pl\/passent\/wp-json\/wp\/v2\/posts\/1228"}],"collection":[{"href":"https:\/\/blog.polityka.pl\/passent\/wp-json\/wp\/v2\/posts"}],"about":[{"href":"https:\/\/blog.polityka.pl\/passent\/wp-json\/wp\/v2\/types\/post"}],"author":[{"embeddable":true,"href":"https:\/\/blog.polityka.pl\/passent\/wp-json\/wp\/v2\/users\/4"}],"replies":[{"embeddable":true,"href":"https:\/\/blog.polityka.pl\/passent\/wp-json\/wp\/v2\/comments?post=1228"}],"version-history":[{"count":2,"href":"https:\/\/blog.polityka.pl\/passent\/wp-json\/wp\/v2\/posts\/1228\/revisions"}],"predecessor-version":[{"id":1230,"href":"https:\/\/blog.polityka.pl\/passent\/wp-json\/wp\/v2\/posts\/1228\/revisions\/1230"}],"wp:attachment":[{"href":"https:\/\/blog.polityka.pl\/passent\/wp-json\/wp\/v2\/media?parent=1228"}],"wp:term":[{"taxonomy":"category","embeddable":true,"href":"https:\/\/blog.polityka.pl\/passent\/wp-json\/wp\/v2\/categories?post=1228"},{"taxonomy":"post_tag","embeddable":true,"href":"https:\/\/blog.polityka.pl\/passent\/wp-json\/wp\/v2\/tags?post=1228"}],"curies":[{"name":"wp","href":"https:\/\/api.w.org\/{rel}","templated":true}]}}