
{"id":123,"date":"2006-09-04T10:12:23","date_gmt":"2006-09-04T08:12:23","guid":{"rendered":"http:\/\/passent.blog.polityka.pl\/?p=123"},"modified":"2006-09-04T10:16:51","modified_gmt":"2006-09-04T08:16:51","slug":"pierwszy-gej-iv-rp","status":"publish","type":"post","link":"https:\/\/blog.polityka.pl\/passent\/2006\/09\/04\/pierwszy-gej-iv-rp\/","title":{"rendered":"Pierwszy gej IV RP"},"content":{"rendered":"<p>Koniec ubieg\u0142ego tygodnia sp\u0119dzi\u0142em na poszukiwaniu homoseksualist\u00f3w na wysokich stanowiskach w \u017cyciu publicznym, tak\u017ce tych z prawej strony, nie tylko z lewej, gdzie jest ich zatrz\u0119sienie. Spiesz\u0119 donie\u015b\u0107, \u017ce poszukiwania moje zosta\u0142y uwie\u0144czone powodzeniem!<\/p>\n<p>Cynk przyszed\u0142 z Brukseli. W ramach\u00a0 podbijania Europy premier Jaros\u0142aw Kaczy\u0144ski zapewnia\u0142 tam, \u017ce homoseksualistom w Polsce nie dzieje si\u0119 \u017cadna krzywda,\u00a0s\u0105 tak\u017ce w\u015br\u00f3d prawicowych polityk\u00f3w. \u201eNie ma dla nich ogranicze\u0144 w awansie politycznym. W Polsce ludzie tej opcji zajmuj\u0105 wysokie stanowiska w \u017cyciu publicznym, i \u017ceby by\u0142o jasne: to s\u0105 ludzie tak\u017ce prawej strony, nie tylko lewej.\u201d\u00a0<\/p>\n<p>Poniewa\u017c bycie homoseksualist\u0105 nie jest ju\u017c w Polsce niczym uw\u0142aczaj\u0105cym, a nawet nie jest przeszkod\u0105 w karierze politycznej, zacz\u0105\u0142em szuka\u0107 dowod\u00f3w. By\u0142by\u017c to Wojciech Wierzejski?\u00a0Jaros\u0142aw Kurski? Roman Giertych? A mo\u017ce premier m\u00f3wi\u0142 \u201etak w og\u00f3le\u201d, nie maj\u0105c na my\u015bli konkretnej osoby? Miarodajny w sprawie intencji premiera Adam Lipi\u0144ski powiedzia\u0142 \u201eDziennikowi\u201d, \u017ce Kaczy\u0144ski mia\u0142 na my\u015bli konkretne osoby: \u201ePremier ma wiedz\u0119 \u015brodowiskow\u0105. Funkcjonowa\u0142 w \u015brodowisku warszawskim.\u201d Sam Lipi\u0144ski \u201ema wiedz\u0119 na ten temat, nawet szczeg\u00f3\u0142ow\u0105\u201d, ale z terenu Wroc\u0142awia.\u00a0Premier wie, kto jest homoseksualist\u0105 \u2013 zapewnia\u0142 europose\u0142 Macin Libicki. \u201eJak by\u0142em w MSZ to wiedzia\u0142em, kto jest jakiej preferencji\u201d \u2013 zapewnia europose\u0142 (podobno liberalnej) Platformy, B. Sonik.<\/p>\n<p>Jednak\u017ce nie wszyscy\u00a0uwa\u017caj\u0105, \u017ce premier wie o czym (a zw\u0142aszcza o kim) m\u00f3wi. Jeden z pos\u0142\u00f3w LPR \u201eby\u0142 bardzo oburzony i zapyta\u0142 mnie, sk\u0105d premier niby to wie i czy sam sprawdza\u0142\u201d \u2013 pisze korespondentka \u201eDziennika\u201d. Nic dziwnego, \u017ce deputowany z LPR jest wzburzony. Czekamy na o\u015bwiadczenie Wojciecha Wierzejskiego, \u017ce &#8211; m\u00f3wi\u0105c o gejach na prawicy\u00a0&#8211; premier nie m\u00f3g\u0142 mie\u0107 na my\u015bli LPR.<\/p>\n<p>Niedowiarkom takim jak ja nie wystarcz\u0105 jednak og\u00f3lnikowe zapewnienia. Przypominaj\u0105 one deklaracje\u00a0w rodzaju: \u201eNie jestem homofobem \u2013 niekt\u00f3rzy z moich najlepszych przyjaci\u00f3\u0142 s\u0105 gejami.\u00a0Nie jestem mizoginist\u0105 \u2013 niekt\u00f3re moje najlepsze przyjaci\u00f3\u0142ki s\u0105 kobietami (a inne \u2013 m\u0119\u017cczyznami). Nie jestem\u00a0antysemit\u0105 \u2013 niekt\u00f3rzy z moich najlepszych przyjaci\u00f3\u0142 s\u0105 \u017bydami\u2026\u201d<\/p>\n<p>Nadal wi\u0119c poszukiwa\u0142em\u00a0na prawicy geja, przed kt\u00f3rym kariera stoi otworem. S\u0105 ludzie, kt\u00f3rzy potrafi\u0105 odr\u00f3\u017cni\u0107 geja ju\u017c na pierwszy rzut oka. Podobnie jak eurodeputowany\u00a0 Sonik, ja te\u017c \u201eby\u0142em w MSZ\u201d, nawet pi\u0119\u0107 lat, i nie zauwa\u017cy\u0142em kto jest jakiej orientacji. Mo\u017ce jestem \u015blepy? Dlatego wola\u0142bym, \u017ceby do mnie m\u00f3wi\u0107 \u015bmia\u0142o i po nazwiskach, w\u00f3wczas oficjalne zapewnienia by\u0142yby bardziej wiarygodne. Po wypowiedzi premiera\u00a0 nieustannie szuka\u0142em geja, a\u017c wreszcie s\u0142ysz\u0119 wo\u0142anie \u017cony, kt\u00f3ra ogl\u0105da\u0142a transmisj\u0119 z festiwalu TVN w Sopocie. \u2013 By\u0142by\u017c to ten z w\u0105sami? \u2013 zapyta\u0142em. To niemo\u017cliwe, on ma siedmioro dzieci! \u2013 Nie, ten bez w\u0105s\u00f3w \u2013 brzmia\u0142a odpowied\u017a.\u00a0Powiem wi\u0119c\u00a0\u015bmia\u0142o i po nazwisku: to Elton John. Gej? \u2013 Gej. Zrobi\u0142 karier\u0119? \u2013 Zrobi\u0142. \u2013 Walczy\u0142 z komun\u0105? \u2013 Walczy\u0142.\u00a0By\u0142 w Gda\u0144sku kiedy trzeba by\u0142o? \u2013 By\u0142. Ujawni\u0142 swoj\u0105 opcj\u0119? \u2013 Ujawni\u0142. \u2013 Spotka\u0142y go represje? \u2013 \u017badne. \u2013 Uprawia polityk\u0119? \u2013 Uprawia, bo inaczej nie wtr\u0105ca\u0142by si\u0119 w nasze wewn\u0119trzne sprawy. U\u015bcisn\u0105\u0142 prawic\u0119? U\u015bcisn\u0105\u0142, tyle \u017ce\u00a0nie t\u0119 rz\u0105dz\u0105ca.\u00a0Ale\u00a0 najwa\u017cniejsze, \u017ce premier mia\u0142 racj\u0119:\u00a0Gej mo\u017ce u nas zaj\u015b\u0107 wysoko.<\/p>\n","protected":false},"excerpt":{"rendered":"<p>Koniec ubieg\u0142ego tygodnia sp\u0119dzi\u0142em na poszukiwaniu homoseksualist\u00f3w na wysokich stanowiskach w \u017cyciu publicznym, tak\u017ce tych z prawej strony, nie tylko z lewej, gdzie jest ich zatrz\u0119sienie. Spiesz\u0119 donie\u015b\u0107, \u017ce poszukiwania moje zosta\u0142y uwie\u0144czone powodzeniem! Cynk przyszed\u0142 z Brukseli. W ramach\u00a0 podbijania Europy premier Jaros\u0142aw Kaczy\u0144ski zapewnia\u0142 tam, \u017ce homoseksualistom w Polsce nie dzieje si\u0119 \u017cadna [&hellip;]<\/p>\n","protected":false},"author":4,"featured_media":0,"comment_status":"open","ping_status":"open","sticky":false,"template":"","format":"standard","meta":{"footnotes":""},"categories":[1],"tags":[],"_links":{"self":[{"href":"https:\/\/blog.polityka.pl\/passent\/wp-json\/wp\/v2\/posts\/123"}],"collection":[{"href":"https:\/\/blog.polityka.pl\/passent\/wp-json\/wp\/v2\/posts"}],"about":[{"href":"https:\/\/blog.polityka.pl\/passent\/wp-json\/wp\/v2\/types\/post"}],"author":[{"embeddable":true,"href":"https:\/\/blog.polityka.pl\/passent\/wp-json\/wp\/v2\/users\/4"}],"replies":[{"embeddable":true,"href":"https:\/\/blog.polityka.pl\/passent\/wp-json\/wp\/v2\/comments?post=123"}],"version-history":[{"count":0,"href":"https:\/\/blog.polityka.pl\/passent\/wp-json\/wp\/v2\/posts\/123\/revisions"}],"wp:attachment":[{"href":"https:\/\/blog.polityka.pl\/passent\/wp-json\/wp\/v2\/media?parent=123"}],"wp:term":[{"taxonomy":"category","embeddable":true,"href":"https:\/\/blog.polityka.pl\/passent\/wp-json\/wp\/v2\/categories?post=123"},{"taxonomy":"post_tag","embeddable":true,"href":"https:\/\/blog.polityka.pl\/passent\/wp-json\/wp\/v2\/tags?post=123"}],"curies":[{"name":"wp","href":"https:\/\/api.w.org\/{rel}","templated":true}]}}