
{"id":1245,"date":"2012-01-02T23:02:02","date_gmt":"2012-01-02T22:02:02","guid":{"rendered":"http:\/\/passent.blog.polityka.pl\/?p=1245"},"modified":"2012-01-30T17:13:09","modified_gmt":"2012-01-30T16:13:09","slug":"gorzkie-lekarstwo","status":"publish","type":"post","link":"https:\/\/blog.polityka.pl\/passent\/2012\/01\/02\/gorzkie-lekarstwo\/","title":{"rendered":"Gorzkie lekarstwo"},"content":{"rendered":"<p>Ciekawe, jaka znajdzie si\u0119 recepta na \u201ekryzys farmakologiczny\u201d. Do\u015bwiadczenie ka\u017ce oczekiwa\u0107, \u017ce w sprawie refundacji, konflikt\u00f3w rz\u0105d \u2013 lekarze \u2013 aptekarze \u2013 koncerny \u2013 pacjenci, w ko\u0144cu dojdzie do jakiego\u015b modus vivendi. Ale straty b\u0119d\u0105 nie tylko w bud\u017cecie, przegrany b\u0119dzie przede wszystkim rz\u0105d i Platforma, zw\u0142aszcza minister Ar\u0142ukowicz, marsza\u0142ek Ewa Kopacz i premier Tusk.<!--more-->Od czasu sporu o\u00a0 OFE\u00a0 jest to najpowa\u017cniejsza rafa na jak\u0105 wpad\u0142 rz\u0105d. Problematyka jest zbyt z\u0142o\u017cona, \u017ceby m\u00f3g\u0142 j\u0105 poj\u0105\u0107 zwyk\u0142y obywatel, ale on wie jedno: recepta z piecz\u0105tk\u0105 mo\u017ce oznacza\u0107 uderzenie po kieszeni. Dla przeci\u0119tnego cz\u0142owieka \u2013 winien jest rz\u0105d. Lekarze i farmaceuci ciesz\u0105 si\u0119 wi\u0119kszym zaufaniem ni\u017c politycy, nawet tak popularni, jak Donald Tusk. Minister Ar\u0142ukowicz jest w trudnej sytuacji \u2013 g\u0142osowa\u0142 przeciwko projektowi ustawy, kt\u00f3r\u0105 teraz realizuje, a jego poprzedniczka na tym stanowisku awansowa\u0142a na stanowiska marsza\u0142ka Sejmu \u2013 nie mo\u017ce obarcza\u0107 jej odpowiedzialno\u015bci\u0105. Poniewa\u017c pani Kopacz awansowa\u0142a z woli samego Donalda Tuska, a Bartosz Ar\u0142ukowicz by\u0142 tego\u017c Tuska\u00a0 cenn\u0105 zdobycz\u0105 w walce z SLD\u00a0 \u2013 mamy kryzys na najwy\u017cszych pi\u0119trach\u00a0 w\u0142adzy.<\/p>\n<p>Kryzys jest dla rz\u0105du tym bardziej dotkliwy, \u017ce nie dotyczy spraw abstrakcyjnych, jak krzy\u017c w Sejmie, Unia Europejska, OFE,\u00a0 ale tego, co dla rz\u0105du Donalda Tuska najwa\u017cniejsze \u2013 \u201eciep\u0142ej wody w kranach\u201d, czyli codziennego funkcjonowania pa\u0144stwa. I to w dziedzinie tak newralgicznej, jak ochrona zdrowia i bud\u017cet\u00f3w rodzinnych. W takich opa\u0142ach premier Tusk chyba jeszcze nie by\u0142. Katastrofa smole\u0144ska by\u0142a jednak w pewnym stopniu zdarzeniem losowym, na terenie innego kraju. Obecne problemy mog\u0105 by\u0107 od pocz\u0105tku do ko\u0144ca przypisane rz\u0105dowi. To du\u017cy prezent dla opozycji.<\/p>\n<p>Jak zachowa si\u0119 w tej sprawie PSL? Kryzys farmakologiczny przychodzi w momencie, gdy rz\u0105d ma bezpieczn\u0105 wi\u0119kszo\u015b\u0107 w Sejmie, ale jest w sytuacji, kiedy koalicja b\u0119dzie przechodzi\u0142a kolejne pr\u00f3by: zr\u00f3wnanie i wyd\u0142u\u017cenie wieku potrzebnego do emerytury, sk\u0142adki zdrowotne od rolnik\u00f3w, becikowe \u2013 to wszystko sprawy dotycz\u0105ce milion\u00f3w wyborc\u00f3w. Jeszcze nie tym razem, ale wida\u0107, \u017ce przysz\u0142o\u015b\u0107 tego rz\u0105du nie jest taka pewna. Rz\u0105d mo\u017ce przegra\u0107. Z kim? Z samym sob\u0105.\u00a0 Recepta na kryzys mo\u017ce zosta\u0107 wypisana na kartce wyborczej. Lekarstwo b\u0119dzie gorzkie.<\/p>\n","protected":false},"excerpt":{"rendered":"<p>Ciekawe, jaka znajdzie si\u0119 recepta na \u201ekryzys farmakologiczny\u201d. Do\u015bwiadczenie ka\u017ce oczekiwa\u0107, \u017ce w sprawie refundacji, konflikt\u00f3w rz\u0105d \u2013 lekarze \u2013 aptekarze \u2013 koncerny \u2013 pacjenci, w ko\u0144cu dojdzie do jakiego\u015b modus vivendi. Ale straty b\u0119d\u0105 nie tylko w bud\u017cecie, przegrany b\u0119dzie przede wszystkim rz\u0105d i Platforma, zw\u0142aszcza minister Ar\u0142ukowicz, marsza\u0142ek Ewa Kopacz i premier Tusk.<\/p>\n","protected":false},"author":4,"featured_media":0,"comment_status":"open","ping_status":"open","sticky":false,"template":"","format":"standard","meta":{"footnotes":""},"categories":[1],"tags":[],"_links":{"self":[{"href":"https:\/\/blog.polityka.pl\/passent\/wp-json\/wp\/v2\/posts\/1245"}],"collection":[{"href":"https:\/\/blog.polityka.pl\/passent\/wp-json\/wp\/v2\/posts"}],"about":[{"href":"https:\/\/blog.polityka.pl\/passent\/wp-json\/wp\/v2\/types\/post"}],"author":[{"embeddable":true,"href":"https:\/\/blog.polityka.pl\/passent\/wp-json\/wp\/v2\/users\/4"}],"replies":[{"embeddable":true,"href":"https:\/\/blog.polityka.pl\/passent\/wp-json\/wp\/v2\/comments?post=1245"}],"version-history":[{"count":3,"href":"https:\/\/blog.polityka.pl\/passent\/wp-json\/wp\/v2\/posts\/1245\/revisions"}],"predecessor-version":[{"id":1310,"href":"https:\/\/blog.polityka.pl\/passent\/wp-json\/wp\/v2\/posts\/1245\/revisions\/1310"}],"wp:attachment":[{"href":"https:\/\/blog.polityka.pl\/passent\/wp-json\/wp\/v2\/media?parent=1245"}],"wp:term":[{"taxonomy":"category","embeddable":true,"href":"https:\/\/blog.polityka.pl\/passent\/wp-json\/wp\/v2\/categories?post=1245"},{"taxonomy":"post_tag","embeddable":true,"href":"https:\/\/blog.polityka.pl\/passent\/wp-json\/wp\/v2\/tags?post=1245"}],"curies":[{"name":"wp","href":"https:\/\/api.w.org\/{rel}","templated":true}]}}