
{"id":1251,"date":"2012-01-11T23:49:20","date_gmt":"2012-01-11T22:49:20","guid":{"rendered":"http:\/\/passent.blog.polityka.pl\/?p=1251"},"modified":"2012-01-30T17:12:43","modified_gmt":"2012-01-30T16:12:43","slug":"bez-wodki-nie-rozbieriosz","status":"publish","type":"post","link":"https:\/\/blog.polityka.pl\/passent\/2012\/01\/11\/bez-wodki-nie-rozbieriosz\/","title":{"rendered":"Bez wodki nie rozbieriosz"},"content":{"rendered":"<p>Nie ka\u017cdy jest Janin\u0105 Paradowsk\u0105, dla kt\u00f3rej \u017cycie polityczne nie ma tajemnic. Ja, obserwuj\u0105c to, co si\u0119 dzieje,\u00a0 nie zawsze rozumiem o co chodzi, nie zawsze umiem sobie wyrobi\u0107 stanowisko. Kiedy Jaros\u0142aw Kaczy\u0144ski wzywa Donalda Tuska, \u017ceby wr\u00f3ci\u0142 z urlopu i \u201epodj\u0105\u0142 obowi\u0105zki\u201d premiera, to rozumiem, \u017ce jest to zwyk\u0142a zagrywka pod publiczk\u0119, \u017ce niby premier \u015blizga si\u0119 na nartach, a Polska chyli si\u0119 ku upadkowi. (Na szcz\u0119\u015bcie prezes PiS jest zawsze na posterunku\u2026).<!--more--><\/p>\n<p>Kiedy Stefan Niesio\u0142owski m\u00f3wi, \u017ce Kaczy\u0144ski to \u201e\u017ca\u0142osny nieuk\u201d, bo nie wie, kto napisa\u0142 piosenk\u0119 \u201eCysorz to ma klawe \u017cycie\u201d, to uwa\u017cam, \u017ce pan profesor przesadza. Kaczy\u0144ski nie jest taki uczony jak Niesio\u0142owski, ale jest znacznie powy\u017cej swoich koleg\u00f3w i kole\u017canek z klubu poselskiego PiS. Kaczy\u0144ski jest inteligentem, jego najbli\u017csze otoczenie do tego poziomu nie dorasta. Kiedy Niesio\u0142owski twierdzi, \u017ce Kaczy\u0144skiego\u00a0 nale\u017cy \u201ewyeliminowa\u0107\u201d z polskiej polityki, to co\u015b si\u0119 we mnie buntuje przeciwko s\u0142owu \u201ewyeliminowa\u0107\u201d. Podobnie jak prof. Niesio\u0142owski s\u0105dz\u0119, \u017ce Kaczy\u0144ski jest szkodnikiem, ch\u0119tnie widz\u0119 ograniczenie jego roli, ale wol\u0119 termin \u201eunieszkodliwienie\u201d ni\u017c \u201ewyeliminowanie\u201d. Niech sobie b\u0119dzie \u2013 byle nie rz\u0105dzi\u0142. A to wcale nie jest takie pewne, bo Kaczor mo\u017ce wr\u00f3ci\u0107, jest os\u0142abiony, ale nie rozbrojony, to niewypa\u0142, ale niewypa\u0142y bywaj\u0105 gro\u017ane.<\/p>\n<p>Wracaj\u0105c do naszego \u017cycia politycznego. Dwa g\u0142\u00f3wne tematy dnia \u2013 refundacja i prokuratura \u2013 s\u0105 tak skomplikowane, \u017ce \u201ebez wodki nie rozbieriosz\u201d. W sprawie refundacji mamy do czynienia z niedopracowan\u0105 ustaw\u0105, nie uzgodnion\u0105 z poszczeg\u00f3lnymi \u015brodowiskami jej implementacj\u0105, ale mamy tak\u017ce gr\u0119 interes\u00f3w poszczeg\u00f3lnych \u015brodowisk. Konia z rz\u0119dem temu, kto w spos\u00f3b bezstronny i beznami\u0119tny potrafi powiedzie\u0107, czy dalsze protesty lekarzy i aptekarzy (kt\u00f3rzy mog\u0105 si\u0119 przy\u0142\u0105czy\u0107) s\u0105 uzasadnione. Wygl\u0105da na to, \u017ce ani jedni ani drudzy nie chc\u0105 bra\u0107 odpowiedzialno\u015bci za pieni\u0105dze NFZ, a rz\u0105d nie wie, co zrobi\u0107. Opozycja mo\u017ce zaciera\u0107 r\u0119ce.<\/p>\n<p>W sprawie prokuratury jest r\u00f3wnie \u017ale. Prokurator Generalny w konflikcie ze swoim zast\u0119pc\u0105. W normalnej sytuacji jeden z nich powinien ust\u0105pi\u0107, a najlepiej \u2013 jak powiedzia\u0142 senator Cimoszewicz \u2013 obaj. Jeden i drugi powinien z\u0142o\u017cy\u0107 dymisj\u0119. ALE, tu pojawia si\u0119 jedno ale: prokuratura wojskowa jest na tropie rzekomych\u00a0 powa\u017cnych, wielomilionowych afer, mo\u017ce korupcji, mo\u017ce\u00a0 niegospodarno\u015bci w wojsku. By\u0107 mo\u017ce interes publiczny wymaga, \u017ceby pozwoli\u0107 prokuraturze wojskowej doko\u0144czy\u0107 \u015bledztwa. Mo\u017ce przyj\u0105\u0107, \u017ce jej likwidacja i wcielenie do prokuratury cywilnej nast\u0105pi za kilka lat? Do tego dochodzi w\u0105tek smole\u0144ski, konflikt Seremet \u2013 Parulski, szalone upolitycznienie prokuratury, PiS atakuje\u00a0 gen. Parulskiego, broni prokuratora Pasionka, a gdzie\u015b pomi\u0119dzy nimi dramat prokuratora, kt\u00f3ry organizuje konferencj\u0119 prasow\u0105 bez zgody prze\u0142o\u017conego, nie wytrzymuje tego wszystkiego nerwowo. I do tego od\u017cywaj\u0105 w\u0105tpliwo\u015bci (\u017cywi je np. Leszek Miller), czy s\u0142uszne by\u0142o wydzielenie prokuratury z Ministerstwa Sprawiedliwo\u015bci. Ja uwa\u017cam, \u017ce by\u0142o s\u0142uszne, nie trudno sobie wyobrazi\u0107, co by by\u0142o, gdyby to wszystko podlega\u0142o rz\u0105dowi, ale b\u0105d\u017a tu m\u0105dry\u2026<\/p>\n<p>Im sprawa wa\u017cniejsza \u2013 tym bardziej skomplikowana, tym trudniej zaj\u0105\u0107 stanowisko. Szkoda, \u017ce wszystko nie jest\u00a0 takie proste, jak ataki na Jurka Owsiaka i Wielk\u0105 Orkiestr\u0119 \u015awi\u0105tecznej Pomocy \u2013 tu wszystko jest jasne. Panowie maj\u0105 mu za z\u0142e, \u017ce\u00a0 nie jest \u201esw\u00f3j\u201d i po prostu skr\u0119caj\u0105 si\u0119 z zazdro\u015bci, \u017ce dokona\u0142 czego\u015b wielkiego bez ich b\u0142ogos\u0142awie\u0144stwa. \u017beby wszystkie sprawy\u00a0 by\u0142y takie oczywiste\u2026<\/p>\n<p>***<\/p>\n<p><strong>\u201ePassa\u201d \u2013 opowie\u015b\u0107 biograficzna Daniela Passenta. Rozmawia Jan Ordy\u0144ski<\/strong>.<br \/>\nWydawnictwo Czerwone i Czarne, 2012<\/p>\n<p>Spacer przez ca\u0142e \u017cycie zaczyna si\u0119 od wstrz\u0105saj\u0105cego opisu dzieci\u0144stwa: \u017cydowskie dziecko przechowywane podczas wojny w \u201eszafie\u201d u polskiej rodziny.\u00a0 I paradoks: jego rodzice zostali zadenuncjonowani przez Polak\u00f3w i zamordowani przez Niemc\u00f3w. Nikt nie wie, gdzie i kiedy. Passent m\u00f3wi Janowi Ordy\u0144skiemu: Dzieci\u0144stwo mam amputowane. Od najm\u0142odszych lat by\u0142em pogodzony z tym, \u017ce nie mam Rodzic\u00f3w, a w\u0142a\u015bciwie, \u017ce oni nie \u017cyj\u0105, nie istniej\u0105, \u017ce ich nawet nie pami\u0119tam, \u017ce nie mam \u017cadnej fotografii Matki i tylko jedno zdj\u0119cie Ojca, kt\u00f3re odzyska\u0142em ju\u017c jako cz\u0142owiek doros\u0142y, w Pary\u017cu.<\/p>\n<p>Gdy ko\u0144czy si\u0119 wojenny koszmar, Daniel Passent trafia do rodziny Jakuba i Anny Prawin\u00f3w. Z nimi sp\u0119dza kilka lat w Berlinie, gdzie Jakub Prawin zosta\u0142 szefem Polskiej Misji Wojskowej. Passent m\u00f3wi: Nie b\u0119d\u0119 si\u0119 rozwodzi\u0142 nad tym, co oznacza strata rodzic\u00f3w \u2013 dla nich, zadenuncjowanych i zamordowanych w wieku trzydziestu kilku lat, ani dla mnie, bo takich by\u0142o wielu i na ten temat istnieje ogromna literatura. Chc\u0119 natomiast opowiedzie\u0107 o Prawinach, kt\u00f3rzy mnie wychowali. Spo\u015br\u00f3d wszystkich ludzi, jakich spotka\u0142em w \u017cyciu, Prawin wywar\u0142 na mnie najwi\u0119kszy wp\u0142yw, i tak by\u0142o do lat 70., kiedy pozna\u0142em Agnieszk\u0119 Osieck\u0105.<\/p>\n<p>I zaczyna si\u0119 w \u017cyciu Passenta dobra passa. \u015awietne wykszta\u0142cenie, \u015bwiatowe \u017cycie, ciekawe spotkania. O tym wszystkim opowiada z w\u0142a\u015bciw\u0105 dla siebie swad\u0105 i autoironi\u0105.<\/p>\n<p>Ksi\u0105\u017cka jest pe\u0142na anegdot o ludziach, z kt\u00f3rymi Passent pracowa\u0142, przyja\u017ani\u0142 si\u0119, spotyka\u0142. A by\u0142o ich morze: od wielkich polityk\u00f3w, po pisarzy, artyst\u00f3w, sportowc\u00f3w.\u00a0 Jest te\u017c szczerym rozliczeniem z \u017cycia: przyznaniem si\u0119 do pewnych b\u0142\u0119d\u00f3w, ale te\u017c obron\u0105 wybor\u00f3w moralnych. W biografiach wydawanych w Polsce nie by\u0142o jeszcze tak szczerego rozliczenia.<\/p>\n<p>To niezwyk\u0142y zapis niezwyk\u0142ej biografii. \u015awiadectwo czas\u00f3w i ludzi, kt\u00f3rzy s\u0105 wa\u017cni w \u017cyciu Daniela Passenta, ale te\u017c tworzyli polsk\u0105, i nie tylko polsk\u0105 powojenn\u0105 histori\u0119. Jest te\u017c wielkim uk\u0142onem w stron\u0119 \u201ePolityki\u201d, kt\u00f3ra dla Passenta by\u0142a przez d\u0142ugi czas drugim domem.<\/p>\n<p>Tak o ksi\u0105\u017cce m\u00f3wi sam Passent: Kiedy pi\u0119\u0107 lat temu urodzi\u0142 si\u0119 m\u00f3j wnuk, Kubu\u015b, rozp\u0142aka\u0142em si\u0119 ze szcz\u0119\u015bcia. Dosta\u0142em od \u017cycia wszystko. Pora na rachunek. W gazetach pe\u0142no jest ludzi, kt\u00f3rzy wystawiaj\u0105 rachunki innym. W\u0142asnych nie reguluj\u0105. Ja uwa\u017cam, \u017ce czas si\u0119 pakowa\u0107. Od pewnego czasu Agnieszka Osiecka mia\u0142a w swoim pokoju ma\u0142e zielone pude\u0142ko, a w nim najwa\u017cniejsze dokumenty \u2013 metryk\u0119 urodzenia, za\u015bwiadczenie z banku, akt w\u0142asno\u015bci mieszkania. Ta ksi\u0105\u017cka to moje zielone pude\u0142ko.<\/p>\n<p><a href=\"\/wp-content\/uploads\/2012\/01\/bbCC_Passa_cover.jpg\"><img loading=\"lazy\" decoding=\"async\" class=\"aligncenter size-full wp-image-1256\" title=\"bbCC_Passa_cover\" src=\"\/wp-content\/uploads\/2012\/01\/bbCC_Passa_cover.jpg\" alt=\"\" width=\"350\" height=\"554\" srcset=\"\/passent\/wp-content\/uploads\/2012\/01\/bbCC_Passa_cover.jpg 350w, \/passent\/wp-content\/uploads\/2012\/01\/bbCC_Passa_cover-189x300.jpg 189w\" sizes=\"(max-width: 350px) 100vw, 350px\" \/><\/a><\/p>\n<p>Ksi\u0105\u017cka jest dost\u0119pna w <a href=\"http:\/\/skleppolityki.pl\/pl,product,10963291,daniel,passent,jan,ordynski,passa.html\" target=\"_blank\"><strong>SKLEPIE POLITYKI<\/strong><\/a>.<\/p>\n","protected":false},"excerpt":{"rendered":"<p>Nie ka\u017cdy jest Janin\u0105 Paradowsk\u0105, dla kt\u00f3rej \u017cycie polityczne nie ma tajemnic. Ja, obserwuj\u0105c to, co si\u0119 dzieje,\u00a0 nie zawsze rozumiem o co chodzi, nie zawsze umiem sobie wyrobi\u0107 stanowisko. Kiedy Jaros\u0142aw Kaczy\u0144ski wzywa Donalda Tuska, \u017ceby wr\u00f3ci\u0142 z urlopu i \u201epodj\u0105\u0142 obowi\u0105zki\u201d premiera, to rozumiem, \u017ce jest to zwyk\u0142a zagrywka pod publiczk\u0119, \u017ce niby [&hellip;]<\/p>\n","protected":false},"author":4,"featured_media":0,"comment_status":"open","ping_status":"open","sticky":false,"template":"","format":"standard","meta":{"footnotes":""},"categories":[1],"tags":[],"_links":{"self":[{"href":"https:\/\/blog.polityka.pl\/passent\/wp-json\/wp\/v2\/posts\/1251"}],"collection":[{"href":"https:\/\/blog.polityka.pl\/passent\/wp-json\/wp\/v2\/posts"}],"about":[{"href":"https:\/\/blog.polityka.pl\/passent\/wp-json\/wp\/v2\/types\/post"}],"author":[{"embeddable":true,"href":"https:\/\/blog.polityka.pl\/passent\/wp-json\/wp\/v2\/users\/4"}],"replies":[{"embeddable":true,"href":"https:\/\/blog.polityka.pl\/passent\/wp-json\/wp\/v2\/comments?post=1251"}],"version-history":[{"count":8,"href":"https:\/\/blog.polityka.pl\/passent\/wp-json\/wp\/v2\/posts\/1251\/revisions"}],"predecessor-version":[{"id":1308,"href":"https:\/\/blog.polityka.pl\/passent\/wp-json\/wp\/v2\/posts\/1251\/revisions\/1308"}],"wp:attachment":[{"href":"https:\/\/blog.polityka.pl\/passent\/wp-json\/wp\/v2\/media?parent=1251"}],"wp:term":[{"taxonomy":"category","embeddable":true,"href":"https:\/\/blog.polityka.pl\/passent\/wp-json\/wp\/v2\/categories?post=1251"},{"taxonomy":"post_tag","embeddable":true,"href":"https:\/\/blog.polityka.pl\/passent\/wp-json\/wp\/v2\/tags?post=1251"}],"curies":[{"name":"wp","href":"https:\/\/api.w.org\/{rel}","templated":true}]}}