
{"id":1267,"date":"2012-01-25T22:22:48","date_gmt":"2012-01-25T21:22:48","guid":{"rendered":"http:\/\/passent.blog.polityka.pl\/?p=1267"},"modified":"2012-01-30T17:11:56","modified_gmt":"2012-01-30T16:11:56","slug":"1267","status":"publish","type":"post","link":"https:\/\/blog.polityka.pl\/passent\/2012\/01\/25\/1267\/","title":{"rendered":"A\u017c tu nagle\u2026"},"content":{"rendered":"<p>W bajkach dla dzieci  bywa tak, \u017ce wszystko jest pi\u0119knie, krasnoludki robi\u0105 swoje, kr\u00f3lewna jest \u015bliczna, Ksi\u0119\u017cyc si\u0119 u\u015bmiecha, panuje pe\u0142na sielanka, a\u017c tu nagle\u2026I tak zdarzy\u0142o si\u0119 w Polsce. Aptekarze ju\u017c nie strajkuj\u0105, Macierewicz na marginesie, gospodarka si\u0119 trzyma, prezydencja zako\u0144czona bez ani jednej wpadki, a\u017c tu nagle pojawi\u0142y si\u0119 ACTA. Na zdrowy rozum sprawa niepoj\u0119ta. Polska nie jest, niestety, du\u017cym producentem produkt\u00f3w intelektualnych \u2013 patent\u00f3w, technologii, przeboj\u00f3w i bestseller\u00f3w, kt\u00f3re by\u0142yby przedmiotem kradzie\u017cy. Nie jeste\u015bmy tak\u017ce jednym z azjatyckich kraj\u00f3w z\u0142odziejskich,    przeciwko kt\u00f3rym skierowane jest porozumienie ACTA. Kradzie\u017c w\u0142asno\u015bci intelektualnej to wa\u017cna sprawa pomi\u0119dzy USA i Chinami, ale nas dotyczy w ma\u0142ym stopniu. Nic dziwnego, \u017ce chocia\u017c w Polsce sprawa nie by\u0142a tajna i dost\u0119p do niej by\u0142 \u2013 nikogo nie poruszy\u0142a.<!--more--><\/p>\n<p>A\u017c tu nagle\u2026 z iskry rozgorza\u0142 p\u0142omie\u0144. Po raz pierwszy od stanu wojennego m\u0142odzie\u017c wysz\u0142a na ulice (pomijam kontrdemonstracj\u0119 \u201ekrzy\u017cow\u0105\u201d na Krakowskim Przedmie\u015bciu). Jeszcze nie by\u0142y to dziesi\u0105tki tysi\u0119cy, ale jednak sprawa okaza\u0142a si\u0119 wa\u017cna. Wa\u017cny jest Internet, wa\u017cna by\u0142a pog\u0142oska, \u017ce dost\u0119p do niego mo\u017ce zosta\u0107 ograniczony, \u017ce ma pojawi\u0107 si\u0119 cenzura, konfiskata, areszty i w og\u00f3le straszne zagro\u017cenie. Okaza\u0142o si\u0119, \u017ce spok\u00f3j, jaki panuje w Polsce, jest kruchy, i wystarczy iskra, \u017ceby postawi\u0107 ludzi na nogi, wyprowadzi\u0107 ich na ulice.<\/p>\n<p>Teraz  jest m\u0105dry Polak po szkodzie i dziennikarze oskar\u017caj\u0105 rz\u0105d, \u017ce procedowa\u0142 spraw\u0119 chy\u0142kiem, potajemnie, bez debaty publicznej etc. Mo\u017ce to i prawda, ale mo\u017ce rz\u0105d uwa\u017ca\u0142, \u017ce to jest sprawa b\u0142aha, nas dotyczy w niewielkim stopniu, zreszt\u0105 by\u0142y inne sprawy, wa\u017cniejsze, gospodarka g\u0142upcze, prezydencja, Bruksela, Euro, Smole\u0144sk, refundacja itd. itp. Kto m\u00f3g\u0142 przypuszcza\u0107, \u017ce akurat ta sprawa wywo\u0142a poruszenie? Minister Zdrojewski zapewni\u0142, \u017ce projekt ACTA rozes\u0142ano do 27 instytucji, w tym do medi\u00f3w, i reakcji w\u0142a\u015bciwie nie by\u0142o. Teraz wida\u0107, \u017ce nie doceniono organizacji i stowarzysze\u0144 obrony praw cz\u0142owieka, ale i one same nie uderza\u0142y na alarm.<\/p>\n<p>W sumie \u2013 dziwna sprawa i nie dziwi\u0119 si\u0119 ministrowi Sikorskiemu, \u017ce nie wie dlaczego wywo\u0142a\u0142a taka reakcj\u0119. Jak w ka\u017cdej katastrofie, przyczyn jest wiele: Ogromna dra\u017cliwo\u015b\u0107 na punkcie Internetu,  wra\u017cliwo\u015b\u0107 na punkcie wolno\u015bci s\u0142owa, zaniedbania informacyjne rz\u0105du (o czym za chwil\u0119), a tak\u017ce pojawienie si\u0119 s\u0142usznej SPRAWY, kt\u00f3rej mo\u017cna broni\u0107, wok\u00f3\u0142 kt\u00f3rej mo\u017cna si\u0119 zjednoczy\u0107 i walczy\u0107 o ni\u0105, tak, jak pokolenie Internetu robi to w wielu krajach, tak jak walczy\u0142a \u201eSolidarno\u015b\u0107\u201d, wreszcie sprawa, przy kt\u00f3rej mogli si\u0119 wykaza\u0107 politycy, kt\u00f3rzy lubi\u0105 jak co\u015b si\u0119 dzieje \u2013 od Palikota do Korwina mikre. Oliwy do ognia dolewaj\u0105 media, kt\u00f3re te\u017c lubi\u0105, jak co\u015b si\u0119 dzieje, no i sam Internet.<\/p>\n<p>Wi\u0119kszo\u015b\u0107 z nas jest zaskoczona, zaskoczony jest te\u017c rz\u0105d. Ka\u017cdy minister m\u00f3wi co\u015b innego. Minister Kultury, Zdrojewski, czuje si\u0119 niewinny \u2013 wszystko wisia\u0142o na stronach,  projekt rozes\u0142ano wg rozdzielnika, wi\u0119c o co chodzi? Premier m\u00f3wi, \u017ce Polska porozumienie podpisze i mo\u017ce grymasi\u0107 w procesie ratyfikacji (nie wiadomo po co, bo ACTA zmieni\u0107 nie mo\u017cna), minister Boni przeprasza za brak konsultacji, minister Gowin m\u00f3wi, \u017ce w tej chwili, czy formie, Polska nie powinna podpisywa\u0107 ACTA, a minister Sikorski uwa\u017ca, \u017ce kto\u015b polsk\u0105 opini\u0119 zdezinformowa\u0142. W to ostatnie \u2013 wierz\u0119, ale nie mo\u017cna wszystkiego sk\u0142ada\u0107 na karb dezinformacji. Powietrze by\u0142o zelektryzowane, rz\u0105d zaspa\u0142 nieprzygotowany, opozycja (z wyj\u0105tkiem SLD) popar\u0142a ACTA, i wystarczy\u0142a iskra, \u017ceby wywo\u0142a\u0107 eksplozj\u0119. Dobra lekcja dla wszystkich.<\/p>\n","protected":false},"excerpt":{"rendered":"<p>W bajkach dla dzieci bywa tak, \u017ce wszystko jest pi\u0119knie, krasnoludki robi\u0105 swoje, kr\u00f3lewna jest \u015bliczna, Ksi\u0119\u017cyc si\u0119 u\u015bmiecha, panuje pe\u0142na sielanka, a\u017c tu nagle\u2026I tak zdarzy\u0142o si\u0119 w Polsce. Aptekarze ju\u017c nie strajkuj\u0105, Macierewicz na marginesie, gospodarka si\u0119 trzyma, prezydencja zako\u0144czona bez ani jednej wpadki, a\u017c tu nagle pojawi\u0142y si\u0119 ACTA. Na zdrowy rozum [&hellip;]<\/p>\n","protected":false},"author":4,"featured_media":0,"comment_status":"open","ping_status":"open","sticky":false,"template":"","format":"standard","meta":{"footnotes":""},"categories":[1],"tags":[],"_links":{"self":[{"href":"https:\/\/blog.polityka.pl\/passent\/wp-json\/wp\/v2\/posts\/1267"}],"collection":[{"href":"https:\/\/blog.polityka.pl\/passent\/wp-json\/wp\/v2\/posts"}],"about":[{"href":"https:\/\/blog.polityka.pl\/passent\/wp-json\/wp\/v2\/types\/post"}],"author":[{"embeddable":true,"href":"https:\/\/blog.polityka.pl\/passent\/wp-json\/wp\/v2\/users\/4"}],"replies":[{"embeddable":true,"href":"https:\/\/blog.polityka.pl\/passent\/wp-json\/wp\/v2\/comments?post=1267"}],"version-history":[{"count":4,"href":"https:\/\/blog.polityka.pl\/passent\/wp-json\/wp\/v2\/posts\/1267\/revisions"}],"predecessor-version":[{"id":1305,"href":"https:\/\/blog.polityka.pl\/passent\/wp-json\/wp\/v2\/posts\/1267\/revisions\/1305"}],"wp:attachment":[{"href":"https:\/\/blog.polityka.pl\/passent\/wp-json\/wp\/v2\/media?parent=1267"}],"wp:term":[{"taxonomy":"category","embeddable":true,"href":"https:\/\/blog.polityka.pl\/passent\/wp-json\/wp\/v2\/categories?post=1267"},{"taxonomy":"post_tag","embeddable":true,"href":"https:\/\/blog.polityka.pl\/passent\/wp-json\/wp\/v2\/tags?post=1267"}],"curies":[{"name":"wp","href":"https:\/\/api.w.org\/{rel}","templated":true}]}}